{"id":31322,"date":"2024-06-12T09:27:26","date_gmt":"2024-06-12T12:27:26","guid":{"rendered":"http:\/\/eenergetica.com.ar\/?p=31322"},"modified":"2024-06-12T09:27:27","modified_gmt":"2024-06-12T12:27:27","slug":"calendario-de-eventos-turisticos-en-la-provincia-de-buenos-aires-del-jueves-13-al-jueves-20-de-junio-de-2024","status":"publish","type":"post","link":"https:\/\/eenergetica.com.ar\/index.php\/2024\/06\/12\/calendario-de-eventos-turisticos-en-la-provincia-de-buenos-aires-del-jueves-13-al-jueves-20-de-junio-de-2024\/","title":{"rendered":"CALENDARIO DE EVENTOS TUR\u00cdSTICOS EN LA PROVINCIA DE BUENOS AIRES Del jueves 13 al jueves 20 de junio de 2024"},"content":{"rendered":"\n<p>En el primer fin de semana largo de junio las visitas guiadas ser\u00e1n las protagonistas de la agenda tur\u00edstica bonaerense, junto con las festividades culturales, tradicionalistas y las exposiciones. ReCreo promocionar\u00e1 los destinos de la Provincia en&nbsp; el Complejo Termal Tapalqu\u00e9; Villa Gesell realizar\u00e1 la Fiesta Provincial La Criolla; Marcos Paz, la Fiesta Popular de la Torta Frita; Bah\u00eda Blanca, el Festival Cultural Oriental; Malvinas Argentinas, la 3\u00b0 Expo Car y Mar Chiquita el Circuito Tur\u00edstico-Ambiental: Bosque, Arroyo y Mar en la villa balnearia La Caleta.<\/p>\n\n\n\n<p>ReCreo itinerante en Tapalqu\u00e9<\/p>\n\n\n\n<p>Del viernes 14 al domingo 16, de 12:00 a 18:00, ReCreo se presenta en el Complejo Termal Tapalqu\u00e9, ubicado en avenida Eva Per\u00f3n y Ruta Provincial 51. Durante tres d\u00edas habr\u00e1 un espacio de recreaci\u00f3n, juegos y premios con propuesta de visitas guiadas en bicicleta por la ciudad, en compa\u00f1\u00eda de gu\u00edas tur\u00edsticos. Actividad organizada en conjunto con la Municipalidad de Tapalqu\u00e9.&nbsp;<\/p>\n\n\n\n<p>FIESTAS POPULARES<\/p>\n\n\n\n<p>VILLA GESELL<\/p>\n\n\n\n<p>Fiesta Provincial La Criolla<\/p>\n\n\n\n<p>ENTRADA GRATUITA<\/p>\n\n\n\n<p>Fecha, hora y lugar: Del s\u00e1bado 15 al lunes 17, desde las 11:00, colectora av. Buenos Aires, acceso norte.<\/p>\n\n\n\n<p>Descripci\u00f3n: M\u00fasica tradicional en vivo, danzas y gastronom\u00eda t\u00edpica como asado, locro y empanadas. ReCreo itinerante acompa\u00f1ar\u00e1 el evento con recreaci\u00f3n, juegos y premios con Entrada gratuita. Organiza la Municipalidad de Villa Gesell.<\/p>\n\n\n\n<p>M\u00e1s informaci\u00f3n: <a href=\"http:\/\/www.instagram.com\/villagesellmunicipio\" target=\"_blank\" rel=\"noreferrer noopener\">www.instagram.com\/villagesellmunicipio<\/a> &#8211; <a href=\"http:\/\/www.facebook.com\/VillaGesellMunicipio\" target=\"_blank\" rel=\"noreferrer noopener\">www.facebook.com\/VillaGesellMunicipio<\/a> &#8211; <a href=\"http:\/\/www.gesell.tur.ar\/eventos\" target=\"_blank\" rel=\"noreferrer noopener\">www.gesell.tur.ar\/eventos<\/a>&nbsp;<\/p>\n\n\n\n<p>MARCOS PAZ<\/p>\n\n\n\n<p>Fiesta Popular de la Torta Frita<\/p>\n\n\n\n<p>ENTRADA GRATUITA<\/p>\n\n\n\n<p>Fecha, hora y lugar: Jueves 20, de 12:00 a 19:00, Paseo de la Estaci\u00f3n, Belgrano n\u00ba 2050.<\/p>\n\n\n\n<p>Descripci\u00f3n: Degustaci\u00f3n de tortas fritas, mate cocido y asado a la estaca. Cantina popular y espect\u00e1culos en vivo. Adem\u00e1s, feria de artesan\u00edas y emprendimientos. Entrada gratuita. Organiza la Municipalidad de Marcos Paz.<\/p>\n\n\n\n<p>M\u00e1s informaci\u00f3n:<a href=\"http:\/\/www.marcospaz.gov.ar\/\" target=\"_blank\" rel=\"noreferrer noopener\"> www.marcospaz.gov.ar<\/a> &#8211;<a href=\"http:\/\/www.fiestaspopulares.marcospaz.gov.ar\/\" target=\"_blank\" rel=\"noreferrer noopener\"> www.fiestaspopulares.marcospaz.gov.<\/a><\/p>\n\n\n\n<p>EVENTOS CULTURALES<\/p>\n\n\n\n<p>MONTE HERMOSO<\/p>\n\n\n\n<p>1\u00ba Monte Escribe, Monte Lee<\/p>\n\n\n\n<p>ENTRADA GRATUITA<\/p>\n\n\n\n<p>Fecha, hora y lugar: S\u00e1bado 15, a las 09:30; y domingo 16, a las 16:00, en diferentes espacios f\u00edsicos de la Ciudad.<\/p>\n\n\n\n<p>Descripci\u00f3n: Talleres de relato breve y literario, presentaci\u00f3n de libros, lectura de producciones y espect\u00e1culos. Links de inscripci\u00f3n:<a href=\"https:\/\/docs.google.com\/forms\/d\/e\/1FAIpQLScurK4z_FGDPqCG-nTutfNKeEAHFMmBPGOcI8U7v3V357vL6Q\/viewform?fbclid=IwZXh0bgNhZW0CMTAAAR36CbbOUFrkPFIqc4Z7SPmeFfkpnThPrHYXUvi9EiE0lvVJflyMW6_J3Ho_aem_Acow-TMHAgMYbju6xVWi_PIwSR8NMEGfJqLG5yQr8LLbYOlaA7iN_084tgHawEFOPtI8XnFjgR4cbu6DQZTLbBGs\" target=\"_blank\" rel=\"noreferrer noopener\"> https:\/\/docs.google.com\/&#8230;\/1FAIpQLScurK4z&#8230;\/viewform<\/a> Entrada gratuita. Organiza la Secretar\u00eda de Turismo y Cultura de la Municipalidad de Monte Hermoso.<\/p>\n\n\n\n<p>M\u00e1s informaci\u00f3n:<a href=\"http:\/\/www.instagram.com\/montehermoso.turismo\" target=\"_blank\" rel=\"noreferrer noopener\"> www.instagram.com\/montehermoso.turismo<\/a> &#8211;<a href=\"http:\/\/www.facebook.com\/TurismoMonteHermoso\" target=\"_blank\" rel=\"noreferrer noopener\"> www.facebook.com\/TurismoMonteHermoso<\/a><\/p>\n\n\n\n<p>BAH\u00cdA BLANCA<\/p>\n\n\n\n<p>Festival de Cultura Oriental<\/p>\n\n\n\n<p>Fecha, hora y lugar: Domingo 16, a las 21:00, Teatro Municipal, Alsina n\u00ba 425.<\/p>\n\n\n\n<p>Descripci\u00f3n: El festival propone una particular mirada hacia Oriente: el movimiento, la m\u00fasica, la poes\u00eda, la gestualidad, la vestimenta. Los artistas en escena formular\u00e1n cuadros coreogr\u00e1ficos grupales e individuales que ir\u00e1n desde lo m\u00e1s tradicional como Bhangra (folklore del Norte de India) al K Pop (m\u00fasica popular actual de Corea). Entrada arancelada. Organiza la Municipalidad de Bah\u00eda Blanca.<\/p>\n\n\n\n<p>M\u00e1s informaci\u00f3n:<a href=\"http:\/\/www.bahia.gob.ar\/agenda\" target=\"_blank\" rel=\"noreferrer noopener\"> www.bahia.gob.ar\/agenda<\/a> &#8211;<a href=\"https:\/\/teatromunicipal.bahia.gob.ar\/agenda\/festival-de-cultura-oriental\/\" target=\"_blank\" rel=\"noreferrer noopener\"> https:\/\/teatromunicipal.bahia.gob.ar\/agenda\/festival-de-cultura-oriental\/<\/a><\/p>\n\n\n\n<p>NECOCHEA<\/p>\n\n\n\n<p>Chocolatada en la Ribera<\/p>\n\n\n\n<p>ACTIVIDAD GRATUITA<\/p>\n\n\n\n<p>Fecha, hora y lugar: Jueves 20, a las 10:00, Zona Posta de la Ribera (km 2,100)&nbsp;&nbsp;<\/p>\n\n\n\n<p>Descripci\u00f3n: Conmemoraci\u00f3n por el D\u00eda de la Bandera a orillas del R\u00edo Quequ\u00e9n, con izamiento del pabell\u00f3n nacional, chocolate caliente y torta. Luego guiada hist\u00f3rica a cargo de la comunidad. Actividad gratuita. Organiza la Municipalidad de Necochea<\/p>\n\n\n\n<p>M\u00e1s informaci\u00f3n: <a href=\"http:\/\/www.instagram.com\/necocheatur\" target=\"_blank\" rel=\"noreferrer noopener\">www.instagram.com\/necocheatur<\/a>&nbsp;<\/p>\n\n\n\n<p>EVENTOS DEPORTIVOS<\/p>\n\n\n\n<p>VILLA GESELL<\/p>\n\n\n\n<p>Dua Gesell<\/p>\n\n\n\n<p>Fecha, hora y lugar: Domingo 15, a las 09:00, desde el aeropuerto local.<\/p>\n\n\n\n<p>Descripci\u00f3n: Tradicional evento deportivo con tres categor\u00edas: individual, parejas y mixto. La competencia contempla 3 kil\u00f3metros de pedestrismo, 20 de ciclismo y&nbsp; finalizar\u00e1 con 3 pedestres. Habr\u00e1 premios y sorteos. Inscripci\u00f3n arancelada el mismo d\u00eda de la carrera en el lugar de la largada. Organiza CFC Deportes junto a la Municipalidad de Villa Gesell.<\/p>\n\n\n\n<p>M\u00e1s informaci\u00f3n:<a href=\"http:\/\/www.gesell.tur.ar\/eventos\/dua-gesell-288C39FB2C\" target=\"_blank\" rel=\"noreferrer noopener\"> www.gesell.tur.ar\/eventos\/dua-gesell-288C39FB2C<\/a> &#8211;<a href=\"http:\/\/www.instagram.com\/maratoncrossvillagesell\" target=\"_blank\" rel=\"noreferrer noopener\"> www.instagram.com\/maratoncrossvillagesell<\/a> &#8211;<a href=\"https:\/\/www.facebook.com\/maratoncroos.villagesell\" target=\"_blank\" rel=\"noreferrer noopener\"> www.facebook.com\/maratoncroos.villagesell<\/a><\/p>\n\n\n\n<p>LA PLATA (Gorina)<\/p>\n\n\n\n<p>Gorina Corre Ultra Trail<\/p>\n\n\n\n<p>Fecha, hora y lugar: Domingo 16, a las 09:00, desde el Parque Estaci\u00f3n Gorina, calle 489 esquina 140 bis.<\/p>\n\n\n\n<p>Descripci\u00f3n: En el marco del aniversario de la localidad de Gorina, se llevar\u00e1 a cabo esta competencia deportiva que contempla dos distancias competitivas de 15 y 8 kil\u00f3metros. Tambi\u00e9n habr\u00e1 una instancia participativa de 2km, y una gratuita de 1km categor\u00eda kids. Inscripci\u00f3n arancelada. Organiza Sincron\u00eda Deportiva y C.O.S.E.G.O. Ltda.<\/p>\n\n\n\n<p>M\u00e1s informaci\u00f3n: <a href=\"http:\/\/www.instagram.com\/sincroniadeportiva\/\" target=\"_blank\" rel=\"noreferrer noopener\">www.instagram.com\/sincroniadeportiva\/<\/a> <a href=\"http:\/\/www.fiestaspopulares.marcospaz.gov.ar\/\" target=\"_blank\" rel=\"noreferrer noopener\">ar<\/a><\/p>\n\n\n\n<p>VISITAS GUIADAS<\/p>\n\n\n\n<p>MAR CHIQUITA (La Caleta)<\/p>\n\n\n\n<p>Circuito Tur\u00edstico &#8211; Ambiental: Bosque, Arroyo y Mar<\/p>\n\n\n\n<p>Fecha, hora y lugar: Viernes 14, a las 16:00, con punto de partida av. Golfo San Jorge y La Fragata, La Caleta.<\/p>\n\n\n\n<p>Descripci\u00f3n: Se recorrer\u00e1 la orilla del arroyo Los Cueros con explicaci\u00f3n sobre flora aut\u00f3ctona y ex\u00f3tica, sobre la fauna de los distintos ambientes y la relaci\u00f3n del turismo responsable con la naturaleza. Actividad gratuita con inscripci\u00f3n previa en las oficinas de Turismo. Organiza la Secretar\u00eda de Turismo y Ambiente de Mar Chiquita.<\/p>\n\n\n\n<p>M\u00e1s informaci\u00f3n: <a href=\"https:\/\/www.instagram.com\/turismo.marchiquita\/\" target=\"_blank\" rel=\"noreferrer noopener\">www.instagram.com\/turismo.marchiquita\/<\/a> &#8211; <a href=\"https:\/\/www.facebook.com\/turismomarchiquita\" target=\"_blank\" rel=\"noreferrer noopener\">www.facebook.com\/turismomarchiquita<\/a>&nbsp;<\/p>\n\n\n\n<p>MAR CHIQUITA (Santa Clara del Mar)<\/p>\n\n\n\n<p>Turi Club<\/p>\n\n\n\n<p>Fecha, hora y lugar: S\u00e1bado 15, a las 14:00, Casa Hist\u00f3rica de la Rotonda del Viejo Contrabandista.&nbsp;<\/p>\n\n\n\n<p>Descripci\u00f3n: Circuito sobre habitantes pioneros de Santa Clara del Mar. A trav\u00e9s de diferentes charlas se narrar\u00e1n los primeros a\u00f1os de la villa balnearia, los or\u00edgenes y las casas hist\u00f3ricas. Durante los encuentros estar\u00e1n productores locales de cerveza artesanal y gastronom\u00eda. Actividad gratuita con inscripci\u00f3n previa en las oficinas de Turismo. Organiza la Secretar\u00eda de Turismo y Ambiente de Mar Chiquita.<\/p>\n\n\n\n<p>M\u00e1s informaci\u00f3n: <a href=\"https:\/\/www.instagram.com\/turismo.marchiquita\/\" target=\"_blank\" rel=\"noreferrer noopener\">www.instagram.com\/turismo.marchiquita\/<\/a> &#8211; <a href=\"https:\/\/www.facebook.com\/turismomarchiquita\" target=\"_blank\" rel=\"noreferrer noopener\">www.facebook.com\/turismomarchiquita<\/a>&nbsp;<\/p>\n\n\n\n<p>LA PLATA<\/p>\n\n\n\n<p>2\u00b0 Especialisimos La Plata \u2013 Museo del Ladrillo<\/p>\n\n\n\n<p>Fecha, hora y lugar: S\u00e1bado 15, a las 15:00, Museo del Ladrillo, 514 e\/ Camino General Belgrano y Camino Centenario.<\/p>\n\n\n\n<p>Descripci\u00f3n: La jornada incluye visita guiada por el museo con la tem\u00e1tica \u201cEl rol de la inmigraci\u00f3n como hacedores de la ciudad\u201d. Se realizar\u00e1 un recorrido hist\u00f3rico con relatos sobre los inmigrantes. Al finalizar, se llevar\u00e1 a cabo una merienda con t\u00e9. Inscripciones previas en <a href=\"https:\/\/bit.ly\/Especial%C3%ADsimos-MuseodelLadrillo\" target=\"_blank\" rel=\"noreferrer noopener\">https:\/\/bit.ly\/Especial\u00edsimos-MuseodelLadrillo<\/a>&nbsp; Actividad arancelada. Organizado por EMATUR en conjunto con la Fundaci\u00f3n Espacio Ctibor.<\/p>\n\n\n\n<p>M\u00e1s informaci\u00f3n: <a href=\"http:\/\/www.facebook.com\/MunicipalidadDeLaPlata\" target=\"_blank\" rel=\"noreferrer noopener\">www.facebook.com\/MunicipalidadDeLaPlata<\/a> &#8211; <a href=\"http:\/\/www.instagram.com\/laplata.ciudad\" target=\"_blank\" rel=\"noreferrer noopener\">www.instagram.com\/laplata.ciudad<\/a>&nbsp;<\/p>\n\n\n\n<p>LOBOS<\/p>\n\n\n\n<p>Visita Guiada por el Casco Hist\u00f3rico<\/p>\n\n\n\n<p>ACTIVIDAD GRATUITA<\/p>\n\n\n\n<p>Fecha, hora y lugar: S\u00e1bado 15 y lunes 17, a las 16:00, desde el Museo Pago de los Lobos.<\/p>\n\n\n\n<p>Descripci\u00f3n: El recorrido invita a caminar las calles de Lobos con un gu\u00eda local. A las 17:00, en Salgado y Belgrano, el periodista Ezequiel Ibrahim desarrollar\u00e1 la charla Telescopio en Plaza 1810. Actividades gratuitas. Organiza la Direcci\u00f3n de Turismo de la Municipalidad de Lobos.<\/p>\n\n\n\n<p>M\u00e1s informaci\u00f3n:<a href=\"http:\/\/www.instagram.com\/turismolobos\" target=\"_blank\" rel=\"noreferrer noopener\"> www.instagram.com\/turismolobos<\/a> &#8211;<a href=\"http:\/\/www.facebook.com\/lobos.turismo\" target=\"_blank\" rel=\"noreferrer noopener\"> www.facebook.com\/lobos.turismo<\/a> &#8211;<a href=\"http:\/\/www.municipiodelobos.gob.ar\/agenda\/?fbclid=IwZXh0bgNhZW0CMTAAAR2TXOX24ytP-JX9VzHGkqdX8rtcagh9Z_pwPsIeqi1--V1e8BIZVNxAA0g_aem_AS29LLxB4L0uKJjyg3v0a6pRiJOP-m7cU0-0mgoVICRoNE7yldqk0h0hE6_bHHOAcSjPf6THTs8rleiFsFv0-jbK\" target=\"_blank\" rel=\"noreferrer noopener\"> www.municipiodelobos.gob.ar\/agenda\/<\/a><\/p>\n\n\n\n<p>JUN\u00cdN<\/p>\n\n\n\n<p>Circuito \u00c1rea Fundacional<\/p>\n\n\n\n<p>ACTIVIDAD GRATUITA<\/p>\n\n\n\n<p>Fecha, hora y lugar: Los d\u00edas 15, 16, 21, 22 y 23, a las 10:00, desde el Centro de Informes Tur\u00edsticos, Mitre n\u00ba 16.<\/p>\n\n\n\n<p>Descripci\u00f3n: Recorrido por el \u00e1rea fundacional para conocer la historia y la arquitectura cercana&nbsp; a la zona c\u00e9ntrica, a cargo de un gu\u00eda habilitado. Actividad gratuita. Organiza la Municipalidad de Jun\u00edn.<\/p>\n\n\n\n<p>M\u00e1s informaci\u00f3n:<a href=\"https:\/\/junin.tur.ar\/events\" target=\"_blank\" rel=\"noreferrer noopener\"> https:\/\/junin.tur.ar\/events<\/a> &#8211;<a href=\"http:\/\/www.instagram.com\/juninturismo\/?g=5\" target=\"_blank\" rel=\"noreferrer noopener\"> www.instagram.com\/juninturismo\/?g=5<\/a><a href=\"http:\/\/www.facebook.com\/turismojunin\" target=\"_blank\" rel=\"noreferrer noopener\"> www.facebook.com\/turismojunin<\/a><\/p>\n\n\n\n<p>NECOCHEA<\/p>\n\n\n\n<p>Museo Ciencias Naturales Tigre Dientes de Sable<\/p>\n\n\n\n<p>ENTRADA GRATUITA<\/p>\n\n\n\n<p>Fecha, hora y lugar: S\u00e1bados 15 y 22, a las 10:00, avenida 10 casi Pinolandia.<\/p>\n\n\n\n<p>Descripci\u00f3n: La guiada tendr\u00e1 como punto de partida la r\u00e9plica de tama\u00f1o real del tigre dientes de sable, hallazgo realizado en 2023. Luego se recorrer\u00e1n las tres&nbsp; salas con las que cuenta el museo: Biolog\u00eda Marina, Paleontolog\u00eda Pampeana y Despertar las Alas. Entrada gratuita. Organiza la Municipalidad de Necochea.<\/p>\n\n\n\n<p>M\u00e1s informaci\u00f3n: <a href=\"https:\/\/www.instagram.com\/necocheatur\" target=\"_blank\" rel=\"noreferrer noopener\">www.instagram.com\/necocheatur<\/a> &#8211; <a href=\"https:\/\/www.facebook.com\/NecocheaTur\" target=\"_blank\" rel=\"noreferrer noopener\">www.facebook.com\/NecocheaTur<\/a>&nbsp;<\/p>\n\n\n\n<p>ESTEBAN ECHEVERR\u00cdA<\/p>\n\n\n\n<p>Casco Hist\u00f3rico Local<\/p>\n\n\n\n<p>ACTIVIDAD GRATUITA<\/p>\n\n\n\n<p>Fecha, hora y lugar: S\u00e1bado 15, a las 15:00; lunes 24 y mi\u00e9rcoles 26, a las 13:00, punto de encuentro Museo Hist\u00f3rico Municipal la Campana.<\/p>\n\n\n\n<p>Descripci\u00f3n: Circuito por el casco hist\u00f3rico local, que incluir\u00e1 la visita a los edificios patrimoniales de la ciudad cabecera. Actividad gratuita. Organiza la Municipalidad de Esteban Echeverr\u00eda.<\/p>\n\n\n\n<p>M\u00e1s informaci\u00f3n: <a href=\"mailto:museolacampana.cultura@estebanecheverria.gob.ar\" target=\"_blank\" rel=\"noreferrer noopener\">museolacampana.cultura@estebanecheverria.gob.ar<\/a>&nbsp;<\/p>\n\n\n\n<p>LOBOS<\/p>\n\n\n\n<p>Patrimonio<\/p>\n\n\n\n<p>ACTIVIDAD GRATUITA<\/p>\n\n\n\n<p>Fecha, hora y lugar: Domingo 16, a las 11:00, desde el Museo Pago de los Lobos.<\/p>\n\n\n\n<p>Descripci\u00f3n: Visita guiada por los Monumentos y Sitios Hist\u00f3ricos Nacionales de la ciudad, acompa\u00f1ada por la gu\u00eda local. Actividad gratuita. Organiza la Direcci\u00f3n de Turismo de la Municipalidad de Lobos.<\/p>\n\n\n\n<p>M\u00e1s informaci\u00f3n:<a href=\"http:\/\/www.instagram.com\/turismolobos\" target=\"_blank\" rel=\"noreferrer noopener\"> www.instagram.com\/turismolobos<\/a> &#8211;<a href=\"http:\/\/www.facebook.com\/lobos.turismo\" target=\"_blank\" rel=\"noreferrer noopener\"> www.facebook.com\/lobos.turismo<\/a> &#8211;<a href=\"http:\/\/www.municipiodelobos.gob.ar\/agenda\/?fbclid=IwZXh0bgNhZW0CMTAAAR2TXOX24ytP-JX9VzHGkqdX8rtcagh9Z_pwPsIeqi1--V1e8BIZVNxAA0g_aem_AS29LLxB4L0uKJjyg3v0a6pRiJOP-m7cU0-0mgoVICRoNE7yldqk0h0hE6_bHHOAcSjPf6THTs8rleiFsFv0-jbK\" target=\"_blank\" rel=\"noreferrer noopener\"> www.municipiodelobos.gob.ar\/agenda\/<\/a><\/p>\n\n\n\n<p>SAAVEDRA (Pig\u00fc\u00e9)<\/p>\n\n\n\n<p>La Historia, sobre Nuestra Historia<\/p>\n\n\n\n<p>Fecha, hora y lugar: Domingo 16, a las 14:00, desde plaza San Mart\u00edn.<\/p>\n\n\n\n<p>Descripci\u00f3n:Circuito por el casco hist\u00f3rico que recorrer\u00e1 los edificios emblem\u00e1ticos de la ciudad, la historia y la preservaci\u00f3n a lo largo del tiempo. Actividad a la gorra. Contacto:(2284) 676541. Organiza Gu\u00eda de turismo local con el acompa\u00f1amiento de la Municipalidad de Saavedra.<\/p>\n\n\n\n<p>M\u00e1s informaci\u00f3n: <a href=\"https:\/\/www.instagram.com\/turismosaavedrapigue\/\" target=\"_blank\" rel=\"noreferrer noopener\">www.instagram.com\/turismosaavedrapigue<\/a><\/p>\n\n\n\n<p>ADOLFO ALSINA (Rivera)&nbsp;<\/p>\n\n\n\n<p>Visita con Historia<\/p>\n\n\n\n<p>Fecha, hora y lugar: Domingo 16 y s\u00e1bado 22,a las 09:00, con salida desde la Secretar\u00eda de Turismo,&nbsp; av. Col\u00f3n n\u00ba 1180.<\/p>\n\n\n\n<p>Descripci\u00f3n: Circuito hist\u00f3rico cultural con visita a la Sinagoga, al Centro Cultural Israelita y a la Escuela Agraria. Almuerzo con comidas t\u00edpicas jud\u00edas. Actividad arancelada. Contacto:(2923) 427092. Organiza el Municipio de Adolfo Alsina.<\/p>\n\n\n\n<p>M\u00e1s informaci\u00f3n:<a href=\"https:\/\/www.adolfoalsina.gov.ar\/agenda\/?fbclid=IwAR27RcS-Lb-b51Zq98SyZR_zafisw0WY6Qim3nkkHJVYXDqRXTs1HyxU9xs\" target=\"_blank\" rel=\"noreferrer noopener\">www.adolfoalsina.gov.ar\/agenda<\/a><\/p>\n\n\n\n<p>JUN\u00cdN (Morse)<\/p>\n\n\n\n<p>Excursi\u00f3n a Morse<\/p>\n\n\n\n<p>Fecha, hora y lugar: Lunes 17 y viernes 21, a las 14:00, con salida desde Mitre 16.<\/p>\n\n\n\n<p>Descripci\u00f3n: Visita a la chacra La Granja, a la Granja Agroecol\u00f3gica \u201cCosecha de Nuestra Huerta\u201d, y al Museo Agropecuario. Guiada por la plaza principal y sus alrededores. La recorrida finalizar\u00e1 con una merienda en el Club Atlanta. Inscripci\u00f3n previa: (2364) 679830. El valor de la actividad es de $12.500 e incluye transporte, gu\u00eda tur\u00edstico y degustaciones. Organiza la Delegaci\u00f3n Municipal de Morse.<\/p>\n\n\n\n<p>M\u00e1s informaci\u00f3n:<a href=\"http:\/\/www.instagram.com\/juninturismo\" target=\"_blank\" rel=\"noreferrer noopener\">www.instagram.com\/juninturismo<\/a>&nbsp;<\/p>\n\n\n\n<p>FERIAS Y EXPOSICIONES<\/p>\n\n\n\n<p>CAMPANA&nbsp;<\/p>\n\n\n\n<p>4\u00b0 Feria Del Libro<\/p>\n\n\n\n<p>ENTRADA GRATUITA<\/p>\n\n\n\n<p>Fecha, hora y lugar: Del viernes 14 al domingo 16, de 10:00 a 20:00, Club Ciudad de Campana.<\/p>\n\n\n\n<p>Descripci\u00f3n: Vecinos y turistas se volver\u00e1n a encontrar con lo mejor de la literatura de la regi\u00f3n y disfrutar\u00e1n de actividades acad\u00e9micas y culturales totalmente gratuitas. La feria contar\u00e1 con 34 stands destinados a editoriales, librer\u00edas e instituciones, y otros 34 para escritores.Tambi\u00e9n habr\u00e1 un espacio para presentaciones de libros, talleres literarios, charlas e invitados especiales. Organiza la Municipalidad de Campana.<\/p>\n\n\n\n<p>M\u00e1s informaci\u00f3n: <a href=\"http:\/\/www.instagram.com\/campanagov\" target=\"_blank\" rel=\"noreferrer noopener\">www.instagram.com\/campanagov<\/a> &#8211; <a href=\"http:\/\/www.facebook.com\/municipalidaddecampana\" target=\"_blank\" rel=\"noreferrer noopener\">www.facebook.com\/municipalidaddecampana<\/a>&nbsp;<\/p>\n\n\n\n<p>MALVINAS ARGENTINAS<\/p>\n\n\n\n<p>3\u00b0 Expo Car Malvinas Argentinas<\/p>\n\n\n\n<p>ENTRADA GRATUITA<\/p>\n\n\n\n<p>Fecha, hora y lugar: S\u00e1bado 15, a las 15:00, en las inmediaciones del Palacio Municipal.<\/p>\n\n\n\n<p>Descripci\u00f3n: Exposici\u00f3n de m\u00e1s de trescientos autos dirigida a los amantes y aficionados del mundo automotor. Contar\u00e1 con autos tuning, cl\u00e1sicos y TC. Adem\u00e1s, live set Dj invitados y limbo car. Inscripci\u00f3n solamente para autom\u00f3viles en: <a href=\"https:\/\/l.instagram.com\/?u=https%3A%2F%2Fforms.gle%2FZSBAx7aVuKu4dLnZ7&amp;e=AT1KpIwDgEo86zNzBJ3fWTUg2OJyAJ9u-DdJ7A_xbCaeGprCeBOxo0F07MWqAJKbrhBYwZQ9AKQ_-gu0VMDJHZZfV7FcEo67bNYxEg\" target=\"_blank\" rel=\"noreferrer noopener\">forms.gle\/ZSBAx7aVuKu4dLnZ7<\/a> Entrada gratuita. Organiza la Municipalidad de Malvinas Argentinas.<\/p>\n\n\n\n<p>M\u00e1s informaci\u00f3n: <a href=\"https:\/\/www.instagram.com\/malvinas.expocar\" target=\"_blank\" rel=\"noreferrer noopener\">www.instagram.com\/malvinas.expocar<\/a> &#8211; <a href=\"http:\/\/www.facebook.com\/ellugardelafamilia\" target=\"_blank\" rel=\"noreferrer noopener\">www.facebook.com\/ellugardelafamilia<\/a> &#8211; <a href=\"http:\/\/www.instagram.com\/munimalvinas\" target=\"_blank\" rel=\"noreferrer noopener\">www.instagram.com\/munimalvinas<\/a>&nbsp;<\/p>\n\n\n\n<p>La agenda tur\u00edstica y cultural de los 135 municipios se encuentra disponible en la APP ReCreo. Link de descarga: <a href=\"http:\/\/recreo.gba.gob.ar\/descargar\" target=\"_blank\" rel=\"noreferrer noopener\">recreo.gba.gob.ar\/descargar<\/a><\/p>\n","protected":false},"excerpt":{"rendered":"<p>En el primer fin de semana largo de junio las visitas guiadas ser\u00e1n las protagonistas de la agenda tur\u00edstica bonaerense, junto con las festividades culturales, tradicionalistas y las exposiciones. ReCreo&hellip; <\/p>\n","protected":false},"author":2,"featured_media":31323,"comment_status":"closed","ping_status":"open","sticky":false,"template":"","format":"standard","meta":{"footnotes":""},"categories":[27],"tags":[],"class_list":["post-31322","post","type-post","status-publish","format-standard","has-post-thumbnail","hentry","category-turismo"],"_links":{"self":[{"href":"https:\/\/eenergetica.com.ar\/index.php\/wp-json\/wp\/v2\/posts\/31322","targetHints":{"allow":["GET"]}}],"collection":[{"href":"https:\/\/eenergetica.com.ar\/index.php\/wp-json\/wp\/v2\/posts"}],"about":[{"href":"https:\/\/eenergetica.com.ar\/index.php\/wp-json\/wp\/v2\/types\/post"}],"author":[{"embeddable":true,"href":"https:\/\/eenergetica.com.ar\/index.php\/wp-json\/wp\/v2\/users\/2"}],"replies":[{"embeddable":true,"href":"https:\/\/eenergetica.com.ar\/index.php\/wp-json\/wp\/v2\/comments?post=31322"}],"version-history":[{"count":1,"href":"https:\/\/eenergetica.com.ar\/index.php\/wp-json\/wp\/v2\/posts\/31322\/revisions"}],"predecessor-version":[{"id":31324,"href":"https:\/\/eenergetica.com.ar\/index.php\/wp-json\/wp\/v2\/posts\/31322\/revisions\/31324"}],"wp:featuredmedia":[{"embeddable":true,"href":"https:\/\/eenergetica.com.ar\/index.php\/wp-json\/wp\/v2\/media\/31323"}],"wp:attachment":[{"href":"https:\/\/eenergetica.com.ar\/index.php\/wp-json\/wp\/v2\/media?parent=31322"}],"wp:term":[{"taxonomy":"category","embeddable":true,"href":"https:\/\/eenergetica.com.ar\/index.php\/wp-json\/wp\/v2\/categories?post=31322"},{"taxonomy":"post_tag","embeddable":true,"href":"https:\/\/eenergetica.com.ar\/index.php\/wp-json\/wp\/v2\/tags?post=31322"}],"curies":[{"name":"wp","href":"https:\/\/api.w.org\/{rel}","templated":true}]}}