{"id":31319,"date":"2024-06-12T09:25:08","date_gmt":"2024-06-12T12:25:08","guid":{"rendered":"http:\/\/eenergetica.com.ar\/?p=31319"},"modified":"2024-06-12T09:25:09","modified_gmt":"2024-06-12T12:25:09","slug":"inflacion-coninagro-revelo-que-muchas-cadenas-productivas-empeoraron-en-el-ultimo-tiempo","status":"publish","type":"post","link":"https:\/\/eenergetica.com.ar\/index.php\/2024\/06\/12\/inflacion-coninagro-revelo-que-muchas-cadenas-productivas-empeoraron-en-el-ultimo-tiempo\/","title":{"rendered":"Inflaci\u00f3n: Coninagro revel\u00f3 que muchas cadenas productivas empeoraron en el \u00faltimo tiempo"},"content":{"rendered":"\n<p>El reciente informe del &#8220;sem\u00e1foro&#8221; que elabora Coninagro revela un preocupante panorama para 15 de las 19 econom\u00edas regionales, marc\u00e1ndolas en color &#8220;rojo&#8221;. Esta clasificaci\u00f3n indica que estas regiones est\u00e1n atravesando una<strong>situaci\u00f3n de crisis o muestran signos preocupantes de estar encamin\u00e1ndose hacia ella.<\/strong>&nbsp;<\/p>\n\n\n\n<p>En contraste, se identificaron 3 econom\u00edas regionales en color &#8220;verde&#8221;, denotando&nbsp;<strong>estabilidad y crecimiento<\/strong>, mientras que una se ubic\u00f3 en la categor\u00eda &#8220;amarillo&#8221;, sugiriendo una situaci\u00f3n de&nbsp;<strong>precauci\u00f3n o moderada.<\/strong><\/p>\n\n\n\n<p>El an\u00e1lisis atribuye estas dificultades a una combinaci\u00f3n de factores, donde los precios de los productos agropecuarios se sit\u00faan por debajo de la inflaci\u00f3n, mientras que los costos operativos se mantienen elevados.&nbsp;<\/p>\n\n\n\n<p>El &#8220;sem\u00e1foro&#8221; de Coninagro, que detalla el estado de las principales actividades agropecuarias, destaca que solo tres sectores muestran estabilidad en medio de un complejo panorama para la mayor\u00eda de las econom\u00edas regionales.<\/p>\n\n\n\n<p>Entre las actividades que gozan de estabilidad se encuentran la&nbsp;<strong>producci\u00f3n de man\u00ed, el arroz y la avicultura.<\/strong><\/p>\n\n\n\n<p>Por otro lado, la&nbsp;producci\u00f3n de hortalizas&nbsp;se encuentra en una situaci\u00f3n &#8220;amarilla&#8221;, caracterizada por una baja en los precios pero con un incremento en las exportaciones.&nbsp;<\/p>\n\n\n\n<p>En contraste, el resto de las actividades enfrentan diversas dificultades. El&nbsp;<strong>algod\u00f3n,<\/strong>&nbsp;por ejemplo, enfrenta problemas productivos junto con precios considerablemente bajos.&nbsp;<\/p>\n\n\n\n<p>La&nbsp;<strong>ganader\u00eda bovina<\/strong>&nbsp;enfrenta problemas ya que los precios de abril se encuentran por debajo de la inflaci\u00f3n; y su stock ya muestra su efecto sequ\u00eda, sin tracci\u00f3n de la demanda.<\/p>\n\n\n\n<p>La producci\u00f3n de&nbsp;<strong>c\u00edtricos dulces<\/strong>&nbsp;tambi\u00e9n est\u00e1 afectada por la ca\u00edda de los precios, mientras que se espera una recuperaci\u00f3n en el oto\u00f1o e invierno con la llegada de nuevas cosechas.<\/p>\n\n\n\n<p>Con respecto a la<strong>&nbsp;actividad forestal&nbsp;<\/strong>tambi\u00e9n enfrenta problemas por la baja demanda, sin exportaci\u00f3n ni construcci\u00f3n.&nbsp;<\/p>\n\n\n\n<p>En cuanto a la&nbsp;<strong>producci\u00f3n de granos<\/strong>, se observa una combinaci\u00f3n de&nbsp;<strong>bajos precios<\/strong>&nbsp;para los productores, costos elevados y una leve recuperaci\u00f3n productiva despu\u00e9s de la sequ\u00eda.<\/p>\n\n\n\n<p>En el caso de la&nbsp;<strong>producci\u00f3n lechera<\/strong>, si bien los precios para los productores est\u00e1n por encima de la inflaci\u00f3n, los&nbsp;<strong>vol\u00famenes producidos son bajos y las exportaciones no compensan adecuadamente la reducci\u00f3n del consumo interno.<\/strong><\/p>\n\n\n\n<p>La producci\u00f3n de miel y la producci\u00f3n ovina tambi\u00e9n enfrentan<strong>problemas productivos y una baja en las exportaciones<\/strong>, manteniendo el panorama en &#8220;rojo&#8221;. Lo mismo sucede con la producci\u00f3n de peras y manzanas, donde se espera una mayor producci\u00f3n en los pr\u00f3ximos meses, pero se debe prestar atenci\u00f3n al costo de la energ\u00eda el\u00e9ctrica.<\/p>\n\n\n\n<p>La&nbsp;<strong>producci\u00f3n porcina<\/strong>&nbsp;experiment\u00f3 un cambio de color a &#8220;rojo&#8221; debido a los precios estancados y los altos costos, mientras que la producci\u00f3n de vino&nbsp;<strong>enfrenta precios estancados y vol\u00famenes menores tanto en el mercado interno como en las exportaciones.<\/strong><\/p>\n\n\n\n<p>Con respecto al tabaco, la situaci\u00f3n es compleja con algo de mejora en las exportaciones.<\/p>\n\n\n\n<p>La producci\u00f3n de vino y mostro, indic\u00f3 que est\u00e1n esperando los precios de julio pero que el mercado se encuentra muy deprimido.<\/p>\n\n\n\n<p>Por \u00faltimo, la producci\u00f3n de yerba mate tambi\u00e9n muestra signos de crisis, aunque haya un mayor ingreso de hoja verde, los precios se encuentran por debajo de la inflaci\u00f3n y sus costos se van a elevar.<\/p>\n\n\n\n<p>El informe refleja un escenario complejo para la mayor\u00eda de las actividades agropecuarias, donde la estabilidad es una excepci\u00f3n y los desaf\u00edos econ\u00f3micos son una constante.<\/p>\n\n\n\n<p>foto y texto: NA<\/p>\n","protected":false},"excerpt":{"rendered":"<p>El reciente informe del &#8220;sem\u00e1foro&#8221; que elabora Coninagro revela un preocupante panorama para 15 de las 19 econom\u00edas regionales, marc\u00e1ndolas en color &#8220;rojo&#8221;. Esta clasificaci\u00f3n indica que estas regiones est\u00e1n&hellip; <\/p>\n","protected":false},"author":2,"featured_media":31320,"comment_status":"closed","ping_status":"open","sticky":false,"template":"","format":"standard","meta":{"footnotes":""},"categories":[21],"tags":[],"class_list":["post-31319","post","type-post","status-publish","format-standard","has-post-thumbnail","hentry","category-economia"],"_links":{"self":[{"href":"https:\/\/eenergetica.com.ar\/index.php\/wp-json\/wp\/v2\/posts\/31319","targetHints":{"allow":["GET"]}}],"collection":[{"href":"https:\/\/eenergetica.com.ar\/index.php\/wp-json\/wp\/v2\/posts"}],"about":[{"href":"https:\/\/eenergetica.com.ar\/index.php\/wp-json\/wp\/v2\/types\/post"}],"author":[{"embeddable":true,"href":"https:\/\/eenergetica.com.ar\/index.php\/wp-json\/wp\/v2\/users\/2"}],"replies":[{"embeddable":true,"href":"https:\/\/eenergetica.com.ar\/index.php\/wp-json\/wp\/v2\/comments?post=31319"}],"version-history":[{"count":1,"href":"https:\/\/eenergetica.com.ar\/index.php\/wp-json\/wp\/v2\/posts\/31319\/revisions"}],"predecessor-version":[{"id":31321,"href":"https:\/\/eenergetica.com.ar\/index.php\/wp-json\/wp\/v2\/posts\/31319\/revisions\/31321"}],"wp:featuredmedia":[{"embeddable":true,"href":"https:\/\/eenergetica.com.ar\/index.php\/wp-json\/wp\/v2\/media\/31320"}],"wp:attachment":[{"href":"https:\/\/eenergetica.com.ar\/index.php\/wp-json\/wp\/v2\/media?parent=31319"}],"wp:term":[{"taxonomy":"category","embeddable":true,"href":"https:\/\/eenergetica.com.ar\/index.php\/wp-json\/wp\/v2\/categories?post=31319"},{"taxonomy":"post_tag","embeddable":true,"href":"https:\/\/eenergetica.com.ar\/index.php\/wp-json\/wp\/v2\/tags?post=31319"}],"curies":[{"name":"wp","href":"https:\/\/api.w.org\/{rel}","templated":true}]}}