{"id":31282,"date":"2024-06-11T08:56:37","date_gmt":"2024-06-11T11:56:37","guid":{"rendered":"http:\/\/eenergetica.com.ar\/?p=31282"},"modified":"2024-06-11T08:56:38","modified_gmt":"2024-06-11T11:56:38","slug":"ley-bases-y-paquete-fiscal-el-oficialismo-diagramo-la-sesion-con-los-jefes-de-bloque-y-se-espera-una-larga-discusion-en-el-senado","status":"publish","type":"post","link":"https:\/\/eenergetica.com.ar\/index.php\/2024\/06\/11\/ley-bases-y-paquete-fiscal-el-oficialismo-diagramo-la-sesion-con-los-jefes-de-bloque-y-se-espera-una-larga-discusion-en-el-senado\/","title":{"rendered":"Ley Bases y paquete fiscal: el oficialismo diagram\u00f3 la sesi\u00f3n con los jefes de bloque y se espera una larga discusi\u00f3n en el Senado"},"content":{"rendered":"\n<p>La vicepresidenta de la Naci\u00f3n y titular del Senado,&nbsp;<strong>Victoria Villarruel<\/strong>, encabez\u00f3 esta tarde la&nbsp;reuni\u00f3n de labor parlamentaria con los jefes de los bloques en la que diagramaron la sesi\u00f3n del pr\u00f3ximo mi\u00e9rcoles en la que se debatir\u00e1 la&nbsp;<a href=\"https:\/\/noticiasargentinas.com\/politica\/gobernadores-de-juntos-por-el-cambio-respaldaron-la-ley-de-bases-y-el-paquete-fiscal_a666759e5bfbbab4c5becc538\"><strong>ley de Bases y el paquete fiscal<\/strong><\/a>.&nbsp;<\/p>\n\n\n\n<p>En el encuentro, que inici\u00f3 pasadas las 18 en el despacho de Villarruel y se extendi\u00f3 hasta casi las 20, se defini\u00f3 que ambos mega proyectos&nbsp;<strong>se debatir\u00e1n por separado y la votaci\u00f3n ser\u00e1 por cap\u00edtulos<\/strong>, seg\u00fan especificaron fuentes libertarias al tanto del c\u00f3nclave a&nbsp;<em><strong>Noticias Argentinas<\/strong><\/em>.&nbsp;<\/p>\n\n\n\n<p>Para la discusi\u00f3n de Bases en el hemiciclo senatorial, los titulares de los bloques acordaron que tendr\u00e1n&nbsp;<strong>10 oradores por bloque<\/strong>. El peronismo, que se divide en dos bloques, pero funciona como interbloque en la pr\u00e1ctica, tambi\u00e9n se ajustar\u00e1 a la propuesta.&nbsp;<\/p>\n\n\n\n<p>Es decir, el bloque Unidad Ciudadana, que conduce&nbsp;<strong>Juliana Di Tullio<\/strong>&nbsp;(Buenos Aires), y el Frente Nacional y Popular, que lidera&nbsp;<strong>Jos\u00e9 Mayans&nbsp;<\/strong>(Formosa), se repartir\u00e1n los 10 discursos de un total de 33 senadores que componen ambos espacios.&nbsp;<\/p>\n\n\n\n<p>Por otro lado, en el paquete fiscal la lista de oradores&nbsp;<strong>se reduce a 5 por bloque con la misma l\u00f3gica que en Bases<\/strong>. A esto se sumar\u00e1n los discursos de cierre de los presidentes de los bloques.&nbsp;<\/p>\n\n\n\n<p>A su vez,&nbsp;<strong>no descartan que la sesi\u00f3n pueda dividirse en dos partes con un cuarto intermedio<\/strong>&nbsp;como ocurri\u00f3 en la C\u00e1mara de Diputados durante el debate de la ley de Bases madre, en febrero pasado. &#8220;Si amerita va a haber&#8221;, sostuvo a NA una de los protagonistas de la reuni\u00f3n.&nbsp;<\/p>\n\n\n\n<p>Esta modalidad vaticina una&nbsp;<strong>profunda&nbsp;<\/strong>discusi\u00f3n tanto en Bases como en el paquete fiscal. El dictamen de mayor\u00eda que logr\u00f3 llevarse el jefe de Gabinete,&nbsp;<strong>Guillermo Francos<\/strong>, el pasado 29 de mayo no conform\u00f3 a muchos. Eso qued\u00f3 plasmado con la gran cantidad de firmas en disidencia.<\/p>\n\n\n\n<p>Por esa raz\u00f3n, la votaci\u00f3n por cap\u00edtulos se vuelve un escenario ut\u00f3pico para La Libertad Avanza, ya que varios senadores aspiran a modificar art\u00edculos durante la votaci\u00f3n en particular. En el mejor de los casos,&nbsp;<strong>hasta el propio oficialismo podr\u00eda impulsarlos<\/strong>.&nbsp;<\/p>\n\n\n\n<p>El ejemplo m\u00e1s n\u00edtido en este sentido es el caso de Aerol\u00edneas Argentinas. Al encontrarse dentro de un paquete de empresas sujetas a privatizaci\u00f3n,&nbsp;<strong>las voluntades negativas en el hemiciclo por su eventual venta podr\u00eda hacer caer el cap\u00edtulo completo<\/strong>.&nbsp;<\/p>\n\n\n\n<p>En este contexto, se espera que la discusi\u00f3n de la ley de Bases, previa al inicio de su votaci\u00f3n en general y particular, respectivamente, dure&nbsp;<strong>m\u00e1s de 6 horas<\/strong>. Este escenario resalta la idea de un eventual cuarto intermedio que se retomar\u00eda con el debate del paquete fiscal el jueves.<\/p>\n\n\n\n<p>foto y texto: NA<\/p>\n","protected":false},"excerpt":{"rendered":"<p>La vicepresidenta de la Naci\u00f3n y titular del Senado,&nbsp;Victoria Villarruel, encabez\u00f3 esta tarde la&nbsp;reuni\u00f3n de labor parlamentaria con los jefes de los bloques en la que diagramaron la sesi\u00f3n del&hellip; <\/p>\n","protected":false},"author":2,"featured_media":31283,"comment_status":"closed","ping_status":"open","sticky":false,"template":"","format":"standard","meta":{"footnotes":""},"categories":[28,20],"tags":[],"class_list":["post-31282","post","type-post","status-publish","format-standard","has-post-thumbnail","hentry","category-destacada","category-politica"],"_links":{"self":[{"href":"https:\/\/eenergetica.com.ar\/index.php\/wp-json\/wp\/v2\/posts\/31282","targetHints":{"allow":["GET"]}}],"collection":[{"href":"https:\/\/eenergetica.com.ar\/index.php\/wp-json\/wp\/v2\/posts"}],"about":[{"href":"https:\/\/eenergetica.com.ar\/index.php\/wp-json\/wp\/v2\/types\/post"}],"author":[{"embeddable":true,"href":"https:\/\/eenergetica.com.ar\/index.php\/wp-json\/wp\/v2\/users\/2"}],"replies":[{"embeddable":true,"href":"https:\/\/eenergetica.com.ar\/index.php\/wp-json\/wp\/v2\/comments?post=31282"}],"version-history":[{"count":1,"href":"https:\/\/eenergetica.com.ar\/index.php\/wp-json\/wp\/v2\/posts\/31282\/revisions"}],"predecessor-version":[{"id":31284,"href":"https:\/\/eenergetica.com.ar\/index.php\/wp-json\/wp\/v2\/posts\/31282\/revisions\/31284"}],"wp:featuredmedia":[{"embeddable":true,"href":"https:\/\/eenergetica.com.ar\/index.php\/wp-json\/wp\/v2\/media\/31283"}],"wp:attachment":[{"href":"https:\/\/eenergetica.com.ar\/index.php\/wp-json\/wp\/v2\/media?parent=31282"}],"wp:term":[{"taxonomy":"category","embeddable":true,"href":"https:\/\/eenergetica.com.ar\/index.php\/wp-json\/wp\/v2\/categories?post=31282"},{"taxonomy":"post_tag","embeddable":true,"href":"https:\/\/eenergetica.com.ar\/index.php\/wp-json\/wp\/v2\/tags?post=31282"}],"curies":[{"name":"wp","href":"https:\/\/api.w.org\/{rel}","templated":true}]}}