{"id":30195,"date":"2024-04-23T09:07:38","date_gmt":"2024-04-23T12:07:38","guid":{"rendered":"http:\/\/eenergetica.com.ar\/?p=30195"},"modified":"2024-04-23T09:07:42","modified_gmt":"2024-04-23T12:07:42","slug":"bolsillos-flacos-el-consumo-cayo-un-38-interanual-en-marzo","status":"publish","type":"post","link":"https:\/\/eenergetica.com.ar\/index.php\/2024\/04\/23\/bolsillos-flacos-el-consumo-cayo-un-38-interanual-en-marzo\/","title":{"rendered":"BOLSILLOS FLACOS: EL CONSUMO CAY\u00d3 UN 3,8% INTERANUAL EN MARZO"},"content":{"rendered":"\n<p>En marzo de 2024, el Indicador de Consumo (IC) de la C\u00e1mara Argentina de Comercio y Servicios (CAC) mostr\u00f3 un retroceso de 3,8% en la comparaci\u00f3n interanual (i.a.).<br>\u00a0\u00a0 Si bien se observ\u00f3 un incremento desestacionalizado de 0,8% frente al mes de febrero (es decir, descontando los efectos estacionales habituales del consumo a lo largo del a\u00f1o), el consumo sigue en ca\u00edda de la mano de la perdida del poder adquisitivo del salario real.<br>\u00a0\u00a0 El indicador que refleja la evoluci\u00f3n del consumo de los hogares en bienes y servicios finales con una periodicidad mensual, estima un ingreso nominal promedio de $973.000 en el mes de marzo 2024. Ese ingreso implica una ca\u00edda de 17% en t\u00e9rminos reales.<br>\u00a0\u00a0 De esta forma, el IC acumula en los primeros tres meses del a\u00f1o un decrecimiento de 3,1% i.a, marcando un profundo deterioro en el consumo al inicio del 2024. Contin\u00faa la tendencia bajista en las tasas de crecimiento interanual exhibidas por el IC a partir de enero y marcan en marzo 2024 un nuevo valor negativo en el a\u00f1o.<br>\u00a0\u00a0 Desde la C\u00e1mara analizaron la situaci\u00f3n coyuntural y explicaron que &#8220;los significativos incrementos en los precios de bienes regulados, especialmente en sectores como educaci\u00f3n y tarifas de servicios p\u00fablicos como la electricidad, (\u2026) result\u00f3 en una continua disminuci\u00f3n del ingreso real de los hogares, erosionando su poder adquisitivo&#8221;.<br>\u00a0\u00a0 Y agregaron: &#8220;En el proceso de ordenar los precios relativos, el consumo est\u00e1 siendo la variable de ajuste por parte de las familias. La implementaci\u00f3n de una pol\u00edtica de ingresos que busque recomponer el consumo, pero sin volver a acelerar la inflaci\u00f3n, ser\u00e1 una dif\u00edcil tarea que tendr\u00e1 el gobierno nacional por delante&#8221;.<br>\u00a0\u00a0 La recuperaci\u00f3n de la capacidad de consumo llevar\u00e1 un tiempo a\u00fan cuando la inflaci\u00f3n mensual contin\u00fae desaceler\u00e1ndose (esto \u00faltimo es muy positivo).<br>\u00a0\u00a0 &#8211;El consumo rubro por rubro&#8211;.<br>\u00a0\u00a0 Al analizar el desempe\u00f1o de algunos rubros en particular, se observa una din\u00e1mica generalizada de decrecimiento interanual respecto a los valores de marzo de 2023.<br>\u00a0\u00a0 El rubro de indumentaria y calzado mostr\u00f3 en el tercer mes del a\u00f1o un decrecimiento estimado de 11,2% i.a., con una contribuci\u00f3n negativa del 0,6% al retroceso de 3,8% i.a. del IC. Se explica por la gran ca\u00edda del ingreso de los hogares y la postergaci\u00f3n de consumos no fundamentales para la vida cotidiana.<br>\u00a0\u00a0 Por otro lado, el cap\u00edtulo de transporte y veh\u00edculos mostr\u00f3 un retroceso estimado del 4% i.a. en marzo, contribuyendo negativamente en un 0,5% a la variaci\u00f3n interanual del IC. La disminuci\u00f3n se explica por una fuerte ca\u00edda de los patentamientos de autom\u00f3viles y un leve encarecimiento del precio de la nafta.<br>\u00a0\u00a0 Recreaci\u00f3n y cultura mostr\u00f3 en marzo un decrecimiento de 14,5% i.a. (con una contribuci\u00f3n negativa de 0,9 p.p. al IC). Esto se explica por las mismas razones que el segmento indumentaria y calzado: la ca\u00edda en el ingreso real redujo el poder de compra y posterg\u00f3 el acceso a bienes y servicios relacionados al ocio.<br>\u00a0\u00a0 En cuanto al apartado de vivienda, alquileres y servicios p\u00fablicos, este mostr\u00f3 un retroceso estimado de 9,9% i.a. en marzo del presente a\u00f1o, lo cual se explica principalmente por la disminuci\u00f3n en el ingreso disponible y el gran aumento en las tarifas de electricidad.<br>\u00a0\u00a0 Con respecto al resto de los rubros, estos experimentaron una contracci\u00f3n estimada de 0,2% i.a. en marzo (y una incidencia de 0,1 p.p.), posicion\u00e1ndose en niveles 6,3% por encima de los niveles prepandemia.<\/p>\n","protected":false},"excerpt":{"rendered":"<p>En marzo de 2024, el Indicador de Consumo (IC) de la C\u00e1mara Argentina de Comercio y Servicios (CAC) mostr\u00f3 un retroceso de 3,8% en la comparaci\u00f3n interanual (i.a.).\u00a0\u00a0 Si bien&hellip; <\/p>\n","protected":false},"author":2,"featured_media":30196,"comment_status":"closed","ping_status":"open","sticky":false,"template":"","format":"standard","meta":{"footnotes":""},"categories":[21],"tags":[26],"class_list":["post-30195","post","type-post","status-publish","format-standard","has-post-thumbnail","hentry","category-economia","tag-destacada"],"_links":{"self":[{"href":"https:\/\/eenergetica.com.ar\/index.php\/wp-json\/wp\/v2\/posts\/30195","targetHints":{"allow":["GET"]}}],"collection":[{"href":"https:\/\/eenergetica.com.ar\/index.php\/wp-json\/wp\/v2\/posts"}],"about":[{"href":"https:\/\/eenergetica.com.ar\/index.php\/wp-json\/wp\/v2\/types\/post"}],"author":[{"embeddable":true,"href":"https:\/\/eenergetica.com.ar\/index.php\/wp-json\/wp\/v2\/users\/2"}],"replies":[{"embeddable":true,"href":"https:\/\/eenergetica.com.ar\/index.php\/wp-json\/wp\/v2\/comments?post=30195"}],"version-history":[{"count":1,"href":"https:\/\/eenergetica.com.ar\/index.php\/wp-json\/wp\/v2\/posts\/30195\/revisions"}],"predecessor-version":[{"id":30197,"href":"https:\/\/eenergetica.com.ar\/index.php\/wp-json\/wp\/v2\/posts\/30195\/revisions\/30197"}],"wp:featuredmedia":[{"embeddable":true,"href":"https:\/\/eenergetica.com.ar\/index.php\/wp-json\/wp\/v2\/media\/30196"}],"wp:attachment":[{"href":"https:\/\/eenergetica.com.ar\/index.php\/wp-json\/wp\/v2\/media?parent=30195"}],"wp:term":[{"taxonomy":"category","embeddable":true,"href":"https:\/\/eenergetica.com.ar\/index.php\/wp-json\/wp\/v2\/categories?post=30195"},{"taxonomy":"post_tag","embeddable":true,"href":"https:\/\/eenergetica.com.ar\/index.php\/wp-json\/wp\/v2\/tags?post=30195"}],"curies":[{"name":"wp","href":"https:\/\/api.w.org\/{rel}","templated":true}]}}