{"id":30186,"date":"2024-04-23T09:02:02","date_gmt":"2024-04-23T12:02:02","guid":{"rendered":"http:\/\/eenergetica.com.ar\/?p=30186"},"modified":"2024-04-23T09:02:04","modified_gmt":"2024-04-23T12:02:04","slug":"kicillof-recibio-a-representantes-de-la-mesa-agropecuaria","status":"publish","type":"post","link":"https:\/\/eenergetica.com.ar\/index.php\/2024\/04\/23\/kicillof-recibio-a-representantes-de-la-mesa-agropecuaria\/","title":{"rendered":"KICILLOF RECIBI\u00d3 A REPRESENTANTES DE LA MESA AGROPECUARIA"},"content":{"rendered":"\n<p>El mandatario de la provincia de Buenos Aires, Axel Kicillof, recibi\u00f3 ayer en Casa de Gobierno a representantes de la Mesa Agropecuaria.<br>&nbsp;&nbsp; Kicillof estuvo acompa\u00f1ado de los ministros de Desarrollo Agrario, Javier Rodr\u00edguez; y de Econom\u00eda, Pablo L\u00f3pez; el presidente del Banco Provincia, Juan Cuattromo; y el director ejecutivo de ARBA, Cristian Girard.<br>&nbsp;&nbsp; &#8220;Desde el Gobierno de la provincia de Buenos Aires tenemos la vocaci\u00f3n de apuntalar la producci\u00f3n rural y fomentar el arraigo en todos los municipios del interior&#8221;, expres\u00f3 el mandatario provincial.<br>&nbsp;&nbsp; &#8220;Desde el primer d\u00eda de nuestra gesti\u00f3n hemos acompa\u00f1ado al sector con todos los recursos que hemos tenido a disposici\u00f3n, comprendiendo la enorme diversidad y la existencia de problemas hist\u00f3ricos y estructurales&#8221;, a\u00f1adi\u00f3.<br>&nbsp;&nbsp; Kicillof tambi\u00e9n remarc\u00f3 que desde su gobernaci\u00f3n mejoraron &#8220;5.000 kil\u00f3metros de caminos rurales&#8221;, crearon &#8220;la Polic\u00eda Rural&#8221; e impulsaron &#8220;la construcci\u00f3n de centros universitarios para promover que las y los j\u00f3venes puedan realizar sus estudios superiores en sus localidades&#8221;.<br>&nbsp;&nbsp; &#8220;Como lo hemos hecho durante la sequ\u00eda con los instrumentos del Banco Provincia, nuestra intenci\u00f3n es continuar trabajando junto al sector para sostener la producci\u00f3n&#8221;, subray\u00f3.<br>&nbsp;&nbsp; Durante la reuni\u00f3n se plantearon distintos ejes que giraron en torno a varias tem\u00e1ticas, por ejemplo cuestiones clim\u00e1ticas y macroecon\u00f3micas.<br>&nbsp;&nbsp; Tambi\u00e9n destacaron la necesidad de que el Gobierno nacional convalide el decreto provincial de emergencia agropecuaria 2157\/23, que abarca a 39 municipios bonaerenses, y convoque a la Comisi\u00f3n Nacional de Emergencia Agropecuaria para tratar el decreto 50\/24, que incluye a otros 12 distritos, para que los productores de las zonas afectadas puedan acceder a los beneficios impositivos a nivel nacional y a los cr\u00e9ditos especiales del Banco Naci\u00f3n.<br>&nbsp;&nbsp; En ese sentido, a principios de abril, el ministro de Desarrollo Agrario bonaerense, Javier Rodr\u00edguez, envi\u00f3 una carta al ministro de Econom\u00eda de la Naci\u00f3n, Luis Caputo, y al secretario de Agricultura, Ganader\u00eda y Pesca, Fernando Vilella, en la que les solicit\u00f3 una pronta resoluci\u00f3n de la situaci\u00f3n de &#8220;vulnerabilidad extrema&#8221; que hoy atraviesan m\u00e1s de 700 productores por la falta de respuesta del Estado nacional.<br>&nbsp;&nbsp; Tambi\u00e9n se analiz\u00f3 la situaci\u00f3n de la cosecha de ma\u00edz frente a la plaga de chicharrita, que ya provoc\u00f3 una fuerte baja en las proyecciones de producci\u00f3n de las entidades privadas.<br>&nbsp;&nbsp; Asimismo, se abord\u00f3 la apertura de la importaci\u00f3n de alimentos, como el caso de la carne de cerdo y derivados, y la falta de planificaci\u00f3n sanitaria por parte del SENASA.<br>&nbsp;&nbsp; Respecto al impuesto inmobiliario rural se estableci\u00f3 que ninguna partida estuvo por fuera de lo que establece la Ley Impositiva que vot\u00f3 la Legislatura Bonaerense en diciembre pasado, ni hubo errores en las liquidaciones.<br>&nbsp;&nbsp; &#8220;No somos un gobierno que est\u00e9 en contra del sector agropecuario, todo lo contrario: vamos a acompa\u00f1ar a los productores con agenda abierta para sostener la actividad&#8221;, concluy\u00f3 Kicillof.<br>&nbsp;&nbsp; En la reuni\u00f3n hubo autoridades de CARBAP, Federaci\u00f3n Agraria Argentina (FAA), Sociedad Rural Argentina (SRA), CONINAGRO, FECOFE, FEBAPRI, Mujeres Rurales Argentinas, UATRE, FEDERADOS y representantes de Agricultura Familiar.<\/p>\n","protected":false},"excerpt":{"rendered":"<p>El mandatario de la provincia de Buenos Aires, Axel Kicillof, recibi\u00f3 ayer en Casa de Gobierno a representantes de la Mesa Agropecuaria.&nbsp;&nbsp; Kicillof estuvo acompa\u00f1ado de los ministros de Desarrollo&hellip; <\/p>\n","protected":false},"author":2,"featured_media":30187,"comment_status":"closed","ping_status":"open","sticky":false,"template":"","format":"standard","meta":{"footnotes":""},"categories":[24],"tags":[26],"class_list":["post-30186","post","type-post","status-publish","format-standard","has-post-thumbnail","hentry","category-provincia","tag-destacada"],"_links":{"self":[{"href":"https:\/\/eenergetica.com.ar\/index.php\/wp-json\/wp\/v2\/posts\/30186","targetHints":{"allow":["GET"]}}],"collection":[{"href":"https:\/\/eenergetica.com.ar\/index.php\/wp-json\/wp\/v2\/posts"}],"about":[{"href":"https:\/\/eenergetica.com.ar\/index.php\/wp-json\/wp\/v2\/types\/post"}],"author":[{"embeddable":true,"href":"https:\/\/eenergetica.com.ar\/index.php\/wp-json\/wp\/v2\/users\/2"}],"replies":[{"embeddable":true,"href":"https:\/\/eenergetica.com.ar\/index.php\/wp-json\/wp\/v2\/comments?post=30186"}],"version-history":[{"count":1,"href":"https:\/\/eenergetica.com.ar\/index.php\/wp-json\/wp\/v2\/posts\/30186\/revisions"}],"predecessor-version":[{"id":30188,"href":"https:\/\/eenergetica.com.ar\/index.php\/wp-json\/wp\/v2\/posts\/30186\/revisions\/30188"}],"wp:featuredmedia":[{"embeddable":true,"href":"https:\/\/eenergetica.com.ar\/index.php\/wp-json\/wp\/v2\/media\/30187"}],"wp:attachment":[{"href":"https:\/\/eenergetica.com.ar\/index.php\/wp-json\/wp\/v2\/media?parent=30186"}],"wp:term":[{"taxonomy":"category","embeddable":true,"href":"https:\/\/eenergetica.com.ar\/index.php\/wp-json\/wp\/v2\/categories?post=30186"},{"taxonomy":"post_tag","embeddable":true,"href":"https:\/\/eenergetica.com.ar\/index.php\/wp-json\/wp\/v2\/tags?post=30186"}],"curies":[{"name":"wp","href":"https:\/\/api.w.org\/{rel}","templated":true}]}}