{"id":30061,"date":"2024-04-15T10:35:41","date_gmt":"2024-04-15T13:35:41","guid":{"rendered":"http:\/\/eenergetica.com.ar\/?p=30061"},"modified":"2024-04-15T10:35:42","modified_gmt":"2024-04-15T13:35:42","slug":"no-puede-quedar-impune-el-pedido-de-justicia-por-la-familia-que-murio-tras-ser-embestida-por-un-adolescente","status":"publish","type":"post","link":"https:\/\/eenergetica.com.ar\/index.php\/2024\/04\/15\/no-puede-quedar-impune-el-pedido-de-justicia-por-la-familia-que-murio-tras-ser-embestida-por-un-adolescente\/","title":{"rendered":"&#8220;NO PUEDE QUEDAR IMPUNE&#8221;: EL PEDIDO DE JUSTICIA POR LA FAMILIA QUE MURI\u00d3 TRAS SER EMBESTIDA POR UN ADOLESCENTE"},"content":{"rendered":"\n<p>Un adolescente de 16 a\u00f1os choc\u00f3 en la Ruta 44 en Entre R\u00edos contra un auto en el que iba una familia .<br>\u00a0\u00a0durante el fin de semana extra largo y, a casi dos semanas del hecho, se confirm\u00f3 que la mam\u00e1 y su hija murieron despu\u00e9s de estar internadas, mientras que el padre y el otro hijo hab\u00edan fallecido en el lugar.<br>\u00a0\u00a0 El estremecedor caso sucedi\u00f3 el martes 2 de abril cuando la familia regresaba de un d\u00eda recreativo en la ciudad de Federaci\u00f3n y en el kil\u00f3metro 3 de la Ruta 44 un Chevrolet Cruze blanco conducido por un adolescente embisti\u00f3 al\u00a0Volkswagen Fox negro en el que iban Octavio Telliz, Daniela Dos Santos y sus dos hijos, Ian y Ariana.<br>\u00a0\u00a0 En el lugar se confirm\u00f3 la muerte del padre y del menor, mientras que Daniela y Ariana fueron trasladadas en grave estado al\u00a0Hospital Masvernat de Concordia.<br>\u00a0\u00a0 Aun as\u00ed, los familiares de los Telliz continuaron con el dolor tras la confirmaci\u00f3n de que una semana despu\u00e9s la mujer muri\u00f3 y este domingo falleci\u00f3 Ariana.<br>\u00a0\u00a0 Ante este escenario desgarrador, realizaron una marcha en Concordia para exigir que el menor sea detenido por los cuatro homicidios: &#8220;Esto no puede quedar impune, tiene que haber un culpable&#8221;.<br>\u00a0\u00a0 &#8220;Una familia entera qued\u00f3 destruida\u00a0y en la comunidad de Concordia y Federaci\u00f3n se vive con mucho dolor. Hoy se sali\u00f3 a las calles a clamar justicia&#8221;, expresaron en redes sociales.<br>\u00a0\u00a0 &#8220;Ahora est\u00e1n los cuatro juntos, brillando en el cielo. Les arrebataron la vida, sue\u00f1os, proyectos y esa felicidad que derramaban. Los voy a extra\u00f1ar y llevar siempre en mi coraz\u00f3n&#8221;, manifest\u00f3 el padrino de la menor.<br>\u00a0\u00a0 Otro familiar tambi\u00e9n los record\u00f3 y pidi\u00f3 Justicia por ellos: &#8220;Este mundo les qued\u00f3 chico. S\u00e9 que ellos ahora est\u00e1n descansando juntos, que ya no est\u00e1n sufriendo y que ese chico que les quit\u00f3 la vida no va a poder dormir. Se llev\u00f3 cuatro vidas: un chico de apenas 33 a\u00f1os, una madraza de 30, un nene hermoso de 9 a\u00f1os y una peque\u00f1a guerrera de 5 a\u00f1os. \u00bfC\u00f3mo puede vivir con eso?&#8221;.<br>\u00a0\u00a0 La causa qued\u00f3 en manos de la\u00a0Fiscal\u00eda a cargo de Josefina Pen\u00f3n Busaniche, que orden\u00f3 hacer una\u00a0pericia accidentol\u00f3gica\u00a0para determinar la mec\u00e1nica del siniestro y si el adolescente es el responsable del hecho. Al ser menor, podr\u00eda recibir una pena por &#8220;homicidio culposo&#8221;.<\/p>\n","protected":false},"excerpt":{"rendered":"<p>Un adolescente de 16 a\u00f1os choc\u00f3 en la Ruta 44 en Entre R\u00edos contra un auto en el que iba una familia .\u00a0\u00a0durante el fin de semana extra largo y,&hellip; <\/p>\n","protected":false},"author":2,"featured_media":0,"comment_status":"closed","ping_status":"open","sticky":false,"template":"","format":"standard","meta":{"footnotes":""},"categories":[22],"tags":[],"class_list":["post-30061","post","type-post","status-publish","format-standard","hentry","category-sociedad"],"_links":{"self":[{"href":"https:\/\/eenergetica.com.ar\/index.php\/wp-json\/wp\/v2\/posts\/30061","targetHints":{"allow":["GET"]}}],"collection":[{"href":"https:\/\/eenergetica.com.ar\/index.php\/wp-json\/wp\/v2\/posts"}],"about":[{"href":"https:\/\/eenergetica.com.ar\/index.php\/wp-json\/wp\/v2\/types\/post"}],"author":[{"embeddable":true,"href":"https:\/\/eenergetica.com.ar\/index.php\/wp-json\/wp\/v2\/users\/2"}],"replies":[{"embeddable":true,"href":"https:\/\/eenergetica.com.ar\/index.php\/wp-json\/wp\/v2\/comments?post=30061"}],"version-history":[{"count":1,"href":"https:\/\/eenergetica.com.ar\/index.php\/wp-json\/wp\/v2\/posts\/30061\/revisions"}],"predecessor-version":[{"id":30062,"href":"https:\/\/eenergetica.com.ar\/index.php\/wp-json\/wp\/v2\/posts\/30061\/revisions\/30062"}],"wp:attachment":[{"href":"https:\/\/eenergetica.com.ar\/index.php\/wp-json\/wp\/v2\/media?parent=30061"}],"wp:term":[{"taxonomy":"category","embeddable":true,"href":"https:\/\/eenergetica.com.ar\/index.php\/wp-json\/wp\/v2\/categories?post=30061"},{"taxonomy":"post_tag","embeddable":true,"href":"https:\/\/eenergetica.com.ar\/index.php\/wp-json\/wp\/v2\/tags?post=30061"}],"curies":[{"name":"wp","href":"https:\/\/api.w.org\/{rel}","templated":true}]}}