{"id":30021,"date":"2024-04-12T08:33:09","date_gmt":"2024-04-12T11:33:09","guid":{"rendered":"http:\/\/eenergetica.com.ar\/?p=30021"},"modified":"2024-04-12T08:33:10","modified_gmt":"2024-04-12T11:33:10","slug":"el-gobierno-celebro-el-fallo-sobre-los-atentados-a-la-embajada-y-la-amia","status":"publish","type":"post","link":"https:\/\/eenergetica.com.ar\/index.php\/2024\/04\/12\/el-gobierno-celebro-el-fallo-sobre-los-atentados-a-la-embajada-y-la-amia\/","title":{"rendered":"EL GOBIERNO CELEBR\u00d3 EL FALLO SOBRE LOS ATENTADOS A LA EMBAJADA Y LA AMIA"},"content":{"rendered":"\n<p>El Gobierno celebr\u00f3 hoy la sentencia que &#8220;puso fin a d\u00e9cadas de postergaci\u00f3n y encubrimiento&#8221; por los atentados contra la embajada de Israel y la AMIA, ordenados por Ir\u00e1n y perpetrados por Hezbollah, de acuerdo con un fallo de la C\u00e1mara de Casaci\u00f3n Federal.<br>\u00a0\u00a0 En consecuencia, y luego de este fallo, la Argentina estar\u00eda en condiciones de demandar a Ir\u00e1n.<br>\u00a0\u00a0 Por medio de un comunicado, la Oficina del Presidente Javier Milei remarc\u00f3 &#8220;el avance significativo en el \u00e1mbito judicial y pone de manifiesto los reiterados intentos del kirchnerismo por encubrir la responsabilidad de Ir\u00e1n y postergando este fallo hist\u00f3rico y traicionando a la Patria en 2013&#8221;.<br>\u00a0\u00a0 En ese sentido la nota hizo referencia al Memor\u00e1ndum de Entendimiento, que &#8220;promov\u00eda y garantizaba la impunidad terrorista&#8221;.<br>\u00a0\u00a0 Por tal motivo, el gobierno celebr\u00f3 el fallo de la Justicia, que &#8220;puso fin a d\u00e9cadas de postergaci\u00f3n y encubrimiento&#8221; por los atentados contra los organismos jud\u00edos, ocurrido en 1992 y 1994, en la embajada y la AMIA, respectivamente.<br>\u00a0\u00a0 &#8220;El presidente Milei afirm\u00f3 desde el comienzo de su mandato la independencia absoluta del Poder Judicial. La C\u00e1mara Federal de Casaci\u00f3n Penal pudo ejercer su funci\u00f3n con total libertad, sin presiones, para ejercer la Justicia que tanto v\u00edctimas como familias esperaron durante d\u00e9cadas&#8221;, concluy\u00f3 el comunicado.<br>\u00a0\u00a0 la resoluci\u00f3n judicial es clave en el marco de la causa AMIA, cuyo atentado cumplir\u00e1 30 a\u00f1os.<br>\u00a0\u00a0 La sentencia fue dictada por los jueces Carlos Mahiques, Diego Barroetave\u00f1a y Angela Ledesma, quienes establecieron que el ataque a la AMIA fue organizado, planificado, financiado y ejecutado por integrantes de organizaciones que reportan org\u00e1nica, funcional e ideol\u00f3gicamente a un Estado (como es el caso de Hezbollah).<\/p>\n","protected":false},"excerpt":{"rendered":"<p>El Gobierno celebr\u00f3 hoy la sentencia que &#8220;puso fin a d\u00e9cadas de postergaci\u00f3n y encubrimiento&#8221; por los atentados contra la embajada de Israel y la AMIA, ordenados por Ir\u00e1n y&hellip; <\/p>\n","protected":false},"author":2,"featured_media":30022,"comment_status":"closed","ping_status":"open","sticky":false,"template":"","format":"standard","meta":{"footnotes":""},"categories":[20],"tags":[],"class_list":["post-30021","post","type-post","status-publish","format-standard","has-post-thumbnail","hentry","category-politica"],"_links":{"self":[{"href":"https:\/\/eenergetica.com.ar\/index.php\/wp-json\/wp\/v2\/posts\/30021","targetHints":{"allow":["GET"]}}],"collection":[{"href":"https:\/\/eenergetica.com.ar\/index.php\/wp-json\/wp\/v2\/posts"}],"about":[{"href":"https:\/\/eenergetica.com.ar\/index.php\/wp-json\/wp\/v2\/types\/post"}],"author":[{"embeddable":true,"href":"https:\/\/eenergetica.com.ar\/index.php\/wp-json\/wp\/v2\/users\/2"}],"replies":[{"embeddable":true,"href":"https:\/\/eenergetica.com.ar\/index.php\/wp-json\/wp\/v2\/comments?post=30021"}],"version-history":[{"count":1,"href":"https:\/\/eenergetica.com.ar\/index.php\/wp-json\/wp\/v2\/posts\/30021\/revisions"}],"predecessor-version":[{"id":30023,"href":"https:\/\/eenergetica.com.ar\/index.php\/wp-json\/wp\/v2\/posts\/30021\/revisions\/30023"}],"wp:featuredmedia":[{"embeddable":true,"href":"https:\/\/eenergetica.com.ar\/index.php\/wp-json\/wp\/v2\/media\/30022"}],"wp:attachment":[{"href":"https:\/\/eenergetica.com.ar\/index.php\/wp-json\/wp\/v2\/media?parent=30021"}],"wp:term":[{"taxonomy":"category","embeddable":true,"href":"https:\/\/eenergetica.com.ar\/index.php\/wp-json\/wp\/v2\/categories?post=30021"},{"taxonomy":"post_tag","embeddable":true,"href":"https:\/\/eenergetica.com.ar\/index.php\/wp-json\/wp\/v2\/tags?post=30021"}],"curies":[{"name":"wp","href":"https:\/\/api.w.org\/{rel}","templated":true}]}}