{"id":29798,"date":"2024-03-29T13:31:06","date_gmt":"2024-03-29T16:31:06","guid":{"rendered":"http:\/\/eenergetica.com.ar\/?p=29798"},"modified":"2024-03-29T13:31:07","modified_gmt":"2024-03-29T16:31:07","slug":"milei-ya-tiene-think-tank-economico-paralelo-a-luis-caputo","status":"publish","type":"post","link":"https:\/\/eenergetica.com.ar\/index.php\/2024\/03\/29\/milei-ya-tiene-think-tank-economico-paralelo-a-luis-caputo\/","title":{"rendered":"MILEI YA TIENE THINK TANK ECON\u00d3MICO PARALELO A LUIS CAPUTO"},"content":{"rendered":"\n<p>El presidente Javier Milei confirm\u00f3 la conformaci\u00f3n del Consejos de Asesores Econ\u00f3micos que trabajar\u00e1 ad honorem para la administraci\u00f3n, tras la reuni\u00f3n con Demian Reidel, ex vicepresidente del Banco Central, en la quinta de Olivos.<br>\u00a0\u00a0 En coordinaci\u00f3n con los asesores del c\u00edrculo rojo, Santiago Caputo y Federico Sturzenegger, y el ministro de Econom\u00eda, Luis &#8220;Toto&#8221; Caputo, la idea es reeditar la funci\u00f3n del grupo de economistas que acompa\u00f1\u00f3 al libertario durante la campa\u00f1a.<br>\u00a0\u00a0 Con la reuni\u00f3n celebrada el jueves Santo, el mandatario busc\u00f3 dar el puntapi\u00e9 inicial para el funcionamiento del accionar que tendr\u00e1n los especialistas en la materia.<br>\u00a0\u00a0 Seg\u00fan supo la agencia Noticias Argentinas, forman parte del consejo el legislador libertario Ramiro Marra, el empresario Eduardo Bastitta, el economista Fausto Spotorno. el economista del CEP Ariel Coremberg. el CEO de Carta Financiera Miguel Boggiano y el director de Econom\u00e9trica, Ramiro Casti\u00f1eira.<br>\u00a0\u00a0 En las \u00faltimas horas, Boggiano utiliz\u00f3 sus redes para agradecerle a Milei la posibilidad: &#8220;Agradezco al Presidente y amigo Javier Milei por la invitaci\u00f3n a sumarme Consejo de Asesores Econ\u00f3micos. Conf\u00edo en que debatiremos propuestas audaces. Tengo una revolucionaria en mente&#8221;. El mensaje fue compartido por el mandatario.<br>\u00a0\u00a0 El titular del grupo de asesores es Reidel, ex vicepresidente del Banco Central bajo el gobierno de Mauricio Macri, licenciado en f\u00edsica por el Instituto Balseiro y doctor en Econom\u00eda por la Universidad de Harvard.<br>\u00a0\u00a0 Tras conocerse su designaci\u00f3n el viernes 8 de marzo expres\u00f3: &#8220;Quiero agradecerle al Se\u00f1or Presidente por su confianza al ponerme a cargo del nuevo consejo de asesores econ\u00f3micos del presidente. Es para mi un honor y un privilegio poder aportar mi esfuerzo para pensar en la Argentina del futuro&#8221;.<\/p>\n","protected":false},"excerpt":{"rendered":"<p>El presidente Javier Milei confirm\u00f3 la conformaci\u00f3n del Consejos de Asesores Econ\u00f3micos que trabajar\u00e1 ad honorem para la administraci\u00f3n, tras la reuni\u00f3n con Demian Reidel, ex vicepresidente del Banco Central,&hellip; <\/p>\n","protected":false},"author":2,"featured_media":29799,"comment_status":"closed","ping_status":"open","sticky":false,"template":"","format":"standard","meta":{"footnotes":""},"categories":[20],"tags":[],"class_list":["post-29798","post","type-post","status-publish","format-standard","has-post-thumbnail","hentry","category-politica"],"_links":{"self":[{"href":"https:\/\/eenergetica.com.ar\/index.php\/wp-json\/wp\/v2\/posts\/29798","targetHints":{"allow":["GET"]}}],"collection":[{"href":"https:\/\/eenergetica.com.ar\/index.php\/wp-json\/wp\/v2\/posts"}],"about":[{"href":"https:\/\/eenergetica.com.ar\/index.php\/wp-json\/wp\/v2\/types\/post"}],"author":[{"embeddable":true,"href":"https:\/\/eenergetica.com.ar\/index.php\/wp-json\/wp\/v2\/users\/2"}],"replies":[{"embeddable":true,"href":"https:\/\/eenergetica.com.ar\/index.php\/wp-json\/wp\/v2\/comments?post=29798"}],"version-history":[{"count":1,"href":"https:\/\/eenergetica.com.ar\/index.php\/wp-json\/wp\/v2\/posts\/29798\/revisions"}],"predecessor-version":[{"id":29800,"href":"https:\/\/eenergetica.com.ar\/index.php\/wp-json\/wp\/v2\/posts\/29798\/revisions\/29800"}],"wp:featuredmedia":[{"embeddable":true,"href":"https:\/\/eenergetica.com.ar\/index.php\/wp-json\/wp\/v2\/media\/29799"}],"wp:attachment":[{"href":"https:\/\/eenergetica.com.ar\/index.php\/wp-json\/wp\/v2\/media?parent=29798"}],"wp:term":[{"taxonomy":"category","embeddable":true,"href":"https:\/\/eenergetica.com.ar\/index.php\/wp-json\/wp\/v2\/categories?post=29798"},{"taxonomy":"post_tag","embeddable":true,"href":"https:\/\/eenergetica.com.ar\/index.php\/wp-json\/wp\/v2\/tags?post=29798"}],"curies":[{"name":"wp","href":"https:\/\/api.w.org\/{rel}","templated":true}]}}