{"id":29795,"date":"2024-03-29T13:28:36","date_gmt":"2024-03-29T16:28:36","guid":{"rendered":"http:\/\/eenergetica.com.ar\/?p=29795"},"modified":"2024-03-29T13:28:37","modified_gmt":"2024-03-29T16:28:37","slug":"bullrich-anuncio-el-envio-al-congreso-de-la-ley-de-imputabilidad-y-recibio-el-apoyo-del-presidente-el-que-las-hace-las-paga","status":"publish","type":"post","link":"https:\/\/eenergetica.com.ar\/index.php\/2024\/03\/29\/bullrich-anuncio-el-envio-al-congreso-de-la-ley-de-imputabilidad-y-recibio-el-apoyo-del-presidente-el-que-las-hace-las-paga\/","title":{"rendered":"BULLRICH ANUNCI\u00d3 EL ENV\u00cdO AL CONGRESO DE LA LEY DE IMPUTABILIDAD Y RECIBI\u00d3 EL APOYO DEL PRESIDENTE: &#8220;EL QUE LAS HACE LAS PAGA&#8221;"},"content":{"rendered":"\n<p>\u00a0La ministra de Seguridad, Patricia Bullrich, anticip\u00f3 que el Gobierno de Javier Milei envi\u00f3 al Congreso la Ley de Imputabilidad en la que trabaja junto a su par\u00a0de Justicia, Mariano C\u00faneo Libarona, con el objetivo de que los menores de edad puedan ser condenados a partir de los 14 a\u00f1os.<br>\u00a0\u00a0 Lo hizo a trav\u00e9s del anuncio en el que cont\u00f3 que la Polic\u00eda de Santa Fe detuvo al menor de 15 a\u00f1os que asesin\u00f3 al playero Bruno Bussanich en la ciudad de Rosario y que qued\u00f3 a disposici\u00f3n de la Justicia de Menores.<br>\u00a0\u00a0 &#8220;Acaba de ser detenido por la Polic\u00eda de Santa Fe el asesino del playero Bruno Bussanich, de Rosario. Asesinato que destruye toda una familia&#8221;, se\u00f1al\u00f3 la funcionaria en redes sociales.<br>\u00a0\u00a0 En la misma l\u00ednea, precis\u00f3: &#8220;Es nuestra obligaci\u00f3n que, en casos como estos, se haga justicia. Ya est\u00e1 entrando al Congreso de la Naci\u00f3n la Ley de Imputabilidad, para que nunca m\u00e1s cr\u00edmenes como estos queden impunes&#8221;.<br>\u00a0\u00a0 El jefe de Estado tambi\u00e9n se expres\u00f3 al respecto por el mismo canal al precisar que &#8220;el que las hace, las paga&#8221; y su vocero, Manuel Adorni, indic\u00f3: &#8220;Se logr\u00f3 detener al asesino que fusil\u00f3 al playero en Rosario: tiene 15 a\u00f1os. Delito de adulto, pena de adulto&#8221;.<br>.<br>Baja de Imputabilidad.<br>.<br>La intenci\u00f3n del Gobierno es modificar la vigente Ley 22.278, sancionada y promulgada el 25 de agosto de 1980, en plena dictadura militar, modificada en mayo de 1983 y que detalla que el\u00a0R\u00e9gimen Penal de Minoridad, en su art\u00edculo uno establece que &#8220;no es punible el menor que no haya cumplido diecis\u00e9is a\u00f1os de edad. Tampoco lo es el que no haya cumplido dieciocho a\u00f1os, respecto de delitos de acci\u00f3n privada o reprimidos con pena privativa de la libertad que no exceda de dos a\u00f1os, con multa o con inhabilitaci\u00f3n&#8221;.<br>\u00a0\u00a0 El ministro C\u00faneo Libarona manifest\u00f3 que &#8220;el tema minoridad est\u00e1 en crisis desde hace al menos 50 a\u00f1os&#8221; y que la Ley 22.278 fue sancionada cuando &#8220;la criminalidad era otra, muy distinta a la de ahora&#8221;.<br>\u00a0\u00a0 &#8220;El Estado no le presta atenci\u00f3n a los menores, no es un tema de ahora&#8221;, puntualiz\u00f3 el funcionario en declaraciones al canal Todo Noticias (TN) y advirti\u00f3 que el proyecto contempla modificaciones en los m\u00e9todos para lograr que los j\u00f3venes puedan ser reinsertados en la sociedad. &#8220;No te sirve meterlo preso, te sirve un tratamiento en serio, no esta porquer\u00eda (institutos de menores)&#8221;, concluy\u00f3.<\/p>\n","protected":false},"excerpt":{"rendered":"<p>\u00a0La ministra de Seguridad, Patricia Bullrich, anticip\u00f3 que el Gobierno de Javier Milei envi\u00f3 al Congreso la Ley de Imputabilidad en la que trabaja junto a su par\u00a0de Justicia, Mariano&hellip; <\/p>\n","protected":false},"author":2,"featured_media":29796,"comment_status":"closed","ping_status":"open","sticky":false,"template":"","format":"standard","meta":{"footnotes":""},"categories":[20],"tags":[],"class_list":["post-29795","post","type-post","status-publish","format-standard","has-post-thumbnail","hentry","category-politica"],"_links":{"self":[{"href":"https:\/\/eenergetica.com.ar\/index.php\/wp-json\/wp\/v2\/posts\/29795","targetHints":{"allow":["GET"]}}],"collection":[{"href":"https:\/\/eenergetica.com.ar\/index.php\/wp-json\/wp\/v2\/posts"}],"about":[{"href":"https:\/\/eenergetica.com.ar\/index.php\/wp-json\/wp\/v2\/types\/post"}],"author":[{"embeddable":true,"href":"https:\/\/eenergetica.com.ar\/index.php\/wp-json\/wp\/v2\/users\/2"}],"replies":[{"embeddable":true,"href":"https:\/\/eenergetica.com.ar\/index.php\/wp-json\/wp\/v2\/comments?post=29795"}],"version-history":[{"count":1,"href":"https:\/\/eenergetica.com.ar\/index.php\/wp-json\/wp\/v2\/posts\/29795\/revisions"}],"predecessor-version":[{"id":29797,"href":"https:\/\/eenergetica.com.ar\/index.php\/wp-json\/wp\/v2\/posts\/29795\/revisions\/29797"}],"wp:featuredmedia":[{"embeddable":true,"href":"https:\/\/eenergetica.com.ar\/index.php\/wp-json\/wp\/v2\/media\/29796"}],"wp:attachment":[{"href":"https:\/\/eenergetica.com.ar\/index.php\/wp-json\/wp\/v2\/media?parent=29795"}],"wp:term":[{"taxonomy":"category","embeddable":true,"href":"https:\/\/eenergetica.com.ar\/index.php\/wp-json\/wp\/v2\/categories?post=29795"},{"taxonomy":"post_tag","embeddable":true,"href":"https:\/\/eenergetica.com.ar\/index.php\/wp-json\/wp\/v2\/tags?post=29795"}],"curies":[{"name":"wp","href":"https:\/\/api.w.org\/{rel}","templated":true}]}}