{"id":27710,"date":"2023-11-22T12:43:18","date_gmt":"2023-11-22T15:43:18","guid":{"rendered":"http:\/\/eenergetica.com.ar\/?p=27710"},"modified":"2023-11-22T12:43:19","modified_gmt":"2023-11-22T15:43:19","slug":"calendario-de-eventos-turisticos-del-jueves-23-al-jueves-30-de-noviembre-de-2023-en-la-provincia-de-buenos-aires","status":"publish","type":"post","link":"https:\/\/eenergetica.com.ar\/index.php\/2023\/11\/22\/calendario-de-eventos-turisticos-del-jueves-23-al-jueves-30-de-noviembre-de-2023-en-la-provincia-de-buenos-aires\/","title":{"rendered":"CALENDARIO DE EVENTOS TUR\u00cdSTICOS DEL JUEVES 23 AL JUEVES 30 DE NOVIEMBRE DE 2023 EN LA PROVINCIA DE BUENOS AIRES"},"content":{"rendered":"\n<p>Esta semana, los municipios de la provincia de Buenos Aires celebran la producci\u00f3n y las tradiciones. Mar Chiquita, con la Fiesta Provincial de la Avicultura; General Rodr\u00edguez, con la Fiesta de la Frutilla; San Andr\u00e9s de Giles, con la Fiesta Provincial del Camino Real; Navarro, con la Fiesta del Mate y la Torta Negra, y General Pinto con la Fiesta de la Vaquillona Asada con Cuero Germaniense.<\/p>\n\n\n\n<p><strong>FIESTAS POPULARES<\/strong><\/p>\n\n\n\n<p><strong>MAR CHIQUITA (General Pir\u00e1n)<\/strong><\/p>\n\n\n\n<p><strong>Fiesta Provincial de la Avicultura<\/strong><\/p>\n\n\n\n<p><em>Fecha, hora y lugar:<\/em>&nbsp;Del jueves 23 al domingo 26, en diferentes horarios, Plaza Libertad.<\/p>\n\n\n\n<p><em>Descripci\u00f3n:<\/em>&nbsp;Espect\u00e1culos en vivo, m\u00fasica, baile, artesan\u00edas y emprendimientos. Entrada gratuita. Organiza la Comisi\u00f3n de Festejos con el acompa\u00f1amiento de la Municipalidad de Mar Chiquita. Programaci\u00f3n detallada en:&nbsp;<a href=\"http:\/\/www.facebook.com\/municipalidad.marchiquita\" target=\"_blank\" rel=\"noreferrer noopener\">www.facebook.com\/municipalidad.marchiquita<\/a>&nbsp;<\/p>\n\n\n\n<p><em>M\u00e1s informaci\u00f3n:<\/em>&nbsp;<a href=\"http:\/\/www.instagram.com\/turismo.marchiquita\" target=\"_blank\" rel=\"noreferrer noopener\">www.instagram.com\/turismo.marchiquita<\/a>&nbsp;&#8211;&nbsp;<a href=\"http:\/\/www.facebook.com\/turismomarchiquita\" target=\"_blank\" rel=\"noreferrer noopener\">www.facebook.com\/turismomarchiquita<\/a>&nbsp;<\/p>\n\n\n\n<p><strong>GENERAL RODR\u00cdGUEZ<\/strong><\/p>\n\n\n\n<p><strong>3\u00ba Fiesta de la Frutilla<\/strong><\/p>\n\n\n\n<p><em>Fecha, hora y lugar:<\/em>&nbsp;Del viernes 24 al domingo 26, desde las 12:00, predio Estaci\u00f3n Cultural, avenida 25 de Mayo e Int. Manny.<\/p>\n\n\n\n<p><em>Descripci\u00f3n:&nbsp;<\/em>&nbsp;Feria gastron\u00f3mica, espect\u00e1culos musicales, emprendimientos y artesan\u00edas. Adem\u00e1s, venta de frutillas directa de los productores locales. Entrada gratuita. Organiza la Municipalidad de General Rodr\u00edguez con el apoyo de la Subsecretar\u00eda de Turismo de la provincia de Buenos Aires.<br><em>M\u00e1s informaci\u00f3n:<\/em>&nbsp;<a href=\"http:\/\/www.instagram.com\/turismogeneralrodriguez\" target=\"_blank\" rel=\"noreferrer noopener\">www.instagram.com\/turismogeneralrodriguez<\/a>&nbsp;&nbsp;<\/p>\n\n\n\n<p><br><strong>CORONEL PRINGLES<\/strong><\/p>\n\n\n\n<p><strong>75\u00b0 Fiesta Anual Tradicionalista<\/strong><\/p>\n\n\n\n<p><em>Fecha, hora y lugar:<\/em>&nbsp;Del viernes 24 al domingo 26, en diferentes horarios, predio de la Asociaci\u00f3n Tradicionalista El Fog\u00f3n de los Gauchos, Col\u00f3n n\u00ba 425.&nbsp;<em>Descripci\u00f3n:<\/em>&nbsp;Fogones, jineteadas, almuerzo criollo, paseo gaucho, aspirantes a embajadores, elecci\u00f3n de representantes del fog\u00f3n, entrega de premios, m\u00fasica y baile. Se presentar\u00e1n la agrupaci\u00f3n El Fog\u00f3n de los Gauchos junto con la Escuela de Danzas; Entrevero; Ram\u00f3n Romanda; Los Sapos de Juan, La Entramada y el Indio Lucio Rojas; el baile estar\u00e1 a cargo de Leo de los Etchemendy. Organizan la Asociaci\u00f3n Tradicionalista El Fog\u00f3n de los Gauchos con el acompa\u00f1amiento de la Municipalidad de Coronel Pringles. Programaci\u00f3n detallada en:&nbsp;<a href=\"http:\/\/www.facebook.com\/asocfogondelosgauchos\/?locale=es_LA\" target=\"_blank\" rel=\"noreferrer noopener\">www.facebook.com\/asocfogondelosgauchos\/?locale=es_LA<\/a>&nbsp;<\/p>\n\n\n\n<p><em>M\u00e1s informaci\u00f3n:<\/em>&nbsp;<a href=\"http:\/\/www.facebook.com\/coronelpringlesturismo?locale=es_LA\" target=\"_blank\" rel=\"noreferrer noopener\">www.facebook.com\/coronelpringlesturismo?locale=es_LA<\/a>&nbsp;&#8211;&nbsp;<\/p>\n\n\n\n<p><a href=\"http:\/\/www.instagram.com\/coronelpringlesturismo\/\" target=\"_blank\" rel=\"noreferrer noopener\">www.instagram.com\/coronelpringlesturismo\/<\/a><\/p>\n\n\n\n<p><strong>SUIPACHA (General Rivas)<\/strong><\/p>\n\n\n\n<p><strong>7\u00ba Fiesta del Pan<\/strong><\/p>\n\n\n\n<p><em>Fecha, hora y lugar:&nbsp;<\/em>S\u00e1bado 25, desde las 14:00; y domingo 26, a partir de las 10:00, Paseo Islas Malvinas.<\/p>\n\n\n\n<p><em>Descripci\u00f3n:<\/em>&nbsp; Concurso en las categor\u00edas panader\u00eda y artesanal, feria de productos regionales, patio cervecero y shows en vivo. Entrada gratuita. Organiza la Asociaci\u00f3n Pueblo Solidario de General Rivas con el auspicio de la Municipalidad de Suipacha.&nbsp;<\/p>\n\n\n\n<p><em>M\u00e1s informaci\u00f3n<\/em>:&nbsp;<a href=\"http:\/\/www.facebook.com\/profile.php?id=100064162473509\" target=\"_blank\" rel=\"noreferrer noopener\">www.facebook.com\/profile.php?id=100064162473509<\/a>&nbsp;<\/p>\n\n\n\n<p><strong>PERGAMINO<\/strong><\/p>\n\n\n\n<p><strong>24\u00b0 Fiesta de las Colectividades en El Socorro<\/strong><\/p>\n\n\n\n<p><em>Fecha, hora y lugar<\/em>:&nbsp;S\u00e1bado 25, desde las 15:00, Plaza del Reencuentro.<\/p>\n\n\n\n<p><em>Descripci\u00f3n<\/em>:&nbsp;Gastronom\u00eda t\u00edpica, feria de artesan\u00edas, espect\u00e1culos con Los Chaza, Nacho Silva, Numeral 3 y Coro Italiano Pergamino. Entrada arancelada. Organiza la Comisi\u00f3n de Colectividades con el apoyo de la Municipalidad de Pergamino.<\/p>\n\n\n\n<p><em>M\u00e1s informaci\u00f3n<\/em>:&nbsp;&nbsp;<a href=\"https:\/\/www.instagram.com\/munipergamino\" target=\"_blank\" rel=\"noreferrer noopener\">www.instagram.com\/munipergamino<\/a>&nbsp;&#8211;<a href=\"https:\/\/www.facebook.com\/munipergamino\" target=\"_blank\" rel=\"noreferrer noopener\">www.facebook.com\/munipergamino<\/a><\/p>\n\n\n\n<p><strong>CARMEN DE ARECO (Tres Sargentos)<\/strong><\/p>\n\n\n\n<p><strong>10\u00ba Fiesta de Los Tres Sargentos<\/strong><\/p>\n\n\n\n<p><em>Fecha, hora y lugar:<\/em>&nbsp;Domingo 26, desde el mediod\u00eda, Tres Sargentos.&nbsp;<\/p>\n\n\n\n<p><em>Descripci\u00f3n:<\/em><em>&nbsp;<\/em>Desfile de instituciones, centros tradicionalistas, feria de artesan\u00edas y productores, sector gastron\u00f3mico, destrezas criollas y espect\u00e1culos musicales. Entrada gratuita. Organiza la Municipalidad de Carmen de Areco.&nbsp;&nbsp;<\/p>\n\n\n\n<p><em>M\u00e1s informaci\u00f3n<\/em>:&nbsp;<a href=\"http:\/\/www.facebook.com\/municipalidadcarmendeareco\" target=\"_blank\" rel=\"noreferrer noopener\">www.facebook.com\/municipalidadcarmendeareco<\/a>&nbsp;&#8211;&nbsp;<a href=\"http:\/\/www.instagram.com\/municipalidad_carmendeareco\" target=\"_blank\" rel=\"noreferrer noopener\">www.instagram.com\/municipalidad_carmendeareco<\/a>&nbsp;<\/p>\n\n\n\n<p><strong>SAN ANDR\u00c9S DE GILES (Pueblo Tur\u00edstico Villa Ru\u00edz)<\/strong><\/p>\n\n\n\n<p><strong>17\u00ba Fiesta Provincial del Camino Real<\/strong><\/p>\n\n\n\n<p><em>Fecha, hora y lugar:<\/em>&nbsp;Domingo 26, desde las 09:30, predio de la estaci\u00f3n de Tren General Belgrano.<\/p>\n\n\n\n<p><em>Descripci\u00f3n:<\/em>&nbsp;Patio de comidas, artesan\u00edas, desfiles, destrezas gauchas, artistas en vivo, prueba de tambores, desfile de paisanos, carruajes e instituciones, y espect\u00e1culos folcl\u00f3ricos. Entrada gratuita.<\/p>\n\n\n\n<p>Organiza la Comisi\u00f3n del Camino Real con la adhesi\u00f3n de la Municipalidad de San Andr\u00e9s de Giles.&nbsp;<\/p>\n\n\n\n<p><em>M\u00e1s informaci\u00f3n:<\/em>&nbsp;<a href=\"http:\/\/www.facebook.com\/profile.php?id=100058955573266\" target=\"_blank\" rel=\"noreferrer noopener\">www.facebook.com\/profile.php?id=100058955573266<\/a>&nbsp;<\/p>\n\n\n\n<figure class=\"wp-block-embed\"><div class=\"wp-block-embed__wrapper\">\nhttps:\/\/www.instagram.com\/fiestacaminoreal\/\n<\/div><\/figure>\n\n\n\n<p><strong>NAVARRO (Pueblo Tur\u00edstico Las Marianas)<\/strong><\/p>\n\n\n\n<p><strong>4\u00ba Fiesta del Mate y la Torta Negra<\/strong><\/p>\n\n\n\n<p><em>Fecha, hora y lugar:<\/em>&nbsp;Domingo 26, desde las 10:00, plaza principal del Pueblo Tur\u00edstico Las Marianas.<\/p>\n\n\n\n<p><em>Descripci\u00f3n:<\/em>&nbsp;Feria de emprendedores, patio de comidas, concurso de la mejor torta negra y premio al mejor stand. Actuar\u00e1n Agarrumis, Huella Pampa, Manakuy Tusuy, Musikeros, Navarreros, Atahuapla Yupanqui, Taller Municipal Villa Moll, Georgina Maceda, Sentir Gaucho, Claudia Lome\u00f1a y Tropical Camba. Entrada gratuita. Organizado por la EESN\u00ba 1 Ren\u00e9 Favaloro y la Municipalidad de Navarro.<\/p>\n\n\n\n<p><em>M\u00e1s informaci\u00f3n:<\/em>&nbsp;<a href=\"http:\/\/www.instagram.com\/turismonavarro\" target=\"_blank\" rel=\"noreferrer noopener\">www.instagram.com\/turismonavarro<\/a>&nbsp;&#8211;&nbsp;<a href=\"http:\/\/www.facebook.com\/turismonavarro\" target=\"_blank\" rel=\"noreferrer noopener\">www.facebook.com\/turismonavarro<\/a>&nbsp;&#8211;&nbsp;<a href=\"https:\/\/navarro.gob.ar\/\" target=\"_blank\" rel=\"noreferrer noopener\">https:\/\/navarro.gob.ar<\/a><\/p>\n\n\n\n<p><strong>EVENTOS GASTRON\u00d3MICOS<\/strong><\/p>\n\n\n\n<p><strong>LA PLATA<\/strong><\/p>\n\n\n\n<p><strong>Festival de la Gastronom\u00eda Italiana<\/strong><\/p>\n\n\n\n<p><em>Fecha, hora y lugar:<\/em>&nbsp;S\u00e1bado 25 y domingo 26, de 12:00 a 22:00, Parque Alberti, avenida 25 y avenida 38.<\/p>\n\n\n\n<p><em>Descripci\u00f3n:<\/em>&nbsp;Cocina en vivo, productores locales, food market y shows musicales. Organiza la Agencia de Coordinaci\u00f3n Territorial Italia \u2013 Argentina, patrocina la Municipalidad de La Plata y entes adheridos al Corredor Productivo Tur\u00edstico y Cultural Italia Argentina<\/p>\n\n\n\n<p><em>M\u00e1s informaci\u00f3n:<\/em>&nbsp;<a href=\"http:\/\/www.instagram.com\/festivaldelagastronomia\" target=\"_blank\" rel=\"noreferrer noopener\">www.instagram.com\/festivaldelagastronomia<\/a>&nbsp;<\/p>\n\n\n\n<p><strong>VILLARINO (Pedro Luro)<\/strong><\/p>\n\n\n\n<p><strong>110\u00b0 Aniversario de Pedro Luro y 29\u00b0 Fiesta Regional de las Colectividades<\/strong><\/p>\n\n\n\n<p><em>Fecha, hora y lugar:<\/em>&nbsp;S\u00e1bado 25 y domingo 26, desde las 09:00, predio del Ferrocarril.<\/p>\n\n\n\n<p><em>Descripci\u00f3n:<\/em>&nbsp;Artistas, espect\u00e1culos y entretenimiento para las infancias. Puestos de comidas a cargo de instituciones locales, carritos gastron\u00f3micos, patio cervecero, artesan\u00edas y emprendimientos. Entrada gratuita. Organiza la Comisi\u00f3n de Festejos de Pedro Luro&nbsp; con el acompa\u00f1amiento de la Municipalidad de Villarino.<\/p>\n\n\n\n<p><em>M\u00e1s informaci\u00f3n:<\/em>&nbsp;<a href=\"http:\/\/www.facebook.com\/comisiondefestejolurense\" target=\"_blank\" rel=\"noreferrer noopener\">www.facebook.com\/comisiondefestejolurense<\/a><\/p>\n\n\n\n<p><strong>GENERAL PINTO (Germania)<\/strong><\/p>\n\n\n\n<p><strong>16\u00b0 Fiesta de la Vaquillona Asada con Cuero Germaniense<\/strong><\/p>\n\n\n\n<p><em>Fecha, hora y lugar:<\/em>&nbsp;S\u00e1bado 25, desde las 18:00, y domingo 26, a partir de las 10:00, Parque Municipal del Centenario.<\/p>\n\n\n\n<p><em>Descripci\u00f3n<\/em>: Tradiciones folkl\u00f3ricas, gastronom\u00eda t\u00edpica y asado con cuero. Espect\u00e1culos art\u00edsticos y destrezas criollas. Entrada gratuita. Organiza la Municipalidad de General Pinto junto a las instituciones de la localidad.<\/p>\n\n\n\n<p><em>M\u00e1s informaci\u00f3n<\/em>:<a href=\"http:\/\/www.facebook.com\/profile.php?id=100067434391008\" target=\"_blank\" rel=\"noreferrer noopener\">www.facebook.com\/profile.php?id=100067434391008<\/a><\/p>\n\n\n\n<p><a href=\"http:\/\/www.instagram.com\/generalpintogobiernopresente\/\" target=\"_blank\" rel=\"noreferrer noopener\">&nbsp;www.instagram.com\/generalpintogobiernopresente\/<\/a><\/p>\n\n\n\n<p><strong>CHASCOM\u00daS<\/strong><\/p>\n\n\n\n<p><strong>15\u00ba Domingo Santiague\u00f1o<\/strong><\/p>\n\n\n\n<p><em>Fecha, hora y lugar:<\/em>&nbsp;Domingo 26, de 10:00 a 22:00, Fort\u00edn Chascom\u00fas.<\/p>\n\n\n\n<p><em>Descripci\u00f3n:<\/em>&nbsp;Artistas en vivo, feria de artesan\u00edas y emprendimientos. Entrada gratuita. Estacionamiento arancelado. Se suspende en caso de lluvia. Organiza la Municipalidad de Chascom\u00fas.<\/p>\n\n\n\n<p><em>M\u00e1s informaci\u00f3n:<\/em>&nbsp;<a href=\"http:\/\/www.instagram.com\/santiagoamigoo\" target=\"_blank\" rel=\"noreferrer noopener\">www.instagram.com\/santiagoamigoo<\/a>&nbsp;&#8211;&nbsp;<a href=\"http:\/\/www.chascomusapp.com\/\" target=\"_blank\" rel=\"noreferrer noopener\">www.chascomusapp.com<\/a>&nbsp;<\/p>\n\n\n\n<p><strong>EVENTOS CULTURALES<\/strong><\/p>\n\n\n\n<p><strong>MAIP\u00da<\/strong><\/p>\n\n\n\n<p><strong>3\u00ba Cabalgata Hist\u00f3rica \u201cLa vuelta de Pancho Ramos\u201d<\/strong><\/p>\n\n\n\n<p><em>Fecha, hora y lugar:<\/em>&nbsp;S\u00e1bado 25, a las 08:00, Los Tres Pasos.<\/p>\n\n\n\n<p><em>Descripci\u00f3n:<\/em>&nbsp;Cabalgata hist\u00f3rica con un almuerzo en la estancia Miraflores, fog\u00f3n criollo en Santo Domingo, servicio de cantina y parrilla. Actividad arancelada. Valor de cabalgantes: $5.000; valor de ciclistas: $2.500. A beneficio de instituciones locales. Organiza el Municipio de Maip\u00fa y la Mesa de Desarrollo Local de Santo Domingo.<\/p>\n\n\n\n<p><em>M\u00e1s informaci\u00f3n:<\/em>&nbsp;<a href=\"http:\/\/www.instagram.com\/municipiomaipubsas\" target=\"_blank\" rel=\"noreferrer noopener\">www.instagram.com\/municipiomaipubsas<\/a>&nbsp;&#8211;&nbsp;<a href=\"http:\/\/www.facebook.com\/MunicipioDeMaipu\" target=\"_blank\" rel=\"noreferrer noopener\">www.facebook.com\/MunicipioDeMaipu<\/a>&nbsp;&#8211;&nbsp;<\/p>\n\n\n\n<p><strong>EVENTOS RELIGIOSOS<\/strong><\/p>\n\n\n\n<p><strong>LA COSTA (San Clemente del Tuy\u00fa)<\/strong><\/p>\n\n\n\n<p><strong>88\u00ba Fiesta Patronal de San Clemente Romano<\/strong><\/p>\n\n\n\n<p><em>Fecha, hora y lugar:<\/em>&nbsp;S\u00e1bado 25 y domingo 26, desde las 12:00, Reserva Municipal Vivero Cosme Argerich.<\/p>\n\n\n\n<p><em>Descripci\u00f3n:<\/em>&nbsp;Gran asado familiar, puestos gastron\u00f3micos, feria de artesan\u00edas y espect\u00e1culos musicales. Adem\u00e1s, se degustar\u00e1 una torta de aproximadamente mil kilos. Entrada gratuita. Organiza Vecinos Unidos con el acompa\u00f1amiento del Municipio de La Costa.<\/p>\n\n\n\n<p><em>M\u00e1s informaci\u00f3n:<\/em>&nbsp;<a href=\"http:\/\/www.instagram.com\/fiestapatronalsan\/?hl=es-la\" target=\"_blank\" rel=\"noreferrer noopener\">www.instagram.com\/fiestapatronalsan\/?hl=es-la<\/a>&nbsp;<\/p>\n\n\n\n<p><strong>EVENTOS DEPORTIVOS<\/strong><\/p>\n\n\n\n<p><strong>ADOLFO ALSINA (Epecu\u00e9n)<\/strong><\/p>\n\n\n\n<p><strong>Vuelta al Lago Epecu\u00e9n<\/strong><\/p>\n\n\n\n<p><em>Fecha, hora y lugar<\/em>: Domingo 26, desde las 04:30, Playa Eco Sustentable.<\/p>\n\n\n\n<p><em>Descripci\u00f3n<\/em>:&nbsp;Carrera de 60 kil\u00f3metros por barrancas, arena, suelo salino, arroyos, bosques de caldenes, campo, ruinas de Villa Epecu\u00e9n y caminos vecinales. Tambi\u00e9n cuenta con circuitos de 21 y 10 kil\u00f3metros. Inscripci\u00f3n arancelada. Organiza la Municipalidad de Adolfo Alsina.<\/p>\n\n\n\n<p><em>M\u00e1s informaci\u00f3n<\/em>:&nbsp;<a href=\"http:\/\/www.termasdecarhue.gov.ar\/\" target=\"_blank\" rel=\"noreferrer noopener\">www.termasdecarhue.gov.ar<\/a>&nbsp;&#8211; whatsapp (2923) 427092.<\/p>\n\n\n\n<p><a href=\"http:\/\/www.instagram.com\/lagoepecuencarhue\" target=\"_blank\" rel=\"noreferrer noopener\">www.instagram.com\/lagoepecuencarhue<\/a>&#8211;<a href=\"http:\/\/www.facebook.com\/lagoepecuen.carhue\" target=\"_blank\" rel=\"noreferrer noopener\">www.facebook.com\/lagoepecuen.carhue<\/a>&nbsp;<\/p>\n\n\n\n<p><strong>GENERAL LAVALLE<\/strong><\/p>\n\n\n\n<p><strong>1\u00ba Concurso de la Corvina Negra<\/strong><\/p>\n\n\n\n<p><em>Fecha, hora y lugar<\/em>: Domingo 26, desde las 07:00, Puerto de la R\u00eda de Aj\u00f3.<\/p>\n\n\n\n<p><em>Descripci\u00f3n<\/em>:&nbsp;Concurso deportivo, con importantes premios, en el marco de la apertura de la temporada de pesca de la corvina negra. Cupos limitados con un costo de $6000 por pescador. Adem\u00e1s, cocina en vivo y degustaci\u00f3n, paseos n\u00e1uticos sobre la R\u00eda Aj\u00f3, espect\u00e1culos en vivo, feria de artesan\u00edas, productores locales y espacio de juegos. Entrada gratuita. Organiza la Municipalidad de General Lavalle.<\/p>\n\n\n\n<p><em>M\u00e1s informaci\u00f3n<\/em>:&nbsp;<a href=\"http:\/\/www.facebook.com\/turismo.general.lavalle\" target=\"_blank\" rel=\"noreferrer noopener\">www.facebook.com\/turismo.general.lavalle<\/a>&nbsp;&#8211;&nbsp;<a href=\"http:\/\/www.instagram.com\/turismolavalle\/?hl=es-la\" target=\"_blank\" rel=\"noreferrer noopener\">www.instagram.com\/turismolavalle\/?hl=es-la<\/a>&nbsp;<\/p>\n\n\n\n<p><strong>VISITAS GUIADAS<\/strong><\/p>\n\n\n\n<p><strong>LA PLATA<\/strong><\/p>\n\n\n\n<p><strong>Museo a la Luz de la Luna<\/strong><\/p>\n\n\n\n<p><em>Fecha, hora y lugar:<\/em>&nbsp;S\u00e1bado 25, de 19:00 a 24:00, en los diferentes museos de la ciudad de La Plata.<\/p>\n\n\n\n<p><em>Descripci\u00f3n:<\/em>&nbsp;Destinado al p\u00fablico de todas las edades, ofrece distintas actividades que vinculan el arte, la ciencia y la historia de los museos de la Universidad Nacional de La Plata.&nbsp; Quienes participen podr\u00e1n optar por diferentes circuitos o recorridos publicados en&nbsp;<a href=\"https:\/\/reddemuseos.unlp.edu.ar\/museos-a-la-luz-de-la-luna\" target=\"_blank\" rel=\"noreferrer noopener\">https:\/\/reddemuseos.unlp.edu.ar\/museos-a-la-luz-de-la-luna<\/a>&nbsp;Entrada libre y gratuita. Organiza la Red de Museos de la UNLP.<\/p>\n\n\n\n<p><em>M\u00e1s informaci\u00f3n:<\/em>&nbsp;<a href=\"http:\/\/www.facebook.com\/RedDeMuseosUnlp\" target=\"_blank\" rel=\"noreferrer noopener\">www.facebook.com\/RedDeMuseosUnlp<\/a><\/p>\n\n\n\n<p><strong>Cr\u00e9dito fotos<\/strong><\/p>\n\n\n\n<p>Fiesta Provincial del Camino Real: Subsecretar\u00eda de Turismo de la provincia de Buenos Aires<\/p>\n\n\n\n<p>La agenda tur\u00edstica y cultural de los 135 municipios se encuentra disponible en la APP ReCreo. Link de descarga:&nbsp;<a href=\"http:\/\/recreo.gba.gob.ar\/descargar\" target=\"_blank\" rel=\"noreferrer noopener\">recreo.gba.gob.ar\/descargar<\/a><\/p>\n","protected":false},"excerpt":{"rendered":"<p>Esta semana, los municipios de la provincia de Buenos Aires celebran la producci\u00f3n y las tradiciones. Mar Chiquita, con la Fiesta Provincial de la Avicultura; General Rodr\u00edguez, con la Fiesta&hellip; <\/p>\n","protected":false},"author":2,"featured_media":27711,"comment_status":"closed","ping_status":"open","sticky":false,"template":"","format":"standard","meta":{"footnotes":""},"categories":[27],"tags":[],"class_list":["post-27710","post","type-post","status-publish","format-standard","has-post-thumbnail","hentry","category-turismo"],"_links":{"self":[{"href":"https:\/\/eenergetica.com.ar\/index.php\/wp-json\/wp\/v2\/posts\/27710","targetHints":{"allow":["GET"]}}],"collection":[{"href":"https:\/\/eenergetica.com.ar\/index.php\/wp-json\/wp\/v2\/posts"}],"about":[{"href":"https:\/\/eenergetica.com.ar\/index.php\/wp-json\/wp\/v2\/types\/post"}],"author":[{"embeddable":true,"href":"https:\/\/eenergetica.com.ar\/index.php\/wp-json\/wp\/v2\/users\/2"}],"replies":[{"embeddable":true,"href":"https:\/\/eenergetica.com.ar\/index.php\/wp-json\/wp\/v2\/comments?post=27710"}],"version-history":[{"count":1,"href":"https:\/\/eenergetica.com.ar\/index.php\/wp-json\/wp\/v2\/posts\/27710\/revisions"}],"predecessor-version":[{"id":27712,"href":"https:\/\/eenergetica.com.ar\/index.php\/wp-json\/wp\/v2\/posts\/27710\/revisions\/27712"}],"wp:featuredmedia":[{"embeddable":true,"href":"https:\/\/eenergetica.com.ar\/index.php\/wp-json\/wp\/v2\/media\/27711"}],"wp:attachment":[{"href":"https:\/\/eenergetica.com.ar\/index.php\/wp-json\/wp\/v2\/media?parent=27710"}],"wp:term":[{"taxonomy":"category","embeddable":true,"href":"https:\/\/eenergetica.com.ar\/index.php\/wp-json\/wp\/v2\/categories?post=27710"},{"taxonomy":"post_tag","embeddable":true,"href":"https:\/\/eenergetica.com.ar\/index.php\/wp-json\/wp\/v2\/tags?post=27710"}],"curies":[{"name":"wp","href":"https:\/\/api.w.org\/{rel}","templated":true}]}}