{"id":27119,"date":"2023-10-31T09:24:32","date_gmt":"2023-10-31T12:24:32","guid":{"rendered":"http:\/\/eenergetica.com.ar\/?p=27119"},"modified":"2023-10-31T09:24:32","modified_gmt":"2023-10-31T12:24:32","slug":"ips-y-fiscalia-de-estado-brindaron-la-7-capacitacion-previsional-para-trabajadores-municipales-en-escobar","status":"publish","type":"post","link":"https:\/\/eenergetica.com.ar\/index.php\/2023\/10\/31\/ips-y-fiscalia-de-estado-brindaron-la-7-capacitacion-previsional-para-trabajadores-municipales-en-escobar\/","title":{"rendered":"IPS Y FISCAL\u00cdA DE ESTADO BRINDARON LA 7\u00b0 CAPACITACI\u00d3N PREVISIONAL PARA TRABAJADORES MUNICIPALES EN ESCOBAR"},"content":{"rendered":"\n<p>Entre el Instituto de Previsi\u00f3n Social (IPS) y la Fiscal\u00eda de Estado de la provincia de Buenos Aires, se llev\u00f3 adelante la 7\u00b0 \u201cJornada de capacitaci\u00f3n previsional\u201d para trabajadores y trabajadoras de 11 municipios, esta vez en la ciudad de Escobar.<\/p>\n\n\n\n<p>De este nuevo encuentro sincr\u00f3nico, participaron m\u00e1s de 50 trabajadores y trabajadoras que en lo cotidiano asumen el asesoramiento e inicio de tr\u00e1mites previsionales de los distintos gobiernos municipales y Centros de Atenci\u00f3n Previsional &#8211; CAP- de la Regional IX del IPS:&nbsp; Campana; Escobar; General San Mart\u00edn; Hurlingham; Ituzaing\u00f3; Mor\u00f3n; San Isidro; San Miguel; Tigre; Tres de Febrero y Vicente L\u00f3pez.&nbsp;<\/p>\n\n\n\n<p>Se disert\u00f3 sobre la&nbsp; \u201cactualizaci\u00f3n en materia previsional para trabajadoras y trabajadores jubilables bajo Ley N\u00b014.656\u201d. En consonancia se trabaj\u00f3 tambi\u00e9n sobre&nbsp;las problem\u00e1ticas comunes en los tr\u00e1mites y en los mecanismos para la obtenci\u00f3n de las prestaciones, haciendo hincapi\u00e9 en la articulaci\u00f3n interinstitucional para el desarrollo de mejores pol\u00edticas p\u00fablicas.&nbsp;<\/p>\n\n\n\n<p>Estos encuentros sincr\u00f3nicos, que se vienen desarrollando desde el mes de mayo, tienen como objetivo&nbsp;transformar las metodolog\u00edas de trabajo para garantizar el acceso al Derecho previsional a cada bonaerense.<\/p>\n\n\n\n<p>Estuvieron presentes en representaci\u00f3n del IPS: el Director Provincial de Territorializaci\u00f3n, Dami\u00e1n Natalini; el Director de la Regional IX, Federico Gast\u00f3n Corral. En representaci\u00f3n de la Fiscal\u00eda de Estado:&nbsp;Ver\u00f3nica Balbo, Romina P\u00e9rez Alonso y Gast\u00f3n De Pierris, todos profesionales del Derecho, quienes brindaron asesoramiento y herramientas para la gesti\u00f3n de los tr\u00e1mites previsionales.<\/p>\n\n\n\n<p>En lo que va del a\u00f1o, ya son m\u00e1s de 110 los municipios cubiertos a los que se pudo llegar con estas \u201cJornadas de capacitaci\u00f3n previsional\u201d, una propuesta formativa&nbsp;a cargo de personal t\u00e9cnico y profesional del IPS y de la Fiscal\u00eda de Estado, que se constituye en un dispositivo de reflexi\u00f3n sobre la pr\u00e1ctica del personal&nbsp;involucrado en el asesoramiento e inicio de tr\u00e1mites previsionales. Cabe consignar que en el mes de noviembre continuar\u00e1n su recorrido por las regionales del IPS restantes.&nbsp;<\/p>\n","protected":false},"excerpt":{"rendered":"<p>Entre el Instituto de Previsi\u00f3n Social (IPS) y la Fiscal\u00eda de Estado de la provincia de Buenos Aires, se llev\u00f3 adelante la 7\u00b0 \u201cJornada de capacitaci\u00f3n previsional\u201d para trabajadores y&hellip; <\/p>\n","protected":false},"author":2,"featured_media":27120,"comment_status":"closed","ping_status":"open","sticky":false,"template":"","format":"standard","meta":{"footnotes":""},"categories":[22],"tags":[],"class_list":["post-27119","post","type-post","status-publish","format-standard","has-post-thumbnail","hentry","category-sociedad"],"_links":{"self":[{"href":"https:\/\/eenergetica.com.ar\/index.php\/wp-json\/wp\/v2\/posts\/27119","targetHints":{"allow":["GET"]}}],"collection":[{"href":"https:\/\/eenergetica.com.ar\/index.php\/wp-json\/wp\/v2\/posts"}],"about":[{"href":"https:\/\/eenergetica.com.ar\/index.php\/wp-json\/wp\/v2\/types\/post"}],"author":[{"embeddable":true,"href":"https:\/\/eenergetica.com.ar\/index.php\/wp-json\/wp\/v2\/users\/2"}],"replies":[{"embeddable":true,"href":"https:\/\/eenergetica.com.ar\/index.php\/wp-json\/wp\/v2\/comments?post=27119"}],"version-history":[{"count":1,"href":"https:\/\/eenergetica.com.ar\/index.php\/wp-json\/wp\/v2\/posts\/27119\/revisions"}],"predecessor-version":[{"id":27121,"href":"https:\/\/eenergetica.com.ar\/index.php\/wp-json\/wp\/v2\/posts\/27119\/revisions\/27121"}],"wp:featuredmedia":[{"embeddable":true,"href":"https:\/\/eenergetica.com.ar\/index.php\/wp-json\/wp\/v2\/media\/27120"}],"wp:attachment":[{"href":"https:\/\/eenergetica.com.ar\/index.php\/wp-json\/wp\/v2\/media?parent=27119"}],"wp:term":[{"taxonomy":"category","embeddable":true,"href":"https:\/\/eenergetica.com.ar\/index.php\/wp-json\/wp\/v2\/categories?post=27119"},{"taxonomy":"post_tag","embeddable":true,"href":"https:\/\/eenergetica.com.ar\/index.php\/wp-json\/wp\/v2\/tags?post=27119"}],"curies":[{"name":"wp","href":"https:\/\/api.w.org\/{rel}","templated":true}]}}