{"id":26306,"date":"2023-09-30T07:30:00","date_gmt":"2023-09-30T10:30:00","guid":{"rendered":"http:\/\/eenergetica.com.ar\/?p=26306"},"modified":"2023-09-29T19:36:48","modified_gmt":"2023-09-29T22:36:48","slug":"los-dolares-libres-se-recalientan-y-amagan-con-meterle-mayor-presion-a-los-precios","status":"publish","type":"post","link":"https:\/\/eenergetica.com.ar\/index.php\/2023\/09\/30\/los-dolares-libres-se-recalientan-y-amagan-con-meterle-mayor-presion-a-los-precios\/","title":{"rendered":"LOS D\u00d3LARES &#8220;LIBRES&#8221; SE RECALIENTAN Y AMAGAN CON METERLE MAYOR PRESI\u00d3N A LOS PRECIOS"},"content":{"rendered":"\n<p><strong>A tres semanas de las elecciones, se despertaron los d\u00f3lares financieros y el blue, y amagan con meterle m\u00e1s presi\u00f3n a los precios, en un escenario ya de por s\u00ed de alta inflaci\u00f3n.<\/strong><\/p>\n\n\n\n<p>Concluye la \u00faltima semana de septiembre y deja una suba significativa de los d\u00f3lares financieros y el blue.<\/p>\n\n\n\n<p>A pesar de que el Gobierno mantiene congelado el tipo de cambio oficial, los d\u00f3lares paralelos y la ca\u00edda en la demanda de dinero por la incertidumbre electoral, le ponen presi\u00f3n a una inflaci\u00f3n que contin\u00faa viajando a n\u00fameros alt\u00edsimos.<\/p>\n\n\n\n<p>En esta semana el contado con liqui, el d\u00f3lar con el que pueden dolarizarse las empresas, avanz\u00f3 de $753 a $828. El MEP, el d\u00f3lar que compran las personas f\u00edsicas de manera legal y sin l\u00edmites, subi\u00f3 veinte pesos desde los $682 que cerr\u00f3 el viernes pasado a los $702 con que cerr\u00f3 hoy.<\/p>\n\n\n\n<p>Por su parte, el blue fue de $745 a $800 recuperando todo lo que no subi\u00f3 en los primeros veinte d\u00edas del mes y rompiendo su propio r\u00e9cord.<\/p>\n\n\n\n<p>Esto marca una dolarizaci\u00f3n de las carteras en b\u00fasqueda de mantener el poder adquisitivo y una huida del peso que pierde d\u00eda a d\u00eda poder de compra. La contracara, una mayor presi\u00f3n a los precios de la econom\u00eda.<\/p>\n\n\n\n<p>Nadie quiere los pesos y el \u00fanico refugio hoy es el d\u00f3lar, el dinero esta girando cada vez m\u00e1s r\u00e1pido y las remarcaciones son constantes. El d\u00f3lar, como otro precio de la econom\u00eda, se remarca minuto a minuto en todas las cotizaciones que cuentan con cierta libertad.<\/p>\n\n\n\n<p>&#8220;Octubre se anticipa como un mes agitado. En v\u00edsperas de los comicios generales, el d\u00f3lar CCL (referencia para transacciones internacionales) salt\u00f3 casi un 10% y el d\u00f3lar Blue comenz\u00f3 a acompa\u00f1arlo desde atr\u00e1s&#8221;, analizan desde la consultora LCG que adem\u00e1s mide la inflaci\u00f3n semanal de alimentos y bebidas.<\/p>\n\n\n\n<p>En ese sentido, midieron que en la cuarta semana de septiembre la suba de precios promedio en alimentos fue de 0,5% desacelerando respecto de la semana anterior. No obstante, en el mes registr\u00f3 una inflaci\u00f3n del 8,2%. El \u00edndice de inflaci\u00f3n general de septiembre seg\u00fan sus mediciones alcanzar\u00eda el 12% mensual, mientras que para fin de a\u00f1o esperan que el \u00edndice se ubique en torno al 190-200% anual.<\/p>\n\n\n\n<p>Dentro de las razones de estos niveles de inflaci\u00f3n detallan la inercia del panorama desatado luego de la devaluaci\u00f3n postpaso y la incertidumbre electoral.<\/p>\n\n\n\n<p>&#8220;Con un congelamiento del tipo de cambio y con una inflaci\u00f3n que corr\u00eda al 7% mensual, con demanda de dinero deprimida y una econom\u00eda altamente indexada, la devaluaci\u00f3n aislada, sin un programa de respaldo atr\u00e1s, se traslad\u00f3 velozmente a precios y duplic\u00f3 los registros mensuales de inflaci\u00f3n, erosionando en poco m\u00e1s de un mes la ef\u00edmera ganancia real del salto cambiario&#8221;, describieron.<\/p>\n\n\n\n<p>&#8220;En efecto, el tipo de cambio real ya se ubica en niveles inferiores al vigente previo a las PASO dejando como resabio un r\u00e9gimen de alta inflaci\u00f3n con registros de dos d\u00edgitos por mes. El corolario de este desastre de nominalidad es claramente una mayor p\u00e9rdida de poder adquisitivo&#8221;, concluyen su an\u00e1lisis.<\/p>\n\n\n\n<p>A esto que describen desde LCG, hay que sumarle la &#8220;inflaci\u00f3n bajo la alfombra&#8221; que genera la distorsi\u00f3n de precios relativos por ajustar y congelamientos de precios de servicios, prepagas, combustibles, y transporte p\u00fablico, que deber\u00e1n sincerarse en alg\u00fan momento.<\/p>\n\n\n\n<p>Desde la Fundaci\u00f3n Libertad y Progreso, Eugenio Mar\u00ed avanza con su an\u00e1lisis en la misma l\u00ednea: &#8220;El BCRA aceler\u00f3 el ritmo de suba de la base monetaria en un contexto de ca\u00edda en la demanda de pesos, por la incertidumbre electoral y los propios desequilibrios macro. Eso significa una mayor p\u00e9rdida de valor del peso. Algo que se traslada directamente al tipo de cambio, no porque suba el d\u00f3lar, sino porque se cae nuestra moneda&#8221;.<\/p>\n\n\n\n<p>&#8220;Que nuestra moneda se deprecie significa que necesitamos cada vez m\u00e1s pesos para comprar la misma cantidad de d\u00f3lares; pero tambi\u00e9n m\u00e1s pesos para comprar un kilo de pan, un paquete de galletitas o una botella de agua. Ahora, como los mercados financieros son los m\u00e1s flexibles, es ah\u00ed donde primero se ve la ca\u00edda del peso; pero r\u00e1pidamente se replicar\u00e1 en los de otros bienes y servicios&#8221;, cerr\u00f3 Mar\u00ed.<\/p>\n\n\n\n<p>Por su parte, Salvador Vitelli, jefe de Research de Romano Group, detall\u00f3 el &#8220;paso a paso&#8221; de la din\u00e1mica inflacionaria en un posteo enumerando el devenir de las medidas y las consecuencias que se desencadenan en base a las decisiones pol\u00edticas y econ\u00f3micas del \u00faltimo mes y medio.<\/p>\n\n\n\n<p>&#8220;1)Inflaci\u00f3n liquida poder adquisitivo. 2) Para &#8220;compensar&#8221; gastas lo que no ten\u00e9s. 3) Emit\u00eds para cubrir el bache fiscal. 4) Por el bache fiscal se te cae la deuda. 5) Como se cae la deuda, compras en el secundario emitiendo. 6) Al emitir como si no hubiese un ma\u00f1ana, genera inflaci\u00f3n. Y as\u00ed en loop&#8221;, cierra.<br><br>Inflaci\u00f3n de Septiembre<br><br>Mientras tanto, para el gobierno &#8220;la inflaci\u00f3n a\u00fan es alta pero esta en franco descenso&#8221;. La inflaci\u00f3n que comenz\u00f3 a medir el ministerio de Econom\u00eda a trav\u00e9s de la secretaria de Pol\u00edtica Econ\u00f3mica fue de 1,7% en la tercera semana.<\/p>\n\n\n\n<p>Desde que se conoci\u00f3 el \u00edndice, es la semana con el guarismo m\u00e1s bajo despu\u00e9s de 2,1% de la primer semana y el 2% de la segunda.<\/p>\n\n\n\n<p>Desde la secretar\u00eda subrayaron que &#8220;la inflaci\u00f3n semanal se ubica nuevamente por debajo del 2% tras el pico de 4,8% de agosto y despu\u00e9s de dos semanas de septiembre que habr\u00edan sido de 2,1% y 2%.<\/p>\n\n\n\n<p>&#8220;De esta forma, a pesar de seguir la inflaci\u00f3n en niveles muy elevados, ha venido siendo significativa la baja semanal respecto de los picos de agosto&#8221;, explicaron en el informe publicado en redes sociales.<\/p>\n\n\n\n<p>En el Palacio de Hacienda esperan que cuando se conozca el \u00edndice el pr\u00f3ximo jueves 12 de octubre, se encuentre debajo de los dos d\u00edgitos para poder mostrar una baja significativa desde el 12,4% que marc\u00f3 agosto, de cara a lo que ser\u00e1 las elecciones generales del 22 de octubre.<\/p>\n\n\n\n<p>En tanto, la Fundaci\u00f3n Libertad y Progreso inform\u00f3 su \u00edndice que mostr\u00f3 un aumento de 11% mensual. El dato de septiembre seg\u00fan lo medido por LyP representa una baja en la tasa de variaci\u00f3n mensual del \u00edndice de precios de 1,4 puntos porcentuales en relaci\u00f3n al dato anterior informado por el INDEC (12,4%) y la inflaci\u00f3n acumulada en los primeros nueve meses del a\u00f1o alcanzar\u00eda el 100%.<\/p>\n\n\n\n<p>&#8220;Septiembre se ubica como el segundo mes consecutivo con dos d\u00edgitos de inflaci\u00f3n. Si bien registramos una desaceleraci\u00f3n, el IPC sigue corriendo a un ritmo semanal de entre el 1,5%-2,0%; lo que mensualizado est\u00e1 en el orden del 9%. Esto nos marca una inflaci\u00f3n que se volvi\u00f3 a estabilizar otra vez un escal\u00f3n m\u00e1s arriba&#8221;, indic\u00f3 el reporte.<\/p>\n\n\n\n<p>Explic\u00f3 que &#8220;esto no es casual, ya que en las \u00faltimas semanas el BCRA aceler\u00f3 el ritmo de emisi\u00f3n de base monetaria. La consecuencia previsible es que la velocidad crucero de la inflaci\u00f3n tambi\u00e9n sea m\u00e1s alta&#8221;.<\/p>\n\n\n\n<p>Para Sebastian MeA tres semanas de las elecciones, se despertaron los d\u00f3lares financieros y el blue, y amagan con meterle m\u00e1s presi\u00f3n a los precios, en un escenario ya de por s\u00ed de alta inflaci\u00f3n.<\/p>\n","protected":false},"excerpt":{"rendered":"<p>A tres semanas de las elecciones, se despertaron los d\u00f3lares financieros y el blue, y amagan con meterle m\u00e1s presi\u00f3n a los precios, en un escenario ya de por s\u00ed&hellip; <\/p>\n","protected":false},"author":2,"featured_media":26307,"comment_status":"closed","ping_status":"open","sticky":false,"template":"","format":"standard","meta":{"footnotes":""},"categories":[21],"tags":[],"class_list":["post-26306","post","type-post","status-publish","format-standard","has-post-thumbnail","hentry","category-economia"],"_links":{"self":[{"href":"https:\/\/eenergetica.com.ar\/index.php\/wp-json\/wp\/v2\/posts\/26306","targetHints":{"allow":["GET"]}}],"collection":[{"href":"https:\/\/eenergetica.com.ar\/index.php\/wp-json\/wp\/v2\/posts"}],"about":[{"href":"https:\/\/eenergetica.com.ar\/index.php\/wp-json\/wp\/v2\/types\/post"}],"author":[{"embeddable":true,"href":"https:\/\/eenergetica.com.ar\/index.php\/wp-json\/wp\/v2\/users\/2"}],"replies":[{"embeddable":true,"href":"https:\/\/eenergetica.com.ar\/index.php\/wp-json\/wp\/v2\/comments?post=26306"}],"version-history":[{"count":1,"href":"https:\/\/eenergetica.com.ar\/index.php\/wp-json\/wp\/v2\/posts\/26306\/revisions"}],"predecessor-version":[{"id":26308,"href":"https:\/\/eenergetica.com.ar\/index.php\/wp-json\/wp\/v2\/posts\/26306\/revisions\/26308"}],"wp:featuredmedia":[{"embeddable":true,"href":"https:\/\/eenergetica.com.ar\/index.php\/wp-json\/wp\/v2\/media\/26307"}],"wp:attachment":[{"href":"https:\/\/eenergetica.com.ar\/index.php\/wp-json\/wp\/v2\/media?parent=26306"}],"wp:term":[{"taxonomy":"category","embeddable":true,"href":"https:\/\/eenergetica.com.ar\/index.php\/wp-json\/wp\/v2\/categories?post=26306"},{"taxonomy":"post_tag","embeddable":true,"href":"https:\/\/eenergetica.com.ar\/index.php\/wp-json\/wp\/v2\/tags?post=26306"}],"curies":[{"name":"wp","href":"https:\/\/api.w.org\/{rel}","templated":true}]}}