{"id":26290,"date":"2023-09-30T19:14:39","date_gmt":"2023-09-30T22:14:39","guid":{"rendered":"http:\/\/eenergetica.com.ar\/?p=26290"},"modified":"2023-09-29T19:17:07","modified_gmt":"2023-09-29T22:17:07","slug":"se-extiende-el-horario-de-inscripcion-al-refuerzo-para-trabajadores-informales","status":"publish","type":"post","link":"https:\/\/eenergetica.com.ar\/index.php\/2023\/09\/30\/se-extiende-el-horario-de-inscripcion-al-refuerzo-para-trabajadores-informales\/","title":{"rendered":"SE EXTIENDE EL HORARIO DE INSCRIPCI\u00d3N AL REFUERZO PARA TRABAJADORES INFORMALES"},"content":{"rendered":"\n<p><strong>ANSES informa que, a partir del viernes 29 de septiembre, se extendi\u00f3 el horario para inscribirse al refuerzo de ingresos para trabajadores informales de 14 a 24 horas todos los d\u00edas&nbsp;a trav\u00e9s de la web del organismo.<\/strong><\/p>\n\n\n\n<p>Asimismo, comunica que ma\u00f1ana s\u00e1bado 30 de septiembre&nbsp;<strong>m\u00e1s de 300 oficinas del organismo en todo el pa\u00eds permanecer\u00e1n abiertas,&nbsp;<\/strong>en su horario habitual de 8 a 14 horas, para validar los c\u00f3digos de acceso a cr\u00e9ditos ANSES para trabajadores en relaci\u00f3n de dependencia, para atender turnos de cr\u00e9ditos para jubilados y pensionados y para responder consultas e inquietudes sobre el refuerzo.<\/p>\n\n\n\n<p>De esta manera, se recuerda que quienes cumplan los requisitos para solicitarlo pueden hacerlo&nbsp;<strong>exclusivamente a trav\u00e9s de la web<\/strong>&nbsp;del organismo&nbsp;<a href=\"http:\/\/www.anses.gob.ar\/\">www.anses.gob.ar<\/a>&nbsp;o de la aplicaci\u00f3n Mi ANSES.<\/p>\n\n\n\n<p>Es importante mencionar que se trata de un refuerzo para aquellas personas que todav\u00eda no hab\u00edan sido alcanzadas por ninguna de todas las medidas anunciadas en las \u00faltimas semanas.<\/p>\n\n\n\n<p>Asimismo, las condiciones para acceder a este refuerzo de ingresosson:<strong>&nbsp;ser trabajadores y trabajadoras informales de entre 18 y 64 a\u00f1os, y no contar con ingresos registrados ni ser titular de ning\u00fan tipo de asistencia econ\u00f3mica del Estado<\/strong>, como la Asignaci\u00f3n Universal por Hijo (AUH), las becas Progresar o el Potenciar Trabajo.<\/p>\n\n\n\n<p>M\u00e1s informaci\u00f3n en&nbsp;<a href=\"https:\/\/www.anses.gob.ar\/refuerzo-para-trabajadores-informales\">https:\/\/www.anses.gob.ar\/refuerzo-para-trabajadores-informales<\/a><\/p>\n","protected":false},"excerpt":{"rendered":"<p>ANSES informa que, a partir del viernes 29 de septiembre, se extendi\u00f3 el horario para inscribirse al refuerzo de ingresos para trabajadores informales de 14 a 24 horas todos los&hellip; <\/p>\n","protected":false},"author":2,"featured_media":26291,"comment_status":"closed","ping_status":"open","sticky":false,"template":"","format":"standard","meta":{"footnotes":""},"categories":[21],"tags":[],"class_list":["post-26290","post","type-post","status-publish","format-standard","has-post-thumbnail","hentry","category-economia"],"_links":{"self":[{"href":"https:\/\/eenergetica.com.ar\/index.php\/wp-json\/wp\/v2\/posts\/26290","targetHints":{"allow":["GET"]}}],"collection":[{"href":"https:\/\/eenergetica.com.ar\/index.php\/wp-json\/wp\/v2\/posts"}],"about":[{"href":"https:\/\/eenergetica.com.ar\/index.php\/wp-json\/wp\/v2\/types\/post"}],"author":[{"embeddable":true,"href":"https:\/\/eenergetica.com.ar\/index.php\/wp-json\/wp\/v2\/users\/2"}],"replies":[{"embeddable":true,"href":"https:\/\/eenergetica.com.ar\/index.php\/wp-json\/wp\/v2\/comments?post=26290"}],"version-history":[{"count":1,"href":"https:\/\/eenergetica.com.ar\/index.php\/wp-json\/wp\/v2\/posts\/26290\/revisions"}],"predecessor-version":[{"id":26292,"href":"https:\/\/eenergetica.com.ar\/index.php\/wp-json\/wp\/v2\/posts\/26290\/revisions\/26292"}],"wp:featuredmedia":[{"embeddable":true,"href":"https:\/\/eenergetica.com.ar\/index.php\/wp-json\/wp\/v2\/media\/26291"}],"wp:attachment":[{"href":"https:\/\/eenergetica.com.ar\/index.php\/wp-json\/wp\/v2\/media?parent=26290"}],"wp:term":[{"taxonomy":"category","embeddable":true,"href":"https:\/\/eenergetica.com.ar\/index.php\/wp-json\/wp\/v2\/categories?post=26290"},{"taxonomy":"post_tag","embeddable":true,"href":"https:\/\/eenergetica.com.ar\/index.php\/wp-json\/wp\/v2\/tags?post=26290"}],"curies":[{"name":"wp","href":"https:\/\/api.w.org\/{rel}","templated":true}]}}