{"id":26251,"date":"2023-09-28T09:08:27","date_gmt":"2023-09-28T12:08:27","guid":{"rendered":"http:\/\/eenergetica.com.ar\/?p=26251"},"modified":"2023-09-28T09:08:27","modified_gmt":"2023-09-28T12:08:27","slug":"el-gobierno-pagara-un-bono-de-20-000-pesos-a-los-beneficiarios-del-potenciar-trabajo","status":"publish","type":"post","link":"https:\/\/eenergetica.com.ar\/index.php\/2023\/09\/28\/el-gobierno-pagara-un-bono-de-20-000-pesos-a-los-beneficiarios-del-potenciar-trabajo\/","title":{"rendered":"EL GOBIERNO PAGAR\u00c1 UN BONO DE 20.000 PESOS A LOS BENEFICIARIOS DEL POTENCIAR TRABAJO"},"content":{"rendered":"\n<p><strong>La ministra de Desarrollo Social, Victoria Tolosa Paz, junto a su par de Trabajo, Empleo y Seguridad Social de la Naci\u00f3n, Raquel &#8220;Kelly&#8221; Olmos, anunci\u00f3 hoy un bono para los adjudicatarios del Potenciar Trabajo de 20.000 pesos pagaderos en dos cuotas de diez mil junto a los beneficios de noviembre y Diciembre.<\/strong><\/p>\n\n\n\n<p>&nbsp; &nbsp;De esta manera, al aumento de la prestaci\u00f3n mensual por el impacto de la suba del Salario M\u00ednimo Vital y M\u00f3vil, durante noviembre y diciembre se suma este adicional.<\/p>\n\n\n\n<p>&nbsp;&nbsp; En noviembre, los titulares del Potenciar trabajo percibir\u00e1n un total de 76.000 pesos, producto de 66.000 pesos de la prestaci\u00f3n m\u00e1s los 10.000 pesos del bono, en tanto, en diciembre, la suma alcanzar\u00e1 los 83.000 pesos, gracias a un aumento del plan del 7 por ciento en l\u00ednea con el aumento del&nbsp; SMVM m\u00e1s los 10.000 pesos del bono.<\/p>\n\n\n\n<p>&nbsp;&nbsp; En la reuni\u00f3n del Consejo del Salario M\u00ednimo Vital y M\u00f3vil, donde ambas participaron y se decidi\u00f3 un aumento del 32,2 por ciento dividido en tres cuotas de&nbsp;12% en octubre, 10% en noviembre y 7% en diciembre llevando el salario a 155.000 pesos a diciembre, tambi\u00e9n se aument\u00f3 el valor del seguro de desempleo, para que quede por encima de cualquier cobro de plan social, buscando fortalecer la idea que el trabajador se reincorpore r\u00e1pidamente al mercado laboral, y no se vea tentado de anotarse en un plan.<\/p>\n\n\n\n<p>&nbsp;&nbsp; &#8220;Se tomo esta decisi\u00f3n porque necesitamos fortalecer el trabajo formal y el puente de quienes hoy est\u00e1n en la informalidad con planes sociales que se incorporen al trabajo formal, la debilidad del seguro de desempleo era que el desempleado prefer\u00eda no perder su plan social por que era superior a cualquier ingreso por desempleo. De esta forma esto queda saldado&#8221; sostuvo &#8220;Kelly&#8221; Olmos.<\/p>\n\n\n\n<p>&nbsp;&nbsp; &nbsp;En tanto, la ministra de Desarrollo afirm\u00f3: &#8220;Trabajamos todos los d\u00edas para recuperar los ingresos de los m\u00e1s vulnerables. Este aumento en el Salario M\u00ednimo Vital y M\u00f3vil eleva el monto autom\u00e1ticamente del Salario Social Complementario que es el ingreso de los trabajadores y trabajadoras del Potenciar Trabajo y redoblamos nuestros esfuerzos para proteger a estos sectores de la econom\u00eda popular con la extensi\u00f3n del bono de refuerzo de 10 mil pesos que ser\u00e1n pagados en noviembre y en diciembre&#8221;.<\/p>\n\n\n\n<p>&nbsp;&nbsp; La candidata a diputada nacional por Uni\u00f3n por la Patria expres\u00f3 que &#8220;estas medidas vienen a reparar la devaluaci\u00f3n impuesta por el FMI luego de las PASO, producto de la enorme deuda que la administraci\u00f3n de Mauricio Macri&#8221;.<\/p>\n\n\n\n<p>&nbsp;&nbsp; Y agreg\u00f3: &#8220;Hoy hay un Estado que se hace responsable de esta realidad y del deterioro que sufrieron los ingresos en el primer semestre producto de la inflaci\u00f3n, por eso esta decisi\u00f3n del Consejo del Salario, la extensi\u00f3n del bono para el Potenciar Trabajo y la enorme bater\u00eda de medidas que impuls\u00f3 nuestro ministro de Econom\u00eda y candidato a presidente Sergio Massa, ya est\u00e1n impactando positivamente en los ingresos de las familias vulnerables&#8221;.<\/p>\n","protected":false},"excerpt":{"rendered":"<p>La ministra de Desarrollo Social, Victoria Tolosa Paz, junto a su par de Trabajo, Empleo y Seguridad Social de la Naci\u00f3n, Raquel &#8220;Kelly&#8221; Olmos, anunci\u00f3 hoy un bono para los&hellip; <\/p>\n","protected":false},"author":2,"featured_media":26252,"comment_status":"closed","ping_status":"open","sticky":false,"template":"","format":"standard","meta":{"footnotes":""},"categories":[21],"tags":[],"class_list":["post-26251","post","type-post","status-publish","format-standard","has-post-thumbnail","hentry","category-economia"],"_links":{"self":[{"href":"https:\/\/eenergetica.com.ar\/index.php\/wp-json\/wp\/v2\/posts\/26251","targetHints":{"allow":["GET"]}}],"collection":[{"href":"https:\/\/eenergetica.com.ar\/index.php\/wp-json\/wp\/v2\/posts"}],"about":[{"href":"https:\/\/eenergetica.com.ar\/index.php\/wp-json\/wp\/v2\/types\/post"}],"author":[{"embeddable":true,"href":"https:\/\/eenergetica.com.ar\/index.php\/wp-json\/wp\/v2\/users\/2"}],"replies":[{"embeddable":true,"href":"https:\/\/eenergetica.com.ar\/index.php\/wp-json\/wp\/v2\/comments?post=26251"}],"version-history":[{"count":1,"href":"https:\/\/eenergetica.com.ar\/index.php\/wp-json\/wp\/v2\/posts\/26251\/revisions"}],"predecessor-version":[{"id":26253,"href":"https:\/\/eenergetica.com.ar\/index.php\/wp-json\/wp\/v2\/posts\/26251\/revisions\/26253"}],"wp:featuredmedia":[{"embeddable":true,"href":"https:\/\/eenergetica.com.ar\/index.php\/wp-json\/wp\/v2\/media\/26252"}],"wp:attachment":[{"href":"https:\/\/eenergetica.com.ar\/index.php\/wp-json\/wp\/v2\/media?parent=26251"}],"wp:term":[{"taxonomy":"category","embeddable":true,"href":"https:\/\/eenergetica.com.ar\/index.php\/wp-json\/wp\/v2\/categories?post=26251"},{"taxonomy":"post_tag","embeddable":true,"href":"https:\/\/eenergetica.com.ar\/index.php\/wp-json\/wp\/v2\/tags?post=26251"}],"curies":[{"name":"wp","href":"https:\/\/api.w.org\/{rel}","templated":true}]}}