{"id":26223,"date":"2023-09-27T13:22:55","date_gmt":"2023-09-27T16:22:55","guid":{"rendered":"http:\/\/eenergetica.com.ar\/?p=26223"},"modified":"2023-09-27T13:22:56","modified_gmt":"2023-09-27T16:22:56","slug":"mejoro-el-nivel-de-actividad-en-agosto-impulsado-por-el-sector-minero","status":"publish","type":"post","link":"https:\/\/eenergetica.com.ar\/index.php\/2023\/09\/27\/mejoro-el-nivel-de-actividad-en-agosto-impulsado-por-el-sector-minero\/","title":{"rendered":"MEJOR\u00d3 EL NIVEL DE ACTIVIDAD EN AGOSTO IMPULSADO POR EL SECTOR MINERO"},"content":{"rendered":"\n<p><strong>La actividad econ\u00f3mica creci\u00f3 en agosto 0,4% en comparaci\u00f3n con el mismo mes del a\u00f1o pasado y con relaci\u00f3n a julio, quebrando cuatro meses de variaciones negativas, seg\u00fan un informe privado.<\/strong><\/p>\n\n\n\n<p>De todas maneras, en los primeros ochos meses del a\u00f1o a\u00fan acumula un retroceso de 0,9%.<\/p>\n\n\n\n<p>La mejora en agosto estuvo impulsada por el sector minero que creci\u00f3 5% con relaci\u00f3n a agosto del a\u00f1o pasado. En los primeros ocho meses el avance es de 6,9%.<\/p>\n\n\n\n<p>Los datos corresponden al \u00cdndice General de Actividad (IGA) que elabora la consultora de Orlando Ferreres.<br>&#8220;Mirando a los sectores, el impulso proveniente de las actividades extractivas, junto con una desaceleraci\u00f3n en la ca\u00edda del agro, y especialmente la menor incidencia de la agricultura durante esta parte del a\u00f1o, son los principales motivos de la cifra positiva que surge de nuestra estimaci\u00f3n&#8221;, indic\u00f3 el trabajo.<\/p>\n\n\n\n<p>No obstante, la consultora advirti\u00f3 que &#8220;m\u00e1s all\u00e1 de este rebote, hacia adelante anticipamos una contracci\u00f3n de la econom\u00eda, afectada por la falta de divisas, una situaci\u00f3n macroecon\u00f3mica extremadamente fr\u00e1gil, y una incertidumbre extendida tanto en el \u00e1mbito econ\u00f3mico como en el pol\u00edtico&#8221;.<\/p>\n\n\n\n<p>En el desglose por sectores se destac\u00f3 la actividad minera que registr\u00f3 la mayor expansi\u00f3n sectorial. En detalle, la producci\u00f3n de petr\u00f3leo crudo mostr\u00f3 un crecimiento en agosto de 6,4% anual, mientras que la producci\u00f3n neta de gas creci\u00f3 2,0%, luego de tres meses de registros negativos.<\/p>\n\n\n\n<p>En tanto, el informe sostuvo que &#8220;agricultura y ganader\u00eda anot\u00f3 en agosto una contracci\u00f3n de 5,8% anual&#8221;, al tiempo que precis\u00f3 que a la ca\u00edda de 18,5% del sector agr\u00edcola se agreg\u00f3 un pobre resultado del sector ganadero, para el que estimamos una baja de 0,5%, luego de quince meses de cifras positivas&#8221;.<\/p>\n\n\n\n<p>A su vez, agreg\u00f3 que &#8220;en t\u00e9rminos acumulados el sector muestra una ca\u00edda de 26,0% al comparar con los ocho primeros meses de 2022.&nbsp;Respecto de la industria manufacturera indic\u00f3 que &#8220;contin\u00faa deprimida anotando una ca\u00edda de 3,9% anual en agosto, la cuarta consecutiva&#8221;.<\/p>\n\n\n\n<p>Con relaci\u00f3n al sector energ\u00e9tico indic\u00f3 que en agosto se observ\u00f3 una ca\u00edda de 2,0% anual, sumando cinco meses consecutivos de registros negativos, acumulando para los ocho meses en an\u00e1lisis una merma de 1,5%.<\/p>\n","protected":false},"excerpt":{"rendered":"<p>La actividad econ\u00f3mica creci\u00f3 en agosto 0,4% en comparaci\u00f3n con el mismo mes del a\u00f1o pasado y con relaci\u00f3n a julio, quebrando cuatro meses de variaciones negativas, seg\u00fan un informe&hellip; <\/p>\n","protected":false},"author":2,"featured_media":26224,"comment_status":"closed","ping_status":"open","sticky":false,"template":"","format":"standard","meta":{"footnotes":""},"categories":[21],"tags":[],"class_list":["post-26223","post","type-post","status-publish","format-standard","has-post-thumbnail","hentry","category-economia"],"_links":{"self":[{"href":"https:\/\/eenergetica.com.ar\/index.php\/wp-json\/wp\/v2\/posts\/26223","targetHints":{"allow":["GET"]}}],"collection":[{"href":"https:\/\/eenergetica.com.ar\/index.php\/wp-json\/wp\/v2\/posts"}],"about":[{"href":"https:\/\/eenergetica.com.ar\/index.php\/wp-json\/wp\/v2\/types\/post"}],"author":[{"embeddable":true,"href":"https:\/\/eenergetica.com.ar\/index.php\/wp-json\/wp\/v2\/users\/2"}],"replies":[{"embeddable":true,"href":"https:\/\/eenergetica.com.ar\/index.php\/wp-json\/wp\/v2\/comments?post=26223"}],"version-history":[{"count":1,"href":"https:\/\/eenergetica.com.ar\/index.php\/wp-json\/wp\/v2\/posts\/26223\/revisions"}],"predecessor-version":[{"id":26225,"href":"https:\/\/eenergetica.com.ar\/index.php\/wp-json\/wp\/v2\/posts\/26223\/revisions\/26225"}],"wp:featuredmedia":[{"embeddable":true,"href":"https:\/\/eenergetica.com.ar\/index.php\/wp-json\/wp\/v2\/media\/26224"}],"wp:attachment":[{"href":"https:\/\/eenergetica.com.ar\/index.php\/wp-json\/wp\/v2\/media?parent=26223"}],"wp:term":[{"taxonomy":"category","embeddable":true,"href":"https:\/\/eenergetica.com.ar\/index.php\/wp-json\/wp\/v2\/categories?post=26223"},{"taxonomy":"post_tag","embeddable":true,"href":"https:\/\/eenergetica.com.ar\/index.php\/wp-json\/wp\/v2\/tags?post=26223"}],"curies":[{"name":"wp","href":"https:\/\/api.w.org\/{rel}","templated":true}]}}