{"id":25446,"date":"2023-09-02T12:34:29","date_gmt":"2023-09-02T15:34:29","guid":{"rendered":"http:\/\/eenergetica.com.ar\/?p=25446"},"modified":"2023-09-02T12:34:29","modified_gmt":"2023-09-02T15:34:29","slug":"en-el-primer-semestre-mas-de-100-mil-personas-se-incorporaron-al-empleo-asalariado-formal-privado","status":"publish","type":"post","link":"https:\/\/eenergetica.com.ar\/index.php\/2023\/09\/02\/en-el-primer-semestre-mas-de-100-mil-personas-se-incorporaron-al-empleo-asalariado-formal-privado\/","title":{"rendered":"EN EL PRIMER SEMESTRE M\u00c1S DE 100 MIL PERSONAS SE INCORPORARON AL EMPLEO ASALARIADO FORMAL PRIVADO"},"content":{"rendered":"\n<p><strong>En los primeros seis meses de 2023, alrededor de 100 mil trabajadores se sumaron a la n\u00f3mina de empleos formales del sector privado, logrando en mayo de 2023 alcanzar el registro mas elevado desde 2009.<\/strong><\/p>\n\n\n\n<p>&nbsp; &nbsp;Durante el mes de junio, m\u00e1s de 17 mil personas encontraron empleo asalariado formal en el sector privado alcanzando los 35 meses consecutivos de expansi\u00f3n del empleo formal.<\/p>\n\n\n\n<p>&nbsp;&nbsp; As\u00ed lo expresa el Panorama Mensual de Trabajo Registrado a junio de 2023, que confecciona el ministerio de Trabajo conformado con los datos del SIPA de junio y la Encuesta de Indicadores Laborales de julio 2023.<\/p>\n\n\n\n<p>&nbsp;&nbsp; De esta manera, la actual gesti\u00f3n de gobierno, logr\u00f3 recuperar el nivel de empleo prepandemia y mantener una fase expansiva de creaci\u00f3n de empleo formal privado que ya alcanza los 35 meses.<\/p>\n\n\n\n<p>&nbsp;&nbsp;Durante este lapso 590 mil personas consiguieron acceder a puestos de trabajo.<\/p>\n\n\n\n<p>&nbsp;&nbsp; En tanto, el conjunto del trabajo formal \u2014que adem\u00e1s del empleo asalariado formal privado incluye al empleo p\u00fablico, trabajo en casas particulares y trabajo independiente bajo el r\u00e9gimen monotributista y aut\u00f3nomo\u2014 ha crecido en los \u00faltimos a\u00f1os. Durante la gesti\u00f3n actual de gobierno alrededor de 1.166.000 personas se incorporaron al trabajo registrado.<\/p>\n\n\n\n<p>&nbsp;&nbsp; De acuerdo con la informaci\u00f3n relevada por la Encuesta de Indicadores Laborales (EIL) de Julio 2023, que las contrataciones y desvinculaciones de personal resultaron similares a las del mes pasado.<\/p>\n\n\n\n<p>&nbsp;&nbsp; La tasa de entrada se encuentra en un nivel superior al de los meses de julio de los dos a\u00f1os previos a la pandemia, mientras que la tasa de salida muestra un nivel similar, explicando el crecimiento del empleo actual en relaci\u00f3n a la ca\u00edda en los a\u00f1os 2018 y 2019.<\/p>\n\n\n\n<p>&nbsp;&nbsp; El informe destaca que a pesar de la crisis e incertidumbre pol\u00edtica y econ\u00f3mica de los pr\u00f3ximos meses, &#8220;las expectativas netas de las empresas en lo referente a la contrataci\u00f3n de personal para los pr\u00f3ximos tres meses se mantienen positivas en 1,4%, aunque con un valor inferior al de los meses previos&#8221;.<\/p>\n\n\n\n<p>&nbsp;&nbsp; Seg\u00fan el documento emitido por el Ministerio de Trabajo, Empleo y Seguridad Social de la Naci\u00f3n, la expansi\u00f3n del empleo asalariado formal en Argentina ha sido generalizada, alcanzando niveles hist\u00f3ricos en varios sectores y provincias. 6 de los 14 sectores analizados y 9 de las 24 jurisdicciones alcanzaron, en 2023, el mayor n\u00famero de empleo asalariado registrado en el sector privado desde el inicio de la serie (2009).<\/p>\n\n\n\n<p>&nbsp;&nbsp; Los sectores que alcanzaron valores m\u00e1ximos fueron: Explotaci\u00f3n de minas y canteras, Comercio, Hoteles y restaurantes, Actividades empresariales, Ense\u00f1anza y Salud. Las provincias que marcaron los niveles m\u00e1ximos fueron Buenos Aires, C\u00f3rdoba, Santa Fe, Santiago del Estero, Catamarca, Corrientes, Entre R\u00edos, Neuqu\u00e9n y R\u00edo Negro.<\/p>\n\n\n\n<p>&nbsp;&nbsp; El crecimiento mensual del empleo asalariado registrado privado se verifica en 11 de los 14 sectores analizados. En dos sectores se observa estabilidad en el nivel de empleo, y en uno se advierte una variaci\u00f3n intermensual negativa.<\/p>\n\n\n\n<p>&nbsp;&nbsp; Entre las ramas de actividad que presentaron mayor dinamismo mensual se encuentran: Pesca (+1,9%), Hoteles y restaurantes (+0,8%), Explotaci\u00f3n de minas y canteras (+0,6%), Comercio y reparaciones (+0,5%) y Agricultura, ganader\u00eda y silvicultura (+0,5%). Por su parte, el sector de la Construcci\u00f3n presenta una reducci\u00f3n del 0,1%.<\/p>\n\n\n\n<p>&nbsp;&nbsp; A nivel regional, el crecimiento del empleo en junio 2023 fue generalizado: se observa que en 19 de las 24 jurisdicciones el empleo asalariado registrado creci\u00f3 en la comparaci\u00f3n con el mes anterior, mientras que en dos provincias el empleo se mantuvo estable y en tres se redujo.<\/p>\n","protected":false},"excerpt":{"rendered":"<p>En los primeros seis meses de 2023, alrededor de 100 mil trabajadores se sumaron a la n\u00f3mina de empleos formales del sector privado, logrando en mayo de 2023 alcanzar el&hellip; <\/p>\n","protected":false},"author":2,"featured_media":25447,"comment_status":"closed","ping_status":"open","sticky":false,"template":"","format":"standard","meta":{"footnotes":""},"categories":[24],"tags":[26],"class_list":["post-25446","post","type-post","status-publish","format-standard","has-post-thumbnail","hentry","category-provincia","tag-destacada"],"_links":{"self":[{"href":"https:\/\/eenergetica.com.ar\/index.php\/wp-json\/wp\/v2\/posts\/25446","targetHints":{"allow":["GET"]}}],"collection":[{"href":"https:\/\/eenergetica.com.ar\/index.php\/wp-json\/wp\/v2\/posts"}],"about":[{"href":"https:\/\/eenergetica.com.ar\/index.php\/wp-json\/wp\/v2\/types\/post"}],"author":[{"embeddable":true,"href":"https:\/\/eenergetica.com.ar\/index.php\/wp-json\/wp\/v2\/users\/2"}],"replies":[{"embeddable":true,"href":"https:\/\/eenergetica.com.ar\/index.php\/wp-json\/wp\/v2\/comments?post=25446"}],"version-history":[{"count":1,"href":"https:\/\/eenergetica.com.ar\/index.php\/wp-json\/wp\/v2\/posts\/25446\/revisions"}],"predecessor-version":[{"id":25448,"href":"https:\/\/eenergetica.com.ar\/index.php\/wp-json\/wp\/v2\/posts\/25446\/revisions\/25448"}],"wp:featuredmedia":[{"embeddable":true,"href":"https:\/\/eenergetica.com.ar\/index.php\/wp-json\/wp\/v2\/media\/25447"}],"wp:attachment":[{"href":"https:\/\/eenergetica.com.ar\/index.php\/wp-json\/wp\/v2\/media?parent=25446"}],"wp:term":[{"taxonomy":"category","embeddable":true,"href":"https:\/\/eenergetica.com.ar\/index.php\/wp-json\/wp\/v2\/categories?post=25446"},{"taxonomy":"post_tag","embeddable":true,"href":"https:\/\/eenergetica.com.ar\/index.php\/wp-json\/wp\/v2\/tags?post=25446"}],"curies":[{"name":"wp","href":"https:\/\/api.w.org\/{rel}","templated":true}]}}