{"id":24353,"date":"2023-07-21T15:32:29","date_gmt":"2023-07-21T18:32:29","guid":{"rendered":"http:\/\/eenergetica.com.ar\/?p=24353"},"modified":"2023-07-21T15:32:29","modified_gmt":"2023-07-21T18:32:29","slug":"bahillo-confirmo-que-habra-cambios-y-dijo-que-los-anuncios-sobre-el-dolar-agro-estan-a-cargo-del-banco-central","status":"publish","type":"post","link":"https:\/\/eenergetica.com.ar\/index.php\/2023\/07\/21\/bahillo-confirmo-que-habra-cambios-y-dijo-que-los-anuncios-sobre-el-dolar-agro-estan-a-cargo-del-banco-central\/","title":{"rendered":"BAHILLO CONFIRM\u00d3 QUE HABR\u00c1 CAMBIOS Y DIJO QUE LOS ANUNCIOS SOBRE EL &#8220;D\u00d3LAR AGRO&#8221; EST\u00c1N A CARGO DEL BANCO CENTRAL"},"content":{"rendered":"\n<p><strong>El secretario de Agricultura, Juan Jos\u00e9 Bahillo, confirm\u00f3 hoy que habr\u00e1 cambios en la pol\u00edtica cambiaria y que los anuncios est\u00e1n a cargo de Banco Central.<\/strong><\/p>\n\n\n\n<p>&nbsp; &nbsp;&#8220;Son medias que tiene que ver con la pol\u00edtica cambiaria y quien termina convalidando la pol\u00edtica cambiaria es el BCRA y no soy yo quien tiene que hacer este tipo de anuncio, si los hubiera&#8221;, dijo Bahillo tras una presentaci\u00f3n en la 135\u00aa Exposici\u00f3n Rural de Palermo.<\/p>\n\n\n\n<p>&nbsp;&nbsp; Acto seguido confirm\u00f3 que habr\u00e1 cambios en la pol\u00edtica cambiaria: &#8220;Entiendo que s\u00ed&#8221;, respondi\u00f3 ante una consulta espec\u00edfica, en di\u00e1logo con la prensa.<\/p>\n\n\n\n<p>&nbsp;&nbsp; De este modo, el funcionario se refiri\u00f3 a la posibilidad de que el Gobierno lance un nuevo tipo de cambio con el objetivo de estimular las exportaciones del campo.<\/p>\n\n\n\n<p>&nbsp;&nbsp; Bahillo tambi\u00e9n evit\u00f3 dar mayores precisiones, luego de exponer en el panel &#8220;Certidumbre sobre que traer\u00e1n los candidatos despu\u00e9s de octubre&#8221; all\u00ed en La Rural.<\/p>\n\n\n\n<p>&nbsp;&nbsp; A prop\u00f3sito de las declaraciones del funcionario, el presidente de la Sociedad Rural Argentina (SRA), Nicol\u00e1s Pino, coment\u00f3: &#8220;Entiendo la posici\u00f3n del secretario de Agricultura; el ministro de Econom\u00eda (Sergio Massa) avisa que va a comunicar una serie de medidas, corresponde que el ministro lo haga y entiendo al secretario que d\u00e9 lugar a su ministro&#8221;.<\/p>\n\n\n\n<p>&nbsp;&nbsp; &#8220;Vamos a esperar qu\u00e9 dice el ministro, pero todas estas medidas que se van tomando no son las soluciones, no son las medidas que necesita el campo argentino&#8221;, acot\u00f3.<\/p>\n\n\n\n<p>&nbsp;&nbsp; En la v\u00edspera, el mismo Pino le baj\u00f3 el pulgar al supuesto &#8220;d\u00f3lar campo&#8221; que lanzar\u00eda el Gobierno como nuevo tipo de cambio.<\/p>\n\n\n\n<p>&nbsp;&nbsp; &#8220;Este tipo de medidas dejan al descubierto los desequilibrios macroecon\u00f3micos de nuestro pa\u00eds&#8221;, plante\u00f3.<\/p>\n\n\n\n<p>&nbsp;&nbsp; &#8220;Si hay un nuevo d\u00f3lar diferencial, seguiremos con parches que benefician a algunos y perjudican a otros. Las medidas tienen que generales y beneficiar a todo el sector&#8221;, resalt\u00f3 Pino, antes del corte de cintas de la muestra de Palermo junto con el alcalde porte\u00f1o y precandidato presidencial de Juntos por el Cambio Horacio Rodr\u00edguez Larreta.<\/p>\n","protected":false},"excerpt":{"rendered":"<p>El secretario de Agricultura, Juan Jos\u00e9 Bahillo, confirm\u00f3 hoy que habr\u00e1 cambios en la pol\u00edtica cambiaria y que los anuncios est\u00e1n a cargo de Banco Central. &nbsp; &nbsp;&#8220;Son medias que&hellip; <\/p>\n","protected":false},"author":2,"featured_media":24354,"comment_status":"closed","ping_status":"open","sticky":false,"template":"","format":"standard","meta":{"footnotes":""},"categories":[21],"tags":[],"class_list":["post-24353","post","type-post","status-publish","format-standard","has-post-thumbnail","hentry","category-economia"],"_links":{"self":[{"href":"https:\/\/eenergetica.com.ar\/index.php\/wp-json\/wp\/v2\/posts\/24353","targetHints":{"allow":["GET"]}}],"collection":[{"href":"https:\/\/eenergetica.com.ar\/index.php\/wp-json\/wp\/v2\/posts"}],"about":[{"href":"https:\/\/eenergetica.com.ar\/index.php\/wp-json\/wp\/v2\/types\/post"}],"author":[{"embeddable":true,"href":"https:\/\/eenergetica.com.ar\/index.php\/wp-json\/wp\/v2\/users\/2"}],"replies":[{"embeddable":true,"href":"https:\/\/eenergetica.com.ar\/index.php\/wp-json\/wp\/v2\/comments?post=24353"}],"version-history":[{"count":1,"href":"https:\/\/eenergetica.com.ar\/index.php\/wp-json\/wp\/v2\/posts\/24353\/revisions"}],"predecessor-version":[{"id":24355,"href":"https:\/\/eenergetica.com.ar\/index.php\/wp-json\/wp\/v2\/posts\/24353\/revisions\/24355"}],"wp:featuredmedia":[{"embeddable":true,"href":"https:\/\/eenergetica.com.ar\/index.php\/wp-json\/wp\/v2\/media\/24354"}],"wp:attachment":[{"href":"https:\/\/eenergetica.com.ar\/index.php\/wp-json\/wp\/v2\/media?parent=24353"}],"wp:term":[{"taxonomy":"category","embeddable":true,"href":"https:\/\/eenergetica.com.ar\/index.php\/wp-json\/wp\/v2\/categories?post=24353"},{"taxonomy":"post_tag","embeddable":true,"href":"https:\/\/eenergetica.com.ar\/index.php\/wp-json\/wp\/v2\/tags?post=24353"}],"curies":[{"name":"wp","href":"https:\/\/api.w.org\/{rel}","templated":true}]}}