{"id":24350,"date":"2023-07-21T15:29:29","date_gmt":"2023-07-21T18:29:29","guid":{"rendered":"http:\/\/eenergetica.com.ar\/?p=24350"},"modified":"2023-07-21T15:29:30","modified_gmt":"2023-07-21T18:29:30","slug":"referentes-de-los-candidatos-prometen-levantar-restricciones-a-las-exportaciones-del-campo","status":"publish","type":"post","link":"https:\/\/eenergetica.com.ar\/index.php\/2023\/07\/21\/referentes-de-los-candidatos-prometen-levantar-restricciones-a-las-exportaciones-del-campo\/","title":{"rendered":"REFERENTES DE LOS CANDIDATOS PROMETEN LEVANTAR RESTRICCIONES A LAS EXPORTACIONES DEL CAMPO"},"content":{"rendered":"\n<p><strong>Referentes econ\u00f3micos de los principales precandidatos presidenciales debatieron hoy en la 135\u00aa edici\u00f3n de La Rural sobre las medidas que tomar\u00e1n tras las elecciones para ayudar al campo y aliviar la crisis.<\/strong><\/p>\n\n\n\n<p>&nbsp; &nbsp;En el panel &#8220;Certidumbre sobre que traer\u00e1n los candidatos despu\u00e9s de octubre&#8221; estuvieron Guillermo Bernaudo, Diana Mondino, Sergio Busso, Leonardo Sarquis y Juan Jos\u00e9 Bahillo, y dieron a conocer las propuestas de sus referentes.<\/p>\n\n\n\n<p>&nbsp;&nbsp; Bernaudo, referente de Patricia Bullrich, mostr\u00f3 propuestas &#8220;a partir del primer d\u00eda de su presidencia&#8221;.<\/p>\n\n\n\n<p>&nbsp;&nbsp; &#8220;Vamos a sacar todas las restricciones, las prohibiciones a las exportaciones y unificar los tipos de cambio&#8221;, subray\u00f3 el ex secretario de Agricultura, Ganader\u00eda y Pesca entre 2017 y 2019.<\/p>\n\n\n\n<p>&nbsp;&nbsp; Otro de los puntos en el que enfatiz\u00f3 es que Bullrich &#8220;volver\u00e1 a reinsertarnos en el mundo&#8221;.<br>&nbsp;&nbsp; Mondino, referente de Javier Milei, coincidi\u00f3 en lo que dijo Bernaudo al asegurar que van a tener su voto en el Congreso para la quita de las restricciones y exportaciones.<\/p>\n\n\n\n<p>&nbsp;&nbsp; &#8220;Lo que buscamos como gobierno para ayudar al campo es eliminar el mitigador de trabajadores de la AFIP y aseguramos que no va haber subsidios&#8221;, se\u00f1al\u00f3.<br>&nbsp;&nbsp; Adem\u00e1s, consider\u00f3 que &#8220;el impuesto al cheque es un disparate y por eso hay que eliminarlo&#8221;.<\/p>\n\n\n\n<p>&nbsp;&nbsp; Otras de las ayudas que recibir\u00eda el sector ser\u00eda la devoluci\u00f3n del IVA exportaci\u00f3n, unificaci\u00f3n de las tasas IVA en ganader\u00eda y la asignaci\u00f3n de recursos.<\/p>\n\n\n\n<p>&nbsp;&nbsp; Por su lado, Busso, representante de Juan Schiaretti, aclar\u00f3 que lleg\u00f3 a la misma conclusi\u00f3n que los otros funcionarios.<\/p>\n\n\n\n<p>&nbsp;&nbsp; &#8220;Debemos bajar las restricciones, eliminar la prohibici\u00f3n de las exportaciones y liberar la energ\u00eda para que el campo trabaje en paz&#8221;, indic\u00f3.<\/p>\n\n\n\n<p>&nbsp;&nbsp; En tanto, Sarquis, de Horacio Rodr\u00edguez Larreta, revel\u00f3 que dialog\u00f3 con Bernaudo para &#8220;ir por el mismo camino despu\u00e9s de las PASO&#8221;.<\/p>\n\n\n\n<p>&nbsp;&nbsp; &#8220;Argentina vive de parches y restricciones, por eso acompa\u00f1o a pleno todo lo que se vino diciendo en el panel&#8221;, se\u00f1al\u00f3.<\/p>\n\n\n\n<p>&nbsp;&nbsp; &#8220;Debemos eliminar los derechos de las importaciones regionales, modificar la ley de semillas e insertarnos en la bioeconom\u00eda, la innovaci\u00f3n y la energ\u00eda renovable&#8221;.<\/p>\n\n\n\n<p>&nbsp;&nbsp; Asimismo, expres\u00f3 la necesidad de un plan de 20 o 25 a\u00f1os que permita que el campo puede tener previsiones certeras.<\/p>\n\n\n\n<p>&nbsp;&nbsp; Al cierre, Bahillo remarc\u00f3 que se necesita de de una propuesta de pago por calidad y hacer una ley de plan de riego.<\/p>\n\n\n\n<p>&nbsp;&nbsp; &#8220;Debemos sumar un seguro clim\u00e1tico porque la sequ\u00eda mostr\u00f3 la peor cara de la crisis y tambi\u00e9n hacer una modificaci\u00f3n de la ley de semillas&#8221;, indic\u00f3 el funcionario, entre otras cuestiones.<\/p>\n","protected":false},"excerpt":{"rendered":"<p>Referentes econ\u00f3micos de los principales precandidatos presidenciales debatieron hoy en la 135\u00aa edici\u00f3n de La Rural sobre las medidas que tomar\u00e1n tras las elecciones para ayudar al campo y aliviar&hellip; <\/p>\n","protected":false},"author":2,"featured_media":24351,"comment_status":"closed","ping_status":"open","sticky":false,"template":"","format":"standard","meta":{"footnotes":""},"categories":[21],"tags":[],"class_list":["post-24350","post","type-post","status-publish","format-standard","has-post-thumbnail","hentry","category-economia"],"_links":{"self":[{"href":"https:\/\/eenergetica.com.ar\/index.php\/wp-json\/wp\/v2\/posts\/24350","targetHints":{"allow":["GET"]}}],"collection":[{"href":"https:\/\/eenergetica.com.ar\/index.php\/wp-json\/wp\/v2\/posts"}],"about":[{"href":"https:\/\/eenergetica.com.ar\/index.php\/wp-json\/wp\/v2\/types\/post"}],"author":[{"embeddable":true,"href":"https:\/\/eenergetica.com.ar\/index.php\/wp-json\/wp\/v2\/users\/2"}],"replies":[{"embeddable":true,"href":"https:\/\/eenergetica.com.ar\/index.php\/wp-json\/wp\/v2\/comments?post=24350"}],"version-history":[{"count":1,"href":"https:\/\/eenergetica.com.ar\/index.php\/wp-json\/wp\/v2\/posts\/24350\/revisions"}],"predecessor-version":[{"id":24352,"href":"https:\/\/eenergetica.com.ar\/index.php\/wp-json\/wp\/v2\/posts\/24350\/revisions\/24352"}],"wp:featuredmedia":[{"embeddable":true,"href":"https:\/\/eenergetica.com.ar\/index.php\/wp-json\/wp\/v2\/media\/24351"}],"wp:attachment":[{"href":"https:\/\/eenergetica.com.ar\/index.php\/wp-json\/wp\/v2\/media?parent=24350"}],"wp:term":[{"taxonomy":"category","embeddable":true,"href":"https:\/\/eenergetica.com.ar\/index.php\/wp-json\/wp\/v2\/categories?post=24350"},{"taxonomy":"post_tag","embeddable":true,"href":"https:\/\/eenergetica.com.ar\/index.php\/wp-json\/wp\/v2\/tags?post=24350"}],"curies":[{"name":"wp","href":"https:\/\/api.w.org\/{rel}","templated":true}]}}