{"id":24347,"date":"2023-07-21T15:27:43","date_gmt":"2023-07-21T18:27:43","guid":{"rendered":"http:\/\/eenergetica.com.ar\/?p=24347"},"modified":"2023-07-21T15:27:44","modified_gmt":"2023-07-21T18:27:44","slug":"alberto-fernandez-revelo-que-hablo-con-georgieva-y-acuso-a-la-oposicion-de-querer-que-la-situacion-economica-empeore","status":"publish","type":"post","link":"https:\/\/eenergetica.com.ar\/index.php\/2023\/07\/21\/alberto-fernandez-revelo-que-hablo-con-georgieva-y-acuso-a-la-oposicion-de-querer-que-la-situacion-economica-empeore\/","title":{"rendered":"ALBERTO FERN\u00c1NDEZ REVEL\u00d3 QUE HABL\u00d3 CON GEORGIEVA Y ACUS\u00d3 A LA OPOSICI\u00d3N DE QUERER &#8220;QUE LA SITUACI\u00d3N ECON\u00d3MICA EMPEORE&#8221;"},"content":{"rendered":"\n<p><strong>El presidente Alberto Fern\u00e1ndez revel\u00f3 que convers\u00f3 hoy telef\u00f3nicamente con la titular del Fondo Monetario Internacional (FMI), Kristalina Georgieva, y acus\u00f3 a referentes de Juntos por el Cambio de trabar las negociaciones de reestructuraci\u00f3n de deuda.<\/strong><\/p>\n\n\n\n<p>&nbsp; &nbsp;&#8220;Hay sectores de la oposici\u00f3n que apuestan a que la situaci\u00f3n econ\u00f3mica empeore&#8221;, expres\u00f3 en declaraciones radiales.<\/p>\n\n\n\n<p>&nbsp;&nbsp; &#8220;Son comentarios que nos llegan desde all\u00ed. Uno sabe qui\u00e9n es qui\u00e9n y es muy posible que esas cosas ocurran&#8221;, afirm\u00f3 en sinton\u00eda con los dichos del ministro de Econom\u00eda y precandidato presidencial de Uni\u00f3n por la Patria, Sergio Massa, y agreg\u00f3: &#8220;Hay un sector preocupado por los intereses de algunos y no por el bien de la patria&#8221;.<\/p>\n\n\n\n<p>&nbsp;&nbsp; Sus declaraciones se enmarcan mientras la delegaci\u00f3n del Ministerio de Econom\u00eda y los t\u00e9cnicos del FMI contin\u00faan con las negociaciones en Washington. Para el Presidente, Sergio Massa est\u00e1 &#8220;particularmente involucrado en la negociaci\u00f3n&#8221; y la tensi\u00f3n entre las partes surge a ra\u00edz de las condiciones que el organismo reclama.<\/p>\n\n\n\n<p>&nbsp;&nbsp; &#8220;Estas cosas, cuanto antes se resuelvan mejor, por la incertidumbre&#8221;, explic\u00f3, y agreg\u00f3: &#8220;Con esas cosas no especulamos.<br>&nbsp;&nbsp;Estamos viendo c\u00f3mo hacer una negociaci\u00f3n que no frustre el crecimiento argentino&#8221;.<\/p>\n\n\n\n<p>&nbsp;&nbsp; Asimismo, sostuvo que todas las negociaciones con el organismo de cr\u00e9dito &#8220;son dif\u00edciles cuando uno busca preservar sus decisiones propias&#8221;, y expres\u00f3: &#8220;Conf\u00edo en que vamos a poder avanzar, encontrar los acuerdos necesarios y podamos seguir adelante&#8221;.<\/p>\n\n\n\n<p>&nbsp;&nbsp; Seg\u00fan expres\u00f3, el mandatario intercambi\u00f3 su parecer con el de la titular del FMI en horas de la ma\u00f1ana, aunque evit\u00f3 dar precisiones al respecto. &#8220;Estamos trabajando a todo vapor para cerrar el acuerdo. Prefiero dejar trabajar a los que est\u00e1n trabajando y no hablar en los medios&#8221;, se\u00f1al\u00f3.<\/p>\n\n\n\n<p>&nbsp;&nbsp; Consultado sobre la posibilidad de pagar el pr\u00f3ximo vencimiento de deuda reprogramado para el 31 de julio en yuanes, como lo hizo el pasado 29 de junio, respondi\u00f3: &#8220;No quiero adelantar nada.<br>&nbsp;&nbsp;Estamos trabajando, vamos a llegar bien&#8221;.<\/p>\n\n\n\n<p>&nbsp;&nbsp; En las \u00faltimas horas, desde el FMI informaron que contin\u00faan discutiendo con funcionarios argentinos respecto a c\u00f3mo mejorar las reservas y la sostenibilidad fiscal.<\/p>\n\n\n\n<p>&nbsp;&nbsp; &#8220;Nuestros equipos contin\u00faan trabajando constructivamente, en persona, con el objetivo de llegar a un acuerdo sobre la quinta revisi\u00f3n del programa de Argentina respaldado por el Fondo&#8221;, expres\u00f3 un vocero del organismo.<\/p>\n\n\n\n<p>&nbsp;&nbsp; Adem\u00e1s, se\u00f1al\u00f3 que &#8220;las discusiones contin\u00faan enfocadas en las pol\u00edticas para fortalecer las reservas y mejorar la sostenibilidad fiscal&#8221; y a\u00f1adi\u00f3: &#8220;Continuaremos comunic\u00e1ndonos sobre el progreso de estas discusiones&#8221;.<br><br>Su rol en la campa\u00f1a electoral.<br><br>Alberto Fern\u00e1ndez explic\u00f3 adem\u00e1s el rol que asumir\u00e1 de cara a la campa\u00f1a electoral de Uni\u00f3n por la Patria, con vistas a las PASO del 13 de agosto pr\u00f3ximo.<\/p>\n\n\n\n<p>&nbsp;&nbsp; &#8220;Trato de concentrarme en la gesti\u00f3n, tengo que terminar bien el Gobierno, es lo mejor que puedo hacer en la campa\u00f1a en un contexto muy dif\u00edcil. Estoy trabajando mucho con Sergio (Massa) y Agust\u00edn (Rossi) y sigo lo que pasa en la campa\u00f1a porque los dos candidatos son ministros m\u00edos&#8221;, dijo.<\/p>\n\n\n\n<p>&nbsp;&nbsp; Por otro lado, carg\u00f3 contra los precandidatos de Juntos por el Cambio y contra Javier Milei al que acus\u00f3 de &#8220;querer una Argentina privatizada&#8221;.<\/p>\n\n\n\n<p>&nbsp;&nbsp; &#8220;La derecha quiere quitar derechos y volver a poner a la Argentina en una parcela del mundo al servicio de una potencia.<\/p>\n\n\n\n<p>&nbsp;&nbsp;Hay que advertir sobre el riesgo que estamos corriendo&#8221;, afirm\u00f3, y concluy\u00f3: &#8220;Los que quieren volver son los que nos dejaron 150.000 millones de d\u00f3lares de deuda y 55% de inflaci\u00f3n. A la gente hay que recordarle eso. Son los mismos que vuelven, los que dicen que el flagelo son los sindicatos&#8221;.<\/p>\n","protected":false},"excerpt":{"rendered":"<p>El presidente Alberto Fern\u00e1ndez revel\u00f3 que convers\u00f3 hoy telef\u00f3nicamente con la titular del Fondo Monetario Internacional (FMI), Kristalina Georgieva, y acus\u00f3 a referentes de Juntos por el Cambio de trabar&hellip; <\/p>\n","protected":false},"author":2,"featured_media":24348,"comment_status":"closed","ping_status":"open","sticky":false,"template":"","format":"standard","meta":{"footnotes":""},"categories":[21],"tags":[26],"class_list":["post-24347","post","type-post","status-publish","format-standard","has-post-thumbnail","hentry","category-economia","tag-destacada"],"_links":{"self":[{"href":"https:\/\/eenergetica.com.ar\/index.php\/wp-json\/wp\/v2\/posts\/24347","targetHints":{"allow":["GET"]}}],"collection":[{"href":"https:\/\/eenergetica.com.ar\/index.php\/wp-json\/wp\/v2\/posts"}],"about":[{"href":"https:\/\/eenergetica.com.ar\/index.php\/wp-json\/wp\/v2\/types\/post"}],"author":[{"embeddable":true,"href":"https:\/\/eenergetica.com.ar\/index.php\/wp-json\/wp\/v2\/users\/2"}],"replies":[{"embeddable":true,"href":"https:\/\/eenergetica.com.ar\/index.php\/wp-json\/wp\/v2\/comments?post=24347"}],"version-history":[{"count":1,"href":"https:\/\/eenergetica.com.ar\/index.php\/wp-json\/wp\/v2\/posts\/24347\/revisions"}],"predecessor-version":[{"id":24349,"href":"https:\/\/eenergetica.com.ar\/index.php\/wp-json\/wp\/v2\/posts\/24347\/revisions\/24349"}],"wp:featuredmedia":[{"embeddable":true,"href":"https:\/\/eenergetica.com.ar\/index.php\/wp-json\/wp\/v2\/media\/24348"}],"wp:attachment":[{"href":"https:\/\/eenergetica.com.ar\/index.php\/wp-json\/wp\/v2\/media?parent=24347"}],"wp:term":[{"taxonomy":"category","embeddable":true,"href":"https:\/\/eenergetica.com.ar\/index.php\/wp-json\/wp\/v2\/categories?post=24347"},{"taxonomy":"post_tag","embeddable":true,"href":"https:\/\/eenergetica.com.ar\/index.php\/wp-json\/wp\/v2\/tags?post=24347"}],"curies":[{"name":"wp","href":"https:\/\/api.w.org\/{rel}","templated":true}]}}