{"id":24278,"date":"2023-07-19T13:36:06","date_gmt":"2023-07-19T16:36:06","guid":{"rendered":"http:\/\/eenergetica.com.ar\/?p=24278"},"modified":"2023-07-19T13:36:07","modified_gmt":"2023-07-19T16:36:07","slug":"un-dirigente-social-cercano-a-grabois-revelo-que-votara-a-sergio-massa","status":"publish","type":"post","link":"https:\/\/eenergetica.com.ar\/index.php\/2023\/07\/19\/un-dirigente-social-cercano-a-grabois-revelo-que-votara-a-sergio-massa\/","title":{"rendered":"UN DIRIGENTE SOCIAL CERCANO A GRABOIS REVEL\u00d3 QUE VOTAR\u00c1 A SERGIO MASSA"},"content":{"rendered":"\n<p><strong>El dirigente de la Corriente Clasista y Combativa (CCC), Juan Carlos Alderete, sostuvo que &#8220;el pa\u00eds est\u00e1 en peligro&#8221; y revel\u00f3 que votar\u00e1 al ministro de Econom\u00eda y precandidato a presidente, Sergio Massa, a pesar de su estrecho v\u00ednculo con Juan Grabois.<\/strong><\/p>\n\n\n\n<p>&nbsp; &nbsp;El referente social competir\u00e1 por una banca en la C\u00e1mara de Diputados por lo que integrar\u00e1 ambas listas.<\/p>\n\n\n\n<p>&nbsp;&nbsp; &#8220;Voy a votar a Sergio Massa-Agust\u00edn Rossi, pero tambi\u00e9n formo parte de la lista de Grabois y dije que voy a adherir a los actos que \u00e9l (por Grabois) milite porque tenemos que jugarnos con todo a la unidad de Uni\u00f3n por la Patria&#8221;, se escud\u00f3 Alderete en declaraciones radiales.<\/p>\n\n\n\n<p>&nbsp;&nbsp; Asimismo, desarroll\u00f3: &#8220;Hay un aluvi\u00f3n de gente que no quiere ir a votar, est\u00e1 muy enojada, harta de la pol\u00edtica que no le resolvi\u00f3 las dificultades generadas en el gobierno anterior, y tenemos que hacerle una aclaraci\u00f3n de las cosas buenas que hizo el gobierno de Alberto Fern\u00e1ndez, las que no se pudo y las que no quiso hacer&#8221;.<\/p>\n\n\n\n<p>&nbsp;&nbsp; A poco menos de un mes de los comicios, Alderete destac\u00f3 al ministro de Econom\u00eda al que calific\u00f3 como &#8220;un pol\u00edtico que escucha&#8221;, y con el que comparte miradas respecto de la situaci\u00f3n social y econ\u00f3mica.<\/p>\n\n\n\n<p>&nbsp;&nbsp; &#8220;A Sergio Massa lo conozco desde que era intendente de Tigre. Es un pol\u00edtico que escucha. Estuvimos reunidos tres horas y media&#8221;, indic\u00f3.<\/p>\n\n\n\n<p>&nbsp;&nbsp; Seg\u00fan cont\u00f3, durante el intercambio, fue \u00e9l quien le sugiri\u00f3 al funcionario que la Argentina entable di\u00e1logo con pa\u00edses deudores como Egipto, Pakist\u00e1n y Ucrania para &#8220;imponerle condiciones&#8221; al Fondo Monetario Internacional (FMI).<\/p>\n\n\n\n<p>&nbsp;&nbsp; &#8220;No hay que pagar con el sufrimiento de la gente. Lo ha dicho muy claramente en estos d\u00edas, Sergio Massa&#8221;, remarc\u00f3.<\/p>\n\n\n\n<p>&nbsp;&nbsp; Por \u00faltimo, Alderete plante\u00f3 que &#8220;el pa\u00eds est\u00e1 en peligro&#8221; y admiti\u00f3 cr\u00edticas a varias pol\u00edticas implementadas por la administraci\u00f3n de Alberto Fern\u00e1ndez, entre ellas, la negociaci\u00f3n con la entidad de cr\u00e9dito. &#8220;El acuerdo iba a traer sufrimiento y ajuste a la gente&#8221;, concluy\u00f3.<\/p>\n","protected":false},"excerpt":{"rendered":"<p>El dirigente de la Corriente Clasista y Combativa (CCC), Juan Carlos Alderete, sostuvo que &#8220;el pa\u00eds est\u00e1 en peligro&#8221; y revel\u00f3 que votar\u00e1 al ministro de Econom\u00eda y precandidato a&hellip; <\/p>\n","protected":false},"author":2,"featured_media":24279,"comment_status":"closed","ping_status":"open","sticky":false,"template":"","format":"standard","meta":{"footnotes":""},"categories":[20],"tags":[],"class_list":["post-24278","post","type-post","status-publish","format-standard","has-post-thumbnail","hentry","category-politica"],"_links":{"self":[{"href":"https:\/\/eenergetica.com.ar\/index.php\/wp-json\/wp\/v2\/posts\/24278","targetHints":{"allow":["GET"]}}],"collection":[{"href":"https:\/\/eenergetica.com.ar\/index.php\/wp-json\/wp\/v2\/posts"}],"about":[{"href":"https:\/\/eenergetica.com.ar\/index.php\/wp-json\/wp\/v2\/types\/post"}],"author":[{"embeddable":true,"href":"https:\/\/eenergetica.com.ar\/index.php\/wp-json\/wp\/v2\/users\/2"}],"replies":[{"embeddable":true,"href":"https:\/\/eenergetica.com.ar\/index.php\/wp-json\/wp\/v2\/comments?post=24278"}],"version-history":[{"count":1,"href":"https:\/\/eenergetica.com.ar\/index.php\/wp-json\/wp\/v2\/posts\/24278\/revisions"}],"predecessor-version":[{"id":24280,"href":"https:\/\/eenergetica.com.ar\/index.php\/wp-json\/wp\/v2\/posts\/24278\/revisions\/24280"}],"wp:featuredmedia":[{"embeddable":true,"href":"https:\/\/eenergetica.com.ar\/index.php\/wp-json\/wp\/v2\/media\/24279"}],"wp:attachment":[{"href":"https:\/\/eenergetica.com.ar\/index.php\/wp-json\/wp\/v2\/media?parent=24278"}],"wp:term":[{"taxonomy":"category","embeddable":true,"href":"https:\/\/eenergetica.com.ar\/index.php\/wp-json\/wp\/v2\/categories?post=24278"},{"taxonomy":"post_tag","embeddable":true,"href":"https:\/\/eenergetica.com.ar\/index.php\/wp-json\/wp\/v2\/tags?post=24278"}],"curies":[{"name":"wp","href":"https:\/\/api.w.org\/{rel}","templated":true}]}}