{"id":24251,"date":"2023-07-18T12:22:28","date_gmt":"2023-07-18T15:22:28","guid":{"rendered":"http:\/\/eenergetica.com.ar\/?p=24251"},"modified":"2023-07-18T12:22:28","modified_gmt":"2023-07-18T15:22:28","slug":"el-gobierno-autorizo-un-nuevo-aumento-en-el-precio-del-bioetanol","status":"publish","type":"post","link":"https:\/\/eenergetica.com.ar\/index.php\/2023\/07\/18\/el-gobierno-autorizo-un-nuevo-aumento-en-el-precio-del-bioetanol\/","title":{"rendered":"EL GOBIERNO AUTORIZ\u00d3 UN NUEVO AUMENTO EN EL PRECIO DEL BIOETANOL"},"content":{"rendered":"\n<p><strong>La Secretar\u00eda de Energ\u00eda fij\u00f3 un aumento del 4,4% en el precio de adquisici\u00f3n del bioetanol elaborado a base de ca\u00f1a de az\u00facar y de ma\u00edz, destinado a su mezcla obligatoria con naftas.<\/strong><\/p>\n\n\n\n<p>&nbsp; &nbsp;Para ambos tipos de biocombustibles, se estableci\u00f3 un valor de $172,759 por litro, que regir\u00e1 para las operaciones llevadas a cabo a partir del 8 de julio de 2023 y hasta la publicaci\u00f3n de un nuevo precio que lo reemplace.<\/p>\n\n\n\n<p>&nbsp;&nbsp; As\u00ed fue dispuesto por la Resoluci\u00f3n 588\/2023, publicada este martes en el Bolet\u00edn Oficial.<br>&nbsp;&nbsp; El plazo de pago del bioetanol no podr\u00e1 exceder, en ning\u00fan caso, los 30 d\u00edas corridos a contar desde la fecha de la factura correspondiente, seg\u00fan el texto oficial.<\/p>\n\n\n\n<p>&nbsp;&nbsp; La cotizaci\u00f3n de estos biocombustibles var\u00eda de acuerdo con la variaci\u00f3n porcentual del precio en el surtidor de las naftas comercializadas en las estaciones de servicio de YPF de la Ciudad de Buenos Aires, seg\u00fan qued\u00f3 establecido en un decreto de octubre de 2021.<\/p>\n\n\n\n<p>&nbsp;&nbsp; Un a\u00f1o despu\u00e9s, Energ\u00eda fue facultada a establecer mecanismos alternativos para la determinaci\u00f3n del precio del bioetanol de aplicaci\u00f3n en los casos en que se verifiquen desfasajes sustanciales entre aquel precio y los costos de elaboraci\u00f3n de los citados biocombustibles.<\/p>\n\n\n\n<p>&nbsp;&nbsp; Ya en mayo de este a\u00f1o, esa Secretar\u00eda aprob\u00f3 nuevos procedimientos para la determinaci\u00f3n de los precios, que reci\u00e9n entrar\u00e1n en vigencia a partir del 1\u00ba de noviembre pr\u00f3ximo.<\/p>\n","protected":false},"excerpt":{"rendered":"<p>La Secretar\u00eda de Energ\u00eda fij\u00f3 un aumento del 4,4% en el precio de adquisici\u00f3n del bioetanol elaborado a base de ca\u00f1a de az\u00facar y de ma\u00edz, destinado a su mezcla&hellip; <\/p>\n","protected":false},"author":2,"featured_media":24252,"comment_status":"closed","ping_status":"open","sticky":false,"template":"","format":"standard","meta":{"footnotes":""},"categories":[23],"tags":[],"class_list":["post-24251","post","type-post","status-publish","format-standard","has-post-thumbnail","hentry","category-energia"],"_links":{"self":[{"href":"https:\/\/eenergetica.com.ar\/index.php\/wp-json\/wp\/v2\/posts\/24251","targetHints":{"allow":["GET"]}}],"collection":[{"href":"https:\/\/eenergetica.com.ar\/index.php\/wp-json\/wp\/v2\/posts"}],"about":[{"href":"https:\/\/eenergetica.com.ar\/index.php\/wp-json\/wp\/v2\/types\/post"}],"author":[{"embeddable":true,"href":"https:\/\/eenergetica.com.ar\/index.php\/wp-json\/wp\/v2\/users\/2"}],"replies":[{"embeddable":true,"href":"https:\/\/eenergetica.com.ar\/index.php\/wp-json\/wp\/v2\/comments?post=24251"}],"version-history":[{"count":1,"href":"https:\/\/eenergetica.com.ar\/index.php\/wp-json\/wp\/v2\/posts\/24251\/revisions"}],"predecessor-version":[{"id":24253,"href":"https:\/\/eenergetica.com.ar\/index.php\/wp-json\/wp\/v2\/posts\/24251\/revisions\/24253"}],"wp:featuredmedia":[{"embeddable":true,"href":"https:\/\/eenergetica.com.ar\/index.php\/wp-json\/wp\/v2\/media\/24252"}],"wp:attachment":[{"href":"https:\/\/eenergetica.com.ar\/index.php\/wp-json\/wp\/v2\/media?parent=24251"}],"wp:term":[{"taxonomy":"category","embeddable":true,"href":"https:\/\/eenergetica.com.ar\/index.php\/wp-json\/wp\/v2\/categories?post=24251"},{"taxonomy":"post_tag","embeddable":true,"href":"https:\/\/eenergetica.com.ar\/index.php\/wp-json\/wp\/v2\/tags?post=24251"}],"curies":[{"name":"wp","href":"https:\/\/api.w.org\/{rel}","templated":true}]}}