{"id":24245,"date":"2023-07-18T12:18:06","date_gmt":"2023-07-18T15:18:06","guid":{"rendered":"http:\/\/eenergetica.com.ar\/?p=24245"},"modified":"2023-07-18T12:18:06","modified_gmt":"2023-07-18T15:18:06","slug":"un-toro-y-un-caballo-los-primeros-animales-en-ingresar-a-la-nueva-edicion-de-la-exposicion-rural-de-palermo","status":"publish","type":"post","link":"https:\/\/eenergetica.com.ar\/index.php\/2023\/07\/18\/un-toro-y-un-caballo-los-primeros-animales-en-ingresar-a-la-nueva-edicion-de-la-exposicion-rural-de-palermo\/","title":{"rendered":"UN TORO Y UN CABALLO, LOS PRIMEROS ANIMALES EN INGRESAR A LA NUEVA EDICI\u00d3N DE LA EXPOSICI\u00d3N RURAL DE PALERMO"},"content":{"rendered":"\n<p><strong>Un toro de la raza shorthorn, llamado &#8220;Mercosur&#8221; y un caballo criollo de nombre &#8220;peric\u00f3n&#8221; fueron los primeros animales en ingresar, este martes, en el predio de la Exposici\u00f3n Rural de Palermo.<\/strong><\/p>\n\n\n\n<p>&nbsp; &nbsp;&#8220;Estos dos animales resumen la historia de la ganader\u00eda bovina y equina del pa\u00eds&#8221;, resalt\u00f3 el presidente de la Sociedad Rural Argentina, Nicol\u00e1s Pino.<\/p>\n\n\n\n<p>&nbsp;&nbsp; En la edici\u00f3n 135 del tradicional evento -que se extender\u00e1 del 20 al 30 de julio- habr\u00e1 m\u00e1s de 4.500 expositores de animales y alrededor de 400 expositores comerciales, anticiparon los organizadores.<\/p>\n\n\n\n<p>&nbsp;&nbsp; Pino se\u00f1al\u00f3 adem\u00e1s que la exposici\u00f3n &#8220;es la cara visible del campo argentino y Argentina necesita mucho de nuestro sector para salir adelante. Los pr\u00f3ximos 11 d\u00edas este predio va a ser la cara visible del campo argentino&#8221;.<\/p>\n\n\n\n<p>&nbsp;&nbsp; &#8220;Los invito a que vengan a la Rural para que vean lo que es el potencial del campo argentino porque tuvimos tres a\u00f1os malos, pero en el \u00faltimo la sequ\u00eda nos peg\u00f3 una trompada a todos y ver esta exposici\u00f3n con m\u00e1s de 2.000 animales, realmente muestra la potencia, la resiliencia que tiene el campo, de levantarse ante la adversidad y mostrar que somos el sector m\u00e1s competitivo y productivo del pa\u00eds&#8221;, indic\u00f3 el dirigente, en declaraciones a la prensa.<\/p>\n\n\n\n<p>&nbsp;&nbsp; Mercosur, el toro de la raza Shorthorn, pertenece a la caba\u00f1a Santa Cecilia (de Trenque Lauquen), tiene dos a\u00f1os y pesa 960 kilos.<\/p>\n\n\n\n<p>&nbsp;&nbsp; Su nombre se debe a que este toro ya tiene demanda de semen en Argentina, Uruguay y Brasil; su hermana fue Gran Campeona el a\u00f1o pasado.<\/p>\n\n\n\n<p>&nbsp;&nbsp; Peric\u00f3n es un caballo Criollo de la caba\u00f1a Breland Chico (de Coronel Vidal, provincia de Buenos Aires).<\/p>\n\n\n\n<p>&nbsp;&nbsp; En este marco, Pino confirm\u00f3 que el lunes pr\u00f3ximo recorrer\u00e1n la muestra los precandidatos presidenciales Sergio Massa, Javier Milei, Horacio Rodr\u00edguez Larreta, Patricia Bullrich y Juan Schiaretti.<\/p>\n\n\n\n<p>&nbsp;&nbsp; &#8220;Este es un a\u00f1o electoral y, seguramente, estos 12 d\u00edas de exposici\u00f3n van a ser una cita obligada a todos los candidatos de la pol\u00edtica, ya sea a nivel nacional como provincial&#8221;, subray\u00f3 Pino.<\/p>\n\n\n\n<p>&nbsp;&nbsp; Por otra parte, el s\u00e1bado pr\u00f3ximo se realizar\u00e1 la Feria de Emprendedores Sociales &#8220;Corazones Abiertos&#8221;, donde m\u00e1s de 35 fundaciones y ONG presentar\u00e1n sus productos a la venta.<\/p>\n\n\n\n<p>&nbsp;&nbsp; La inauguraci\u00f3n oficial de la Exposici\u00f3n Rural de Palermo tendr\u00e1 lugar el s\u00e1bado 29 a partir de las 11.00.<\/p>\n","protected":false},"excerpt":{"rendered":"<p>Un toro de la raza shorthorn, llamado &#8220;Mercosur&#8221; y un caballo criollo de nombre &#8220;peric\u00f3n&#8221; fueron los primeros animales en ingresar, este martes, en el predio de la Exposici\u00f3n Rural&hellip; <\/p>\n","protected":false},"author":2,"featured_media":24246,"comment_status":"closed","ping_status":"open","sticky":false,"template":"","format":"standard","meta":{"footnotes":""},"categories":[21],"tags":[],"class_list":["post-24245","post","type-post","status-publish","format-standard","has-post-thumbnail","hentry","category-economia"],"_links":{"self":[{"href":"https:\/\/eenergetica.com.ar\/index.php\/wp-json\/wp\/v2\/posts\/24245","targetHints":{"allow":["GET"]}}],"collection":[{"href":"https:\/\/eenergetica.com.ar\/index.php\/wp-json\/wp\/v2\/posts"}],"about":[{"href":"https:\/\/eenergetica.com.ar\/index.php\/wp-json\/wp\/v2\/types\/post"}],"author":[{"embeddable":true,"href":"https:\/\/eenergetica.com.ar\/index.php\/wp-json\/wp\/v2\/users\/2"}],"replies":[{"embeddable":true,"href":"https:\/\/eenergetica.com.ar\/index.php\/wp-json\/wp\/v2\/comments?post=24245"}],"version-history":[{"count":1,"href":"https:\/\/eenergetica.com.ar\/index.php\/wp-json\/wp\/v2\/posts\/24245\/revisions"}],"predecessor-version":[{"id":24247,"href":"https:\/\/eenergetica.com.ar\/index.php\/wp-json\/wp\/v2\/posts\/24245\/revisions\/24247"}],"wp:featuredmedia":[{"embeddable":true,"href":"https:\/\/eenergetica.com.ar\/index.php\/wp-json\/wp\/v2\/media\/24246"}],"wp:attachment":[{"href":"https:\/\/eenergetica.com.ar\/index.php\/wp-json\/wp\/v2\/media?parent=24245"}],"wp:term":[{"taxonomy":"category","embeddable":true,"href":"https:\/\/eenergetica.com.ar\/index.php\/wp-json\/wp\/v2\/categories?post=24245"},{"taxonomy":"post_tag","embeddable":true,"href":"https:\/\/eenergetica.com.ar\/index.php\/wp-json\/wp\/v2\/tags?post=24245"}],"curies":[{"name":"wp","href":"https:\/\/api.w.org\/{rel}","templated":true}]}}