{"id":24239,"date":"2023-07-18T12:13:44","date_gmt":"2023-07-18T15:13:44","guid":{"rendered":"http:\/\/eenergetica.com.ar\/?p=24239"},"modified":"2023-07-18T12:13:44","modified_gmt":"2023-07-18T15:13:44","slug":"mussi-y-larroque-inauguraron-un-espacio-comunitario-en-kennedy-norte","status":"publish","type":"post","link":"https:\/\/eenergetica.com.ar\/index.php\/2023\/07\/18\/mussi-y-larroque-inauguraron-un-espacio-comunitario-en-kennedy-norte\/","title":{"rendered":"MUSSI Y LARROQUE INAUGURARON UN ESPACIO COMUNITARIO EN KENNEDY NORTE"},"content":{"rendered":"\n<p><strong>e inaugur\u00f3 el Sal\u00f3n de Usos M\u00faltiples (SUM) de la comunidad del barrio Kennedy Norte \u201cPrimero los ni\u00f1os\u201d, en un acto encabezado por el intendente de Berazategui, Juan Jos\u00e9 Mussi; y el ministro de Desarrollo de la Comunidad de la provincia de Buenos Aires, Andr\u00e9s Larroque.<\/strong><\/p>\n\n\n\n<p>Los SUM de la Comunidad son espacios destinados a generar actividades tendientes a reforzar los lazos comunitarios y promover la cercan\u00eda de servicios que mejoren la calidad de vida en los barrios.<\/p>\n\n\n\n<p>Luego de la inauguraci\u00f3n, Mussi asegur\u00f3: \u201cEstamos muy felices. Le agradecemos al gobernador, Axel Kicillof, por ayudar a los vecinos y las vecinas de este barrio, donde tambi\u00e9n se est\u00e1n terminando de construir viviendas nuevas. Ac\u00e1 vive gente humilde, que quiere progresar y salir adelante\u201d. Asimismo, el Intendente enfatiz\u00f3: \u201cEl nombre (Primero los ni\u00f1os) no es casual, porque consideramos que deben ser los m\u00e1s privilegiados. Ellos tienen que jugar, divertirse y crecer\u201d.<\/p>\n\n\n\n<p>Por su parte, Larroque afirm\u00f3: \u201cEs un honor estar al lado de Mussi, porque es un maestro de intendentes. Se nota su pasi\u00f3n, compromiso y experiencia. Es historia de Berazategui\u201d. Adem\u00e1s, el Ministro indic\u00f3: \u201cEstar ac\u00e1 es una emoci\u00f3n muy grande, porque entendemos que hay que hacer pol\u00edtica para quienes m\u00e1s lo necesitan. A partir de la solidaridad, el encuentro, el di\u00e1logo y el estar unidos, vamos a tener la fuerza para resolver los problemas\u201d.<\/p>\n\n\n\n<p>El SUM ubicado en Kennedy Norte tiene una superficie de 300 m2. Est\u00e1 emplazado en una de las manzanas del Complejo habitacional que se est\u00e1 reconstruyendo. Cuenta con cocina, oficinas y un patio interno. Asimismo, el \u00e1rea de Arte P\u00fablico del Municipio colabor\u00f3 con dos murales interiores.<\/p>\n","protected":false},"excerpt":{"rendered":"<p>e inaugur\u00f3 el Sal\u00f3n de Usos M\u00faltiples (SUM) de la comunidad del barrio Kennedy Norte \u201cPrimero los ni\u00f1os\u201d, en un acto encabezado por el intendente de Berazategui, Juan Jos\u00e9 Mussi;&hellip; <\/p>\n","protected":false},"author":2,"featured_media":24240,"comment_status":"closed","ping_status":"open","sticky":false,"template":"","format":"standard","meta":{"footnotes":""},"categories":[22],"tags":[],"class_list":["post-24239","post","type-post","status-publish","format-standard","has-post-thumbnail","hentry","category-sociedad"],"_links":{"self":[{"href":"https:\/\/eenergetica.com.ar\/index.php\/wp-json\/wp\/v2\/posts\/24239","targetHints":{"allow":["GET"]}}],"collection":[{"href":"https:\/\/eenergetica.com.ar\/index.php\/wp-json\/wp\/v2\/posts"}],"about":[{"href":"https:\/\/eenergetica.com.ar\/index.php\/wp-json\/wp\/v2\/types\/post"}],"author":[{"embeddable":true,"href":"https:\/\/eenergetica.com.ar\/index.php\/wp-json\/wp\/v2\/users\/2"}],"replies":[{"embeddable":true,"href":"https:\/\/eenergetica.com.ar\/index.php\/wp-json\/wp\/v2\/comments?post=24239"}],"version-history":[{"count":1,"href":"https:\/\/eenergetica.com.ar\/index.php\/wp-json\/wp\/v2\/posts\/24239\/revisions"}],"predecessor-version":[{"id":24241,"href":"https:\/\/eenergetica.com.ar\/index.php\/wp-json\/wp\/v2\/posts\/24239\/revisions\/24241"}],"wp:featuredmedia":[{"embeddable":true,"href":"https:\/\/eenergetica.com.ar\/index.php\/wp-json\/wp\/v2\/media\/24240"}],"wp:attachment":[{"href":"https:\/\/eenergetica.com.ar\/index.php\/wp-json\/wp\/v2\/media?parent=24239"}],"wp:term":[{"taxonomy":"category","embeddable":true,"href":"https:\/\/eenergetica.com.ar\/index.php\/wp-json\/wp\/v2\/categories?post=24239"},{"taxonomy":"post_tag","embeddable":true,"href":"https:\/\/eenergetica.com.ar\/index.php\/wp-json\/wp\/v2\/tags?post=24239"}],"curies":[{"name":"wp","href":"https:\/\/api.w.org\/{rel}","templated":true}]}}