{"id":23968,"date":"2023-07-07T11:44:41","date_gmt":"2023-07-07T14:44:41","guid":{"rendered":"http:\/\/eenergetica.com.ar\/?p=23968"},"modified":"2023-07-07T18:31:55","modified_gmt":"2023-07-07T21:31:55","slug":"julio-zamora-homenajeo-a-teofilo-arricau-el-primer-poblador-de-don-torcuato-municipio-de-tigre","status":"publish","type":"post","link":"https:\/\/eenergetica.com.ar\/index.php\/2023\/07\/07\/julio-zamora-homenajeo-a-teofilo-arricau-el-primer-poblador-de-don-torcuato-municipio-de-tigre\/","title":{"rendered":"JULIO ZAMORA HOMENAJE\u00d3 A TE\u00d3FILO ARRICAU, EL PRIMER POBLADOR DE DON TORCUATO &#8211; MUNICIPIO DE TIGRE"},"content":{"rendered":"\n<p><strong>El intendente de Tigre acompa\u00f1\u00f3 la celebraci\u00f3n organizada por el Municipio junto al Instituto de Historia de la localidad. El jefe comunal dialog\u00f3 con los familiares y la comunidad presente, descubri\u00f3 una placa conmemorativa que fue restituida e inaugur\u00f3 un cartel con datos del vecino distinguido.<\/strong><\/p>\n\n\n\n<p>El intendente Julio Zamora y la concejala Gisela Zamora, encabezaron el acto homenaje a Te\u00f3filo Arricau, el primer poblador de Don Torcuato. El evento fue organizado por el Municipio de Tigre en conjunto con el Instituto Hist\u00f3rico de la localidad y cont\u00f3 con la presencia de familiares del vecino distinguido.<\/p>\n\n\n\n<p>\u201cEstuvimos homenajeando a quien fue el primer poblador que tuvo Don Torcuato reponiendo una placa que ya estaba, pero por la construcci\u00f3n de una nueva edificaci\u00f3n, se tuvo que remover. Hoy la estuvimos reponiendo y recordando un poco la figura de Te\u00f3filo, un vasco de los primeros que llegaron aqu\u00ed a poblar estas tierras. Realmente es muy importante que la historia se vuelva a revivir y releer constantemente. La historia es la historia viva de nuestro pueblo que cada d\u00eda nos aporta m\u00e1s\u201d, destac\u00f3 el jefe comunal.<\/p>\n\n\n\n<p>Y continu\u00f3: \u201cEs fundamental que independientemente de las ideas pol\u00edticas, la religi\u00f3n, el pensamiento y la posici\u00f3n en materia econ\u00f3mica, nos encontremos como comunidad. Yo como intendente voy a trabajar siempre para promover cada una de las instituciones y el encuentro entre nuestros vecinos. De alguna manera, esta construcci\u00f3n nos permite a toda la comunidad ser mucho mejor\u201d.<\/p>\n\n\n\n<p>La actividad comenz\u00f3 con las palabras de la presidenta del Instituto de Historia de Don Torcuato, Carlota Vallejos, quien hizo un breve repaso de la vida de don Te\u00f3filo y continu\u00f3 la bisnieta del homenajeado, Cruz Arricau, agradeciendo la presencia y el acompa\u00f1amiento del intendente Julio Zamora. Por \u00faltimo, el jefe comunal destac\u00f3 la importancia de las instituciones para mantener viva la historia que es necesaria para poder construir la comunidad de vida.<\/p>\n\n\n\n<p>La presidenta del Instituto de Historia de Don Torcuato, Carlota Vallejos, indic\u00f3: &#8220;Denominamos esta etapa de reconocimientos como &#8216;Camino al Centenario&#8217;. La placa reubicada hoy hab\u00eda sido quitada para preservarla por la construcci\u00f3n de un edificio y estuvo en el lugar desde 1965. El primer poblador de esta tierra fue don Te\u00f3filo Arricau, qui\u00e9n lleg\u00f3 en 1906 y adem\u00e1s fue el presidente de la primera instituci\u00f3n p\u00fablica de Don Torcuato&#8221;.<\/p>\n\n\n\n<p>En el cierre del evento, el intendente Julio Zamora, junto a autoridades del Gobierno local y familiares, descubrieron la placa conmemorativa y un cartel con los datos hist\u00f3ricos sobre el primer poblador y un c\u00f3digo QR para que los vecinos y vecinas puedan escanear y acceder a toda la informaci\u00f3n sobre su vida.<\/p>\n\n\n\n<p>Don Te\u00f3filo Arricau, naci\u00f3 el 10 de septiembre de 1869 en Araux, Francia. Lleg\u00f3 a Argentina a la edad de 20 a\u00f1os y se ubic\u00f3 en la zona de la Bah\u00eda de Samboromb\u00f3n, d\u00f3nde conoci\u00f3 a Marcelo Torcuato de Alvear, qui\u00e9n le cedi\u00f3 unas tierras en la localidad de Don Torcuato en 1906, siendo as\u00ed el primer poblador de la zona. Falleci\u00f3 el 7 de diciembre de 1939 a los 70 a\u00f1os de edad.<\/p>\n","protected":false},"excerpt":{"rendered":"<p>El intendente de Tigre acompa\u00f1\u00f3 la celebraci\u00f3n organizada por el Municipio junto al Instituto de Historia de la localidad. El jefe comunal dialog\u00f3 con los familiares y la comunidad presente,&hellip; <\/p>\n","protected":false},"author":2,"featured_media":23989,"comment_status":"closed","ping_status":"open","sticky":false,"template":"","format":"standard","meta":{"footnotes":""},"categories":[22],"tags":[],"class_list":["post-23968","post","type-post","status-publish","format-standard","has-post-thumbnail","hentry","category-sociedad"],"_links":{"self":[{"href":"https:\/\/eenergetica.com.ar\/index.php\/wp-json\/wp\/v2\/posts\/23968","targetHints":{"allow":["GET"]}}],"collection":[{"href":"https:\/\/eenergetica.com.ar\/index.php\/wp-json\/wp\/v2\/posts"}],"about":[{"href":"https:\/\/eenergetica.com.ar\/index.php\/wp-json\/wp\/v2\/types\/post"}],"author":[{"embeddable":true,"href":"https:\/\/eenergetica.com.ar\/index.php\/wp-json\/wp\/v2\/users\/2"}],"replies":[{"embeddable":true,"href":"https:\/\/eenergetica.com.ar\/index.php\/wp-json\/wp\/v2\/comments?post=23968"}],"version-history":[{"count":1,"href":"https:\/\/eenergetica.com.ar\/index.php\/wp-json\/wp\/v2\/posts\/23968\/revisions"}],"predecessor-version":[{"id":23969,"href":"https:\/\/eenergetica.com.ar\/index.php\/wp-json\/wp\/v2\/posts\/23968\/revisions\/23969"}],"wp:featuredmedia":[{"embeddable":true,"href":"https:\/\/eenergetica.com.ar\/index.php\/wp-json\/wp\/v2\/media\/23989"}],"wp:attachment":[{"href":"https:\/\/eenergetica.com.ar\/index.php\/wp-json\/wp\/v2\/media?parent=23968"}],"wp:term":[{"taxonomy":"category","embeddable":true,"href":"https:\/\/eenergetica.com.ar\/index.php\/wp-json\/wp\/v2\/categories?post=23968"},{"taxonomy":"post_tag","embeddable":true,"href":"https:\/\/eenergetica.com.ar\/index.php\/wp-json\/wp\/v2\/tags?post=23968"}],"curies":[{"name":"wp","href":"https:\/\/api.w.org\/{rel}","templated":true}]}}