{"id":23781,"date":"2023-06-30T03:15:00","date_gmt":"2023-06-30T06:15:00","guid":{"rendered":"http:\/\/eenergetica.com.ar\/?p=23781"},"modified":"2023-06-29T15:18:31","modified_gmt":"2023-06-29T18:18:31","slug":"melconian-la-estabilidad-macroeconomica-del-ajuste-sin-reforma-estructural-no-es-sustentable","status":"publish","type":"post","link":"https:\/\/eenergetica.com.ar\/index.php\/2023\/06\/30\/melconian-la-estabilidad-macroeconomica-del-ajuste-sin-reforma-estructural-no-es-sustentable\/","title":{"rendered":"MELCONIAN: &#8220;LA ESTABILIDAD MACROECON\u00d3MICA DEL AJUSTE, SIN REFORMA ESTRUCTURAL, NO ES SUSTENTABLE&#8221;"},"content":{"rendered":"\n<p><strong>El economista Carlos Melconian advirti\u00f3 que estabilizar la macroeconom\u00eda a trav\u00e9s de un ajuste del gasto p\u00fablico pero sin reforma estructural, &#8220;no es sustentable&#8221;.<\/strong><\/p>\n\n\n\n<p>&nbsp; &nbsp;&#8220;La estabilidad macroecon\u00f3mica del ajuste, sin reforma estructural, no es sustentable. Es que esa reforma, con 150% de inflaci\u00f3n anual y riesgo pa\u00eds por encima de los 2.000 puntos, no tiene \u00b4goyete\u00b4. Por eso, hay que calmar ansiedades&#8221;, sostuvo el ex presidente del Banco Naci\u00f3n.<\/p>\n\n\n\n<p>&nbsp;&nbsp; En declaraciones a &#8220;Esta ma\u00f1ana&#8221;, programa que se emite por radio Rivadavia, Melconian consider\u00f3 adem\u00e1s que en el pa\u00eds es necesario apuntar a la institucionalidad de las reformas y ejemplific\u00f3 que &#8220;en dos d\u00e9cadas seguidas, gente del mismo partido privatiz\u00f3 y estatiz\u00f3&#8221;.<\/p>\n\n\n\n<p>&nbsp;&nbsp; El economista coment\u00f3 que el programa que elabor\u00f3 en la Fundaci\u00f3n Mediterr\u00e1nea, busca &#8220;el equilibrio general y por eso tiene, adem\u00e1s de macro, distintos instrumentos de car\u00e1cter sectorial&#8221;.<\/p>\n\n\n\n<p>&nbsp;&nbsp; A su criterio, el equilibrio general &#8220;es buscar una construcci\u00f3n que tenga pilares bajo el paraguas del capitalismo occidental, en busca de cambiar los incentivos: el motor del crecimiento y del progreso es el sector privado&#8221;.<\/p>\n\n\n\n<p>&nbsp;&nbsp; &#8220;Por eso, la pol\u00edtica tiene que entender que el Estado no negocia con el sector privado, sino que arbitra. Por eso necesitamos un programa que devuelva futuro a la gente. No es chamuyo, es un concepto a trav\u00e9s del cual queremos dividir lo pol\u00edtico de lo econ\u00f3mico&#8221;, enfatiz\u00f3.<\/p>\n\n\n\n<p>&nbsp;&nbsp; Tambi\u00e9n dijo que: &#8220;En la Mediterr\u00e1nea tenemos un equipo prosistema, de 70 personas, y sabemos que el due\u00f1o de la pelota es la pol\u00edtica. Nuestro programa ser\u00e1 puesto a disposici\u00f3n del pr\u00f3ximo Presidente, que tiene que tener en su cabeza la idea y la m\u00edstica de cambiar&#8221;.<\/p>\n","protected":false},"excerpt":{"rendered":"<p>El economista Carlos Melconian advirti\u00f3 que estabilizar la macroeconom\u00eda a trav\u00e9s de un ajuste del gasto p\u00fablico pero sin reforma estructural, &#8220;no es sustentable&#8221;. &nbsp; &nbsp;&#8220;La estabilidad macroecon\u00f3mica del ajuste,&hellip; <\/p>\n","protected":false},"author":2,"featured_media":23782,"comment_status":"closed","ping_status":"open","sticky":false,"template":"","format":"standard","meta":{"footnotes":""},"categories":[21],"tags":[],"class_list":["post-23781","post","type-post","status-publish","format-standard","has-post-thumbnail","hentry","category-economia"],"_links":{"self":[{"href":"https:\/\/eenergetica.com.ar\/index.php\/wp-json\/wp\/v2\/posts\/23781","targetHints":{"allow":["GET"]}}],"collection":[{"href":"https:\/\/eenergetica.com.ar\/index.php\/wp-json\/wp\/v2\/posts"}],"about":[{"href":"https:\/\/eenergetica.com.ar\/index.php\/wp-json\/wp\/v2\/types\/post"}],"author":[{"embeddable":true,"href":"https:\/\/eenergetica.com.ar\/index.php\/wp-json\/wp\/v2\/users\/2"}],"replies":[{"embeddable":true,"href":"https:\/\/eenergetica.com.ar\/index.php\/wp-json\/wp\/v2\/comments?post=23781"}],"version-history":[{"count":1,"href":"https:\/\/eenergetica.com.ar\/index.php\/wp-json\/wp\/v2\/posts\/23781\/revisions"}],"predecessor-version":[{"id":23783,"href":"https:\/\/eenergetica.com.ar\/index.php\/wp-json\/wp\/v2\/posts\/23781\/revisions\/23783"}],"wp:featuredmedia":[{"embeddable":true,"href":"https:\/\/eenergetica.com.ar\/index.php\/wp-json\/wp\/v2\/media\/23782"}],"wp:attachment":[{"href":"https:\/\/eenergetica.com.ar\/index.php\/wp-json\/wp\/v2\/media?parent=23781"}],"wp:term":[{"taxonomy":"category","embeddable":true,"href":"https:\/\/eenergetica.com.ar\/index.php\/wp-json\/wp\/v2\/categories?post=23781"},{"taxonomy":"post_tag","embeddable":true,"href":"https:\/\/eenergetica.com.ar\/index.php\/wp-json\/wp\/v2\/tags?post=23781"}],"curies":[{"name":"wp","href":"https:\/\/api.w.org\/{rel}","templated":true}]}}