{"id":23329,"date":"2023-06-13T09:03:50","date_gmt":"2023-06-13T12:03:50","guid":{"rendered":"http:\/\/eenergetica.com.ar\/?p=23329"},"modified":"2023-06-13T09:03:50","modified_gmt":"2023-06-13T12:03:50","slug":"paro-de-trenes-tres-gremios-dispusieron-una-huelga-por-24-horas-para-este-miercoles-y-la-fraternidad-para-el-jueves","status":"publish","type":"post","link":"https:\/\/eenergetica.com.ar\/index.php\/2023\/06\/13\/paro-de-trenes-tres-gremios-dispusieron-una-huelga-por-24-horas-para-este-miercoles-y-la-fraternidad-para-el-jueves\/","title":{"rendered":"PARO DE TRENES: TRES GREMIOS DISPUSIERON UNA HUELGA POR 24 HORAS PARA ESTE MI\u00c9RCOLES Y LA FRATERNIDAD, PARA EL JUEVES"},"content":{"rendered":"\n<p><strong>Los gremios de la Uni\u00f3n Ferroviaria (UF), la Asociaci\u00f3n de Se\u00f1aleros Ferroviarios Argentinos (ASFA) y la Asociaci\u00f3n de Personal de Direcci\u00f3n de Ferrocarriles y Puertos de Argentina (APDFA) anunciaron hoy un paro general por 24 horas a partir de la medianoche de este mi\u00e9rcoles, mientras que el sindicato de La Fraternidad llevar\u00e1 a cabo una medida de fuerza similar a partir del jueves.<\/strong><\/p>\n\n\n\n<p>&nbsp; &nbsp;La resoluci\u00f3n se produjo debido a una falta de acuerdo en la paritaria. .<\/p>\n\n\n\n<p>&nbsp;&nbsp; Esta medida fue anunciada en las \u00faltimas horas y se espera saber si el Ministerio de Trabajo dictar\u00e1 la conciliaci\u00f3n obligatoria que impida la medida de fuerza.<\/p>\n\n\n\n<p>&nbsp;&nbsp; La decisi\u00f3n de los gremios UF, ASFA y APDFA comenzar\u00e1 a partir de la medianoche del martes ya para mi\u00e9rcoles en el \u00e1mbito de Ferrov\u00edas y Metrov\u00edas, en el marco de &#8220;un plan de lucha consistente&#8221;.<\/p>\n\n\n\n<p>&nbsp;&nbsp; Por su parte, La Fraternidad realizar\u00e1 una medida de fuerza a partir del jueves y afectar\u00e1 a las l\u00edneas San Mart\u00edn, Urquiza, Sarmiento, Roca, Mitre, Belgrano y los de larga distancia.<\/p>\n\n\n\n<p>&nbsp;&nbsp; &#8220;Debido a la&nbsp;dilaci\u00f3n&nbsp;mostrada por las empresas de pasajeros Metrov\u00edas y Ferrov\u00edas, del sector Cargas, Nuevo Central Argentino, Ferrosur Roca y Ferroexpreso Pampeano&nbsp;para la renovaci\u00f3n del acuerdo paritario abril 2023-marzo 2024, convocamos a un paro general a nivel nacional en defensa de los intereses de nuestros representados&#8221;, inform\u00f3 en un comunicado&nbsp;el secretario General del gremio,&nbsp;Omar Maturano.<\/p>\n\n\n\n<p>&nbsp;&nbsp; Asimismo, destac\u00f3 en paralelo:&nbsp;&#8220;Firmamos un acuerdo salarial con las empresas nacionales,&nbsp;un 40% de lo que nos deb\u00edan de abril hasta agosto&nbsp;y juntarnos a discutir de vuelta. Las empresas privadas&nbsp;no pueden pagarlo&nbsp;dicen, estamos discutiendo hace 20 d\u00edas.<\/p>\n\n\n\n<p>&nbsp;&nbsp; Por \u00faltimo, hizo hincapi\u00e9 en el que el paros ser\u00e1 total pero esperan llegar a un acuerdo con el Ministerio para &#8220;lograr esa paz social que necesita el pa\u00eds&#8221;.<\/p>\n","protected":false},"excerpt":{"rendered":"<p>Los gremios de la Uni\u00f3n Ferroviaria (UF), la Asociaci\u00f3n de Se\u00f1aleros Ferroviarios Argentinos (ASFA) y la Asociaci\u00f3n de Personal de Direcci\u00f3n de Ferrocarriles y Puertos de Argentina (APDFA) anunciaron hoy&hellip; <\/p>\n","protected":false},"author":2,"featured_media":23330,"comment_status":"closed","ping_status":"open","sticky":false,"template":"","format":"standard","meta":{"footnotes":""},"categories":[21],"tags":[],"class_list":["post-23329","post","type-post","status-publish","format-standard","has-post-thumbnail","hentry","category-economia"],"_links":{"self":[{"href":"https:\/\/eenergetica.com.ar\/index.php\/wp-json\/wp\/v2\/posts\/23329","targetHints":{"allow":["GET"]}}],"collection":[{"href":"https:\/\/eenergetica.com.ar\/index.php\/wp-json\/wp\/v2\/posts"}],"about":[{"href":"https:\/\/eenergetica.com.ar\/index.php\/wp-json\/wp\/v2\/types\/post"}],"author":[{"embeddable":true,"href":"https:\/\/eenergetica.com.ar\/index.php\/wp-json\/wp\/v2\/users\/2"}],"replies":[{"embeddable":true,"href":"https:\/\/eenergetica.com.ar\/index.php\/wp-json\/wp\/v2\/comments?post=23329"}],"version-history":[{"count":1,"href":"https:\/\/eenergetica.com.ar\/index.php\/wp-json\/wp\/v2\/posts\/23329\/revisions"}],"predecessor-version":[{"id":23331,"href":"https:\/\/eenergetica.com.ar\/index.php\/wp-json\/wp\/v2\/posts\/23329\/revisions\/23331"}],"wp:featuredmedia":[{"embeddable":true,"href":"https:\/\/eenergetica.com.ar\/index.php\/wp-json\/wp\/v2\/media\/23330"}],"wp:attachment":[{"href":"https:\/\/eenergetica.com.ar\/index.php\/wp-json\/wp\/v2\/media?parent=23329"}],"wp:term":[{"taxonomy":"category","embeddable":true,"href":"https:\/\/eenergetica.com.ar\/index.php\/wp-json\/wp\/v2\/categories?post=23329"},{"taxonomy":"post_tag","embeddable":true,"href":"https:\/\/eenergetica.com.ar\/index.php\/wp-json\/wp\/v2\/tags?post=23329"}],"curies":[{"name":"wp","href":"https:\/\/api.w.org\/{rel}","templated":true}]}}