{"id":23326,"date":"2023-06-13T09:01:34","date_gmt":"2023-06-13T12:01:34","guid":{"rendered":"http:\/\/eenergetica.com.ar\/?p=23326"},"modified":"2023-06-13T09:01:35","modified_gmt":"2023-06-13T12:01:35","slug":"la-uta-levanto-el-paro-de-colectivos-en-el-amba-tras-un-acuerdo-con-el-gobierno-en-el-interior-se-mantenia-la-medida","status":"publish","type":"post","link":"https:\/\/eenergetica.com.ar\/index.php\/2023\/06\/13\/la-uta-levanto-el-paro-de-colectivos-en-el-amba-tras-un-acuerdo-con-el-gobierno-en-el-interior-se-mantenia-la-medida\/","title":{"rendered":"LA UTA LEVANT\u00d3 EL PARO DE COLECTIVOS EN EL AMBA, TRAS UN ACUERDO CON EL GOBIERNO; EN EL INTERIOR SE MANTEN\u00cdA LA MEDIDA"},"content":{"rendered":"\n<p><strong>La Uni\u00f3n Tranviaria Automotor (UTA) levant\u00f3 esta noche el paro de colectivos que hab\u00eda dispuesto horas antes para la regi\u00f3n del AMBA al no llegar a un acuerdo con las autoridades nacionales y las empresas del sector, luego de una extensa reuni\u00f3n que dur\u00f3 varias horas.<\/strong><\/p>\n\n\n\n<p>&nbsp; &nbsp;La medida finalmente qued\u00f3 sin efecto debido a que el Ministerio de Transporte de la Naci\u00f3n garantizar\u00e1 la suba salarial que reclama la UTA, aunque en el interior del pa\u00eds la huelga qued\u00f3 ratificada.<\/p>\n\n\n\n<p>&nbsp;&nbsp; El incremento fue dictaminado a trav\u00e9s de un decreto conjunto de la cartera de Trabajo y de Transporte.<\/p>\n\n\n\n<p>&nbsp;&nbsp; La noticia se dio a conocer a \u00faltima hora de este lunes cuando ambos ministerios emitieron una Resoluci\u00f3n Conjunta &#8220;excepcional&#8221;, a partir de la cual se acord\u00f3 &#8220;el pago de los trabajadores y los servicios de transporte automotor del AMBA, de jurisdicci\u00f3n nacional&#8221;.<\/p>\n\n\n\n<p>&nbsp;&nbsp; En cuanto a la situaci\u00f3n del interior, Transporte ratific\u00f3 que ya se hizo el pago del fondo compensador dispuesto por la ley de presupuesto, pero en esta parte del pa\u00eds el paro ser\u00e1 inevitable.<\/p>\n\n\n\n<p>&nbsp;&nbsp; La huelga iba a comenzar a las 0:00 del martes y se prolongar\u00eda durante todo el d\u00eda, aunque el gremio disidente, compuesto, entre otros por el Grupo DOTA, Autobuses Buenos Aires, empresa Yitos y las l\u00edneas 80 y 257, asegur\u00f3 que no se iba a plegar a la medida de fuerza y trabajar\u00eda normalmente.<\/p>\n\n\n\n<p>&nbsp;&nbsp; Se trata de unas 90 l\u00edneas que apoyan a la Lista Azul, contraria a la gesti\u00f3n de Roberto Fern\u00e1ndez en la UTA, y que tanto en la regi\u00f3n del AMBA y del interior del pa\u00eds prestar\u00e1n servicio sin interrupciones.<\/p>\n\n\n\n<p>&nbsp;&nbsp; La medida de fuerza iba a afectar a las l\u00edneas de corta y media distancia que circulan tanto por el interior como por el \u00c1rea Metropolitana de Buenos Aires (AMBA).<\/p>\n\n\n\n<p>&nbsp;&nbsp; La determinaci\u00f3n se hab\u00eda producido en medio de un conflicto que se inici\u00f3 hace varios meses en reclamo de un aumento salarial, raz\u00f3n por la cual este lunes el sindicalista volvi\u00f3 a reunirse con funcionarios del Ministerio de Trabajo y con las c\u00e1maras empresarias del sector, pero las negociaciones no hab\u00edan prosperado.<\/p>\n\n\n\n<p>&nbsp;&nbsp; En esta oportunidad, la cartera laboral, encabezada por Raquel &#8220;Kelly&#8221; Olmos, ya no pudo exigir la extensi\u00f3n de la conciliaci\u00f3n obligatoria que reg\u00eda hasta el momento, por lo que el cese de actividades de los colectiveros era inevitable.<\/p>\n\n\n\n<p>&nbsp;&nbsp; De todas maneras, se dispuso un &#8220;cuarto intermedio&#8221; para volver a dialogar el mi\u00e9rcoles 14 de junio a las 13:00, aunque el gremio aclar\u00f3 que iba a llevar a cabo el paro por 24 horas.<\/p>\n\n\n\n<p>&nbsp;&nbsp; La UTA exig\u00eda cobrar un incremento retroactivo para que el b\u00e1sico desde abril \u00faltimo sea de 262 mil pesos, adem\u00e1s de un bono por \u00fanica vez y no remunerativo de otros 32 mil pesos y vi\u00e1ticos diarios para todos los trabajadores del sector.<\/p>\n\n\n\n<p>&nbsp;&nbsp; &#8220;A las compa\u00f1eras y los compa\u00f1eros del transporte de pasajeros, informamos que en atenci\u00f3n al fracaso de la \u00faltima audiencia en el Ministerio de Trabajo, en la que las empresas se niegan a acordar un aumento salarial conforme el incremento de la inflaci\u00f3n y en el que tanto las autoridades del Ministerio de Transporte de la Naci\u00f3n, como del resto de las provincias del interior y la Ciudad de Buenos Aires se han encontrado ausentes, de no acordarse los salarios para el personal representado para la pr\u00f3xima audiencia el d\u00eda lunes, ratificamos un paro por 24 horas en empresas de Corta y Media distancia de todo el pa\u00eds, desde las 00 horas del d\u00eda martes 13 del corriente mes&#8221;, hab\u00eda anticipado el gremio la semana pasada.<\/p>\n\n\n\n<p>&nbsp;&nbsp; El sindicato precis\u00f3 que &#8220;la medida de fuerza es empujada por quienes tienen la responsabilidad de solucionar la grave crisis en la que est\u00e1n poniendo al transporte, afectando a los 10 millones de usuarios diarios del AMBA y 9 millones en el interior del pa\u00eds&#8221;.<\/p>\n\n\n\n<p>&nbsp;&nbsp; En tanto, a \u00faltima hora de este lunes, el Ministerio de Transporte anticip\u00f3 que junto a la cartera de Trabajo emitir\u00edan una Resoluci\u00f3n Conjunta &#8220;excepcional&#8221;, a partir de la cual &#8220;se asegurar\u00e1 el pago de los trabajadores y los servicios de transporte automotor del AMBA, de jurisdicci\u00f3n nacional&#8221;.<\/p>\n\n\n\n<p>&nbsp;&nbsp; En cuanto a la situaci\u00f3n del interior, el Ministerio de Transporte de la Naci\u00f3n ratific\u00f3 que ya se hizo el pago del fondo compensador dispuesto por la ley de presupuesto, pero en esta parte del pa\u00eds el paro ser\u00eda inevitable.<\/p>\n","protected":false},"excerpt":{"rendered":"<p>La Uni\u00f3n Tranviaria Automotor (UTA) levant\u00f3 esta noche el paro de colectivos que hab\u00eda dispuesto horas antes para la regi\u00f3n del AMBA al no llegar a un acuerdo con las&hellip; <\/p>\n","protected":false},"author":2,"featured_media":23327,"comment_status":"closed","ping_status":"open","sticky":false,"template":"","format":"standard","meta":{"footnotes":""},"categories":[21],"tags":[26],"class_list":["post-23326","post","type-post","status-publish","format-standard","has-post-thumbnail","hentry","category-economia","tag-destacada"],"_links":{"self":[{"href":"https:\/\/eenergetica.com.ar\/index.php\/wp-json\/wp\/v2\/posts\/23326","targetHints":{"allow":["GET"]}}],"collection":[{"href":"https:\/\/eenergetica.com.ar\/index.php\/wp-json\/wp\/v2\/posts"}],"about":[{"href":"https:\/\/eenergetica.com.ar\/index.php\/wp-json\/wp\/v2\/types\/post"}],"author":[{"embeddable":true,"href":"https:\/\/eenergetica.com.ar\/index.php\/wp-json\/wp\/v2\/users\/2"}],"replies":[{"embeddable":true,"href":"https:\/\/eenergetica.com.ar\/index.php\/wp-json\/wp\/v2\/comments?post=23326"}],"version-history":[{"count":1,"href":"https:\/\/eenergetica.com.ar\/index.php\/wp-json\/wp\/v2\/posts\/23326\/revisions"}],"predecessor-version":[{"id":23328,"href":"https:\/\/eenergetica.com.ar\/index.php\/wp-json\/wp\/v2\/posts\/23326\/revisions\/23328"}],"wp:featuredmedia":[{"embeddable":true,"href":"https:\/\/eenergetica.com.ar\/index.php\/wp-json\/wp\/v2\/media\/23327"}],"wp:attachment":[{"href":"https:\/\/eenergetica.com.ar\/index.php\/wp-json\/wp\/v2\/media?parent=23326"}],"wp:term":[{"taxonomy":"category","embeddable":true,"href":"https:\/\/eenergetica.com.ar\/index.php\/wp-json\/wp\/v2\/categories?post=23326"},{"taxonomy":"post_tag","embeddable":true,"href":"https:\/\/eenergetica.com.ar\/index.php\/wp-json\/wp\/v2\/tags?post=23326"}],"curies":[{"name":"wp","href":"https:\/\/api.w.org\/{rel}","templated":true}]}}