{"id":23172,"date":"2023-06-07T08:15:28","date_gmt":"2023-06-07T11:15:28","guid":{"rendered":"http:\/\/eenergetica.com.ar\/?p=23172"},"modified":"2023-06-07T08:15:29","modified_gmt":"2023-06-07T11:15:29","slug":"calendario-de-eventos-turisticos-del-8-al-15-de-junio-de-2023-en-la-provincia-de-buenos-aires","status":"publish","type":"post","link":"https:\/\/eenergetica.com.ar\/index.php\/2023\/06\/07\/calendario-de-eventos-turisticos-del-8-al-15-de-junio-de-2023-en-la-provincia-de-buenos-aires\/","title":{"rendered":"CALENDARIO DE EVENTOS TUR\u00cdSTICOS DEL 8 AL 15 DE JUNIO DE 2023 EN LA PROVINCIA DE BUENOS AIRES"},"content":{"rendered":"\n<p>Llega un fin de semana con&nbsp; actividades imperdibles para disfrutar en los municipios bonaerenses: festividades patronales y productivas, encuentros culturales y exposiciones. Mercedes ser\u00e1 sede de la Fiesta Provincial de Teatro; Guamin\u00ed, del Encuentro Salam\u00f3nico; y Luj\u00e1n, del Congreso de Profesionales del Turismo.<\/p>\n\n\n\n<p><strong>FIESTAS POPULARES<\/strong><\/p>\n\n\n\n<p><strong>MERCEDES<\/strong><\/p>\n\n\n\n<p><strong>37\u00b0 Fiesta Provincial de Teatro<\/strong><\/p>\n\n\n\n<p><em>Fecha, hora y lugar:<\/em> Del martes 6 al s\u00e1bado 10, en diferentes salas y horarios.<\/p>\n\n\n\n<p><em>Descripci\u00f3n:<\/em> Cinco d\u00edas con una amplia programaci\u00f3n en los que se seleccionar\u00e1n las tres obras que participar\u00e1n de la Fiesta Nacional del Teatro. Entrada gratuita. Organizan el Instituto Cultural de la Provincia de Buenos Aires en articulaci\u00f3n con el Instituto Nacional del Teatro y la Municipalidad de Mercedes.<\/p>\n\n\n\n<p><em>M\u00e1s informaci\u00f3n:<\/em> <a href=\"http:\/\/www.gba.gob.ar\/cultura\/noticias\/comienza_la_37%C2%B0_fiesta_provincial_de_teatro\" target=\"_blank\" rel=\"noreferrer noopener\">www.gba.gob.ar\/cultura\/noticias\/comienza_la_37%C2%B0_fiesta_provincial_de_teatro<\/a><\/p>\n\n\n\n<p><strong>GUAMIN\u00cd<\/strong><\/p>\n\n\n\n<p><strong>8\u00ba Encuentro Salam\u00f3nico<\/strong><\/p>\n\n\n\n<p><em>Fecha, hora y lugar:<\/em> Del viernes 9 al domingo 11, a partir de las 09:30, en diferentes espacios f\u00edsicos de la ciudad.<\/p>\n\n\n\n<p><em>Descripci\u00f3n:<\/em>&nbsp; El encuentro coincide con el nacimiento de Francisco Salamone, el arquitecto de las pampas y tendr\u00e1 como consigna &#8220;El Patrimonio como oportunidad de desarrollo e integraci\u00f3n&#8221;. El viernes las propuestas estar\u00e1n destinadas a todos los niveles educativos locales.&nbsp; La jornada cerrar\u00e1 a las 18:30 con la charla Las obras de Salamone como locaciones f\u00edlmica, a cargo de Mart\u00edn Aurand (Mundo Salamone) y Esteban Belloto (productor audiovisual). Actividad gratuita con inscripci\u00f3n previa. Consultar programaci\u00f3n detallada en: <a href=\"https:\/\/www.guamini.gob.ar\/\" target=\"_blank\" rel=\"noreferrer noopener\">https:\/\/www.guamini.gob.ar<\/a><\/p>\n\n\n\n<p><em>M\u00e1s informaci\u00f3n:<\/em> <a href=\"http:\/\/www.facebook.com\/CentroCulturalSalamone\" target=\"_blank\" rel=\"noreferrer noopener\">www.facebook.com\/CentroCulturalSalamone<\/a><\/p>\n\n\n\n<p><strong>LUJ\u00c1N<\/strong><\/p>\n\n\n\n<p><strong>2\u00ba Congreso de Profesionales en Turismo<\/strong><\/p>\n\n\n\n<p><em>Fecha, hora y lugar:<\/em> Viernes 9 y s\u00e1bado 10, a partir de las 10:00, en el Museo Municipal de Bellas Artes y Complejo Museogr\u00e1fico Enrique Udaondo.&nbsp;<\/p>\n\n\n\n<p><em>Descripci\u00f3n:<\/em> Conferencias, paneles, presentaci\u00f3n y exposici\u00f3n de trabajos, comisiones, talleres, actividades comunitarias y sociales, excursiones, actividades gastron\u00f3micas y feria de prestadores tur\u00edsticos locales. Adem\u00e1s, reuniones institucionales con organismos p\u00fablicos nacionales, provinciales y&nbsp; municipales bonaerenses. Tambi\u00e9n participar\u00e1n c\u00e1maras empresariales del sector; instituciones educativas universitarias y terciarias; y colegios de profesionales en turismo de otras provincias. Evento arancelado. Organiza el Colegio de Profesionales en Turismo de la Provincia de Buenos Aires contando con el auspicio y coorganizaci\u00f3n del Municipio de Luj\u00e1n.<\/p>\n\n\n\n<p><em>M\u00e1s informaci\u00f3n:<\/em> <a href=\"http:\/\/cptba.com.ar\/congreso-2023\/\" target=\"_blank\" rel=\"noreferrer noopener\">http:\/\/cptba.com.ar\/congreso-2023\/<\/a>&nbsp;<\/p>\n\n\n\n<p><strong>MERLO&nbsp;<\/strong><\/p>\n\n\n\n<p><strong>Fiesta Patronal de San Antonio de Padua<\/strong><\/p>\n\n\n\n<p><em>Fecha, hora y lugar: <\/em>S\u00e1bado 10 y domingo 11, desde las 13:00, frente a la iglesia de San Antonio de Padua, en Centenario y Lavallol De Acosta.<\/p>\n\n\n\n<p><em>Descripci\u00f3n:<\/em> Actos lit\u00fargicos, feria de emprendedores, artesan\u00edas, puestos gastron\u00f3micos, expo autos y espect\u00e1culos en vivo de con la presentaci\u00f3n de Ella Es Tan Cargosa, La Mono y El Natty Combo. Fiesta a beneficio de C\u00e1ritas y Bomberos voluntarios. Entrada libre y gratuita. Organiza la Municipalidad de Merlo.<br><em>M\u00e1s informaci\u00f3n:<\/em> <a href=\"http:\/\/www.facebook.com\/CulturaMerlo\" target=\"_blank\" rel=\"noreferrer noopener\">www.facebook.com\/CulturaMerlo<\/a> &#8211; <a href=\"http:\/\/www.instagram.com\/sec.culturamerlo\" target=\"_blank\" rel=\"noreferrer noopener\">www.instagram.com\/sec.culturamerlo<\/a> <em>&nbsp;<\/em><\/p>\n\n\n\n<p><strong>EVENTOS CULTURALES<\/strong><\/p>\n\n\n\n<p><strong>SAN ANTONIO DE ARECO<\/strong><\/p>\n\n\n\n<p><strong>Bailecitos Criollos<\/strong><\/p>\n\n\n\n<p><em>Fecha, hora y lugar:<\/em> Domingo 11, a las 15:00, en el patio Guida O&#8217; Donnell de la Direcci\u00f3n de Turismo.<\/p>\n\n\n\n<p><em>Descripci\u00f3n:<\/em> Tardes de huella, triunfo, zambas y shotis acompa\u00f1ados con mate y pastelitos, con m\u00fasica en vivo de Folmer Magallanes. Actividad gratuita. Organiza la Direcci\u00f3n de Turismo de la Municipalidad de San Antonio de Areco.<\/p>\n\n\n\n<p><em>M\u00e1s informaci\u00f3n:<\/em> <a href=\"https:\/\/www.facebook.com\/turismosanantoniodeareco\" target=\"_blank\" rel=\"noreferrer noopener\">https:\/\/www.facebook.com\/turismosanantoniodeareco<\/a><\/p>\n\n\n\n<p><a href=\"http:\/\/www.instagram.com\/turismoareco\" target=\"_blank\" rel=\"noreferrer noopener\">www.instagram.com\/turismoareco<\/a>&nbsp;<\/p>\n\n\n\n<p><strong>EVENTOS GASTRON\u00d3MICOS<\/strong><\/p>\n\n\n\n<p><strong>AVELLANEDA<\/strong><\/p>\n\n\n\n<p><strong>Cata Cervecera de Oto\u00f1o<\/strong><\/p>\n\n\n\n<p><em>Fecha, hora y lugar:<\/em> S\u00e1bado 10, de 17:00 a 00:00; y domingo 11, de 15:00 a 22:00, en el Parque La Estaci\u00f3n , en G\u00fcemes al 700.<\/p>\n\n\n\n<p><em>Descripci\u00f3n:<\/em> Cata especial de cervezas artesanales con productores locales. Habr\u00e1 gastronom\u00eda y espect\u00e1culos en vivo. Entrada gratuita. Ambiente climatizado. No se suspende por lluvia. Organiza la Municipalidad y los Cerveceros Artesanales de Avellaneda.<\/p>\n\n\n\n<p><em>M\u00e1s informaci\u00f3n:<\/em> <a href=\"http:\/\/www.facebook.com\/municipalidad.avellaneda\" target=\"_blank\" rel=\"noreferrer noopener\">www.facebook.com\/municipalidad.avellaneda<\/a> &#8211; <a href=\"http:\/\/www.instagram.com\/cerveceros_de_avellaneda\" target=\"_blank\" rel=\"noreferrer noopener\">www.instagram.com\/cerveceros_de_avellaneda<\/a>&nbsp;<\/p>\n\n\n\n<p><strong>SAN PEDRO (Doyle)<\/strong><\/p>\n\n\n\n<p><strong>1\u00ba Fiesta de la Torta Frita con Miel<\/strong><\/p>\n\n\n\n<p><em>Fecha, hora y lugar:<\/em> Domingo 11, desde las 11:00, en el predio de la estaci\u00f3n Crist\u00f3bal Doyle.<\/p>\n\n\n\n<p><em>Descripci\u00f3n:<\/em>. Se presentar\u00e1n Los Campedrinos y Ballets Folkl\u00f3ricos. Adem\u00e1s, emprendimientos, artesan\u00edas, gastronom\u00eda, espect\u00e1culos musicales y&nbsp; sector para las infancias. Organiza la Secretar\u00eda de Turismo de la Municipalidad de San Pedro.<\/p>\n\n\n\n<p><em>M\u00e1s informaci\u00f3n:<\/em> <a href=\"http:\/\/www.facebook.com\/sanpedrobuenosaires\" target=\"_blank\" rel=\"noreferrer noopener\">www.facebook.com\/sanpedrobuenosaires<\/a> &#8211; <a href=\"http:\/\/www.instagram.com\/sanpedromunicipalidad\" target=\"_blank\" rel=\"noreferrer noopener\">www.instagram.com\/sanpedromunicipalidad<\/a>&nbsp;<\/p>\n\n\n\n<p><strong>EVENTOS DEPORTIVOS<\/strong><\/p>\n\n\n\n<p><strong>PUAN (Villa Iris)<\/strong><\/p>\n\n\n\n<p><strong>10\u00ba Las 2 Leguas de Villa Iris<\/strong><\/p>\n\n\n\n<p><em>Fecha, hora y lugar:<\/em> Domingo 11, a las 10:30, desde Villa Iris.<\/p>\n\n\n\n<p><em>Descripci\u00f3n:<\/em> Competencia de 10 kil\u00f3metros. Actividad arancelada. Inscripci\u00f3n abierta hasta el d\u00eda mi\u00e9rcoles 7 de junio, a trav\u00e9s de <a href=\"http:\/\/www.inscripciones.bahiacorre.com.ar\/V5\/\" target=\"_blank\" rel=\"noreferrer noopener\">www.inscripciones.bahiacorre.com.ar\/V5\/<\/a> Organiza la Municipalidad de Puan.<\/p>\n\n\n\n<p><em>M\u00e1s informaci\u00f3n:<\/em> <a href=\"http:\/\/www.facebook.com\/villairis10k\" target=\"_blank\" rel=\"noreferrer noopener\">www.facebook.com\/villairis10k<\/a><\/p>\n\n\n\n<p><strong>FERIAS Y EXPOSICIONES<\/strong><\/p>\n\n\n\n<p><strong>ALMIRANTE BROWN<\/strong><\/p>\n\n\n\n<p><strong>7\u00ba Feria Internacional del Libro<\/strong><\/p>\n\n\n\n<p><em>Fecha, hora y lugar:<\/em> Del jueves 8 al domingo 11, a partir de las 09:00, en la Plaza Brown, frente al Palacio Municipal.<\/p>\n\n\n\n<p><em>Descripci\u00f3n: <\/em>Participar\u00e1n autores, editoriales y promotores de la actividad art\u00edstica local. Adem\u00e1s, conferencias, talleres, presentaci\u00f3n y firma de libros. Entrada gratuita. Organiza la Municipalidad de Almirante Brown.<\/p>\n\n\n\n<p><em>M\u00e1s informaci\u00f3n:<\/em> <a href=\"http:\/\/www.educacion.brown.gob.ar\/feriadellibro\" target=\"_blank\" rel=\"noreferrer noopener\">www.educacion.brown.gob.ar\/feriadellibro<\/a>&nbsp;<\/p>\n\n\n\n<p><strong>ESCOBAR<\/strong><\/p>\n\n\n\n<p><strong>Expo Escobar 2023<\/strong><\/p>\n\n\n\n<p><em>Fecha, hora y lugar:<\/em> Del jueves 8 al s\u00e1bado 10, desde las 10:00, en el Predio de la Fiesta de la Flor, Mateo Gelves n\u00ba 1050.<\/p>\n\n\n\n<p><em>Descripci\u00f3n:<\/em> Intercambio comercial, talleres de capacitaci\u00f3n, charlas sobre educaci\u00f3n, espect\u00e1culos en vivo y actividades recreativas para toda la familia. Entrada gratuita. Organiza la Municipalidad de Escobar.<\/p>\n\n\n\n<p><em>M\u00e1s informaci\u00f3n:<\/em> <a href=\"https:\/\/expoescobar.com\/\" target=\"_blank\" rel=\"noreferrer noopener\">https:\/\/expoescobar.com\/<\/a>&nbsp;<\/p>\n\n\n\n<p><strong>AZUL<\/strong><\/p>\n\n\n\n<p><strong>Expo Miel Azul 2023 &#8211; 25\u00ba Fiesta Nacional de la Miel<\/strong><\/p>\n\n\n\n<p><em>Fecha, hora y lugar<\/em>: Del viernes 9 al domingo 11, entre las 9:00 y las 18:00, en el predio de la Sociedad de Azul, av. Urioste y Ruta Nacional 3.<\/p>\n\n\n\n<p><em>Descripci\u00f3n:<\/em>&nbsp; Conferencias, charlas t\u00e9cnicas y talleres sobre la tem\u00e1tica de la miel y las abejas. Novedades t\u00e9cnicas y de insumos, paseo de compras con feriantes y artesanos. Presentaciones cient\u00edficas, mesas redondas, paneles y conversatorios. Por otro lado, la Comisi\u00f3n Directiva Nacional de SADA tratar\u00e1 los desaf\u00edos actuales de la Apicultura Argentina; perspectivas y posibilidades del mercado nacional e internacional de la miel; y la agroecolog\u00eda como modelo agr\u00edcola equilibrado. Entrada arancelada. Organizado por el Centro de Apicultores de Azul. Consultar programaci\u00f3n <a href=\"http:\/\/www.expomielazul.com.ar\/exposicion\" target=\"_blank\" rel=\"noreferrer noopener\">www.expomielazul.com.ar\/exposicion<\/a>&nbsp;<\/p>\n\n\n\n<p><em>M\u00e1s informaci\u00f3n<\/em>: <a href=\"http:\/\/azuldigital.gob.ar\/\" target=\"_blank\" rel=\"noreferrer noopener\">http:\/\/azuldigital.gob.ar<\/a> &#8211; <a href=\"http:\/\/www.facebook.com\/municipiodeazul\" target=\"_blank\" rel=\"noreferrer noopener\">www.facebook.com\/municipiodeazul<\/a> &#8211; <a href=\"http:\/\/www.instagram.com\/municipalidaddeazul\" target=\"_blank\" rel=\"noreferrer noopener\">www.instagram.com\/municipalidaddeazul<\/a> &#8211; <a href=\"http:\/\/www.facebook.com\/azulesturismo\" target=\"_blank\" rel=\"noreferrer noopener\">www.facebook.com\/azulesturismo<\/a><\/p>\n\n\n\n<p><strong>SALTO<\/strong><\/p>\n\n\n\n<p><strong>2\u00b0 Feria Del Libro<\/strong><\/p>\n\n\n\n<p><em>Fecha, hora y lugar:<\/em> S\u00e1bado 10 y domingo 11, de 14:00 a 21:00, en Club Progreso.<\/p>\n\n\n\n<p><em>M\u00e1s informaci\u00f3n: <\/em>Editoriales independientes de la provincia de Buenos Aires, autores locales, instituciones, presentaciones de libros, charlas, debates, y espect\u00e1culos para todo el p\u00fablico. Entrada gratuita. Organiza la Municipalidad de Salto con el auspicio del Ministerio de Cultura de la Naci\u00f3n.&nbsp;<\/p>\n\n\n\n<p><em>M\u00e1s informaci\u00f3n: <\/em>&nbsp;<a href=\"http:\/\/www.instagram.com\/saltocultura\" target=\"_blank\" rel=\"noreferrer noopener\">www.instagram.com\/saltocultura<\/a> &#8211; <a href=\"http:\/\/www.facebook.com\/saltocultura\" target=\"_blank\" rel=\"noreferrer noopener\">www.facebook.com\/saltocultura<\/a> &#8211; <a href=\"mailto:cultsalto@gmail.com\" target=\"_blank\" rel=\"noreferrer noopener\">cultsalto@gmail.com<br><\/a><\/p>\n\n\n\n<p><strong>BERAZATEGUI<\/strong><\/p>\n\n\n\n<p><strong>24\u00ba Sal\u00f3n Nacional de Creatividad y Dise\u00f1o Artesanal&nbsp;<\/strong><\/p>\n\n\n\n<p><em>Fecha, hora y lugar:<\/em> Del s\u00e1bado 10 de junio al domingo 2 de julio, de 15:00 a 19:00, en el Complejo Cultural Municipal \u201cEl Patio\u201d, 149 n\u00b0 1530, entre 15 y 15 A.&nbsp;<\/p>\n\n\n\n<p><em>Descripci\u00f3n:<\/em>&nbsp; el objetivo del concurso es difundir el patrimonio cultural, revalorizando la creatividad, originalidad y calidad de las artesan\u00edas. Entrada gratuita. Organiza la Municipalidad de Berazategui.&nbsp;<\/p>\n\n\n\n<p><em>M\u00e1s informaci\u00f3n:<\/em> <a href=\"http:\/\/www.berazategui.gov.ar\/cultura\/agenda\" target=\"_blank\" rel=\"noreferrer noopener\">www.berazategui.gov.ar\/cultura\/agenda<\/a>&nbsp;<\/p>\n\n\n\n<figure class=\"wp-block-embed\"><div class=\"wp-block-embed__wrapper\">\nhttps:\/\/recreo.gba.gob.ar\/recess\/simple\/20406\n<\/div><\/figure>\n\n\n\n<p>La agenda tur\u00edstica y cultural de los 135 municipios se encuentra disponible en la APP ReCreo. Link de descarga: <a href=\"http:\/\/recreo.gba.gob.ar\/descargar\" target=\"_blank\" rel=\"noreferrer noopener\">recreo.gba.gob.ar\/descargar<\/a><\/p>\n\n\n\n<p>M\u00e1s informaci\u00f3n en @turismopba<\/p>\n\n\n\n<p><strong>Cr\u00e9dito fotos<\/strong><\/p>\n\n\n\n<p>Municipios de Laprida y Luj\u00e1n<\/p>\n","protected":false},"excerpt":{"rendered":"<p>Llega un fin de semana con&nbsp; actividades imperdibles para disfrutar en los municipios bonaerenses: festividades patronales y productivas, encuentros culturales y exposiciones. Mercedes ser\u00e1 sede de la Fiesta Provincial de&hellip; <\/p>\n","protected":false},"author":2,"featured_media":23173,"comment_status":"closed","ping_status":"open","sticky":false,"template":"","format":"standard","meta":{"footnotes":""},"categories":[27],"tags":[],"class_list":["post-23172","post","type-post","status-publish","format-standard","has-post-thumbnail","hentry","category-turismo"],"_links":{"self":[{"href":"https:\/\/eenergetica.com.ar\/index.php\/wp-json\/wp\/v2\/posts\/23172","targetHints":{"allow":["GET"]}}],"collection":[{"href":"https:\/\/eenergetica.com.ar\/index.php\/wp-json\/wp\/v2\/posts"}],"about":[{"href":"https:\/\/eenergetica.com.ar\/index.php\/wp-json\/wp\/v2\/types\/post"}],"author":[{"embeddable":true,"href":"https:\/\/eenergetica.com.ar\/index.php\/wp-json\/wp\/v2\/users\/2"}],"replies":[{"embeddable":true,"href":"https:\/\/eenergetica.com.ar\/index.php\/wp-json\/wp\/v2\/comments?post=23172"}],"version-history":[{"count":1,"href":"https:\/\/eenergetica.com.ar\/index.php\/wp-json\/wp\/v2\/posts\/23172\/revisions"}],"predecessor-version":[{"id":23174,"href":"https:\/\/eenergetica.com.ar\/index.php\/wp-json\/wp\/v2\/posts\/23172\/revisions\/23174"}],"wp:featuredmedia":[{"embeddable":true,"href":"https:\/\/eenergetica.com.ar\/index.php\/wp-json\/wp\/v2\/media\/23173"}],"wp:attachment":[{"href":"https:\/\/eenergetica.com.ar\/index.php\/wp-json\/wp\/v2\/media?parent=23172"}],"wp:term":[{"taxonomy":"category","embeddable":true,"href":"https:\/\/eenergetica.com.ar\/index.php\/wp-json\/wp\/v2\/categories?post=23172"},{"taxonomy":"post_tag","embeddable":true,"href":"https:\/\/eenergetica.com.ar\/index.php\/wp-json\/wp\/v2\/tags?post=23172"}],"curies":[{"name":"wp","href":"https:\/\/api.w.org\/{rel}","templated":true}]}}