{"id":23163,"date":"2023-06-07T08:08:48","date_gmt":"2023-06-07T11:08:48","guid":{"rendered":"http:\/\/eenergetica.com.ar\/?p=23163"},"modified":"2023-06-07T08:08:49","modified_gmt":"2023-06-07T11:08:49","slug":"los-gobernadores-resaltaron-la-importancia-de-la-obra-publica-para-generar-mas-federalismo-e-integracion","status":"publish","type":"post","link":"https:\/\/eenergetica.com.ar\/index.php\/2023\/06\/07\/los-gobernadores-resaltaron-la-importancia-de-la-obra-publica-para-generar-mas-federalismo-e-integracion\/","title":{"rendered":"LOS GOBERNADORES RESALTARON LA IMPORTANCIA DE LA OBRA P\u00daBLICA PARA GENERAR &#8220;M\u00c1S FEDERALISMO E INTEGRACI\u00d3N&#8221;"},"content":{"rendered":"\n<p><strong>La importancia de la obra p\u00fablica y la infraestructura como v\u00eda fundamental para el desarrollo y el crecimiento federal del pa\u00eds fue el tema central que abordaron ministros y gobernadoras en el marco del Seminario de Infraestructura Regional organizado por el Ministerio de Obras P\u00fablicas.<\/strong><\/p>\n\n\n\n<p>&nbsp; &nbsp;Con la coordinaci\u00f3n del ministro del \u00e1rea, Gabriel Katopodis, el desarrollo de cierre de la primera jornada se realiz\u00f3 con el ministro del Interior, Eduardo &#8220;Wado&#8221; de Pedro, y los gobernadores Alicia Kirchner (Santa Cruz), Axel Kicillof (Buenos Aires), Ra\u00fal Jalil Catamarca), Gerardo Zamora (Santiago del Estero) y Ricardo Quintela (La Rioja).<\/p>\n\n\n\n<p>&nbsp;&nbsp; Abri\u00f3 el debate Katopodis, al afirmar que &#8220;queremos saber qu\u00e9 argentina queremos ser, extractivista o con producci\u00f3n nacional, en un territorio diverso y desigual. La infraestructura equilibra esa cancha, para que no haya lugares rezagados, que Vaca Muerta no sea para cuatro vivos; esa producci\u00f3n hay que conducirla, que est\u00e1 en la pol\u00edtica y en un rol inteligente del Estado, con los gobernadores y con una mirada federal. Hablamos durante la jornada de la energ\u00eda, de integrar al pa\u00eds, de la importancia de la infraestructura, de las ciudades y conformar un estatuto con una mirada estrat\u00e9gica&#8221;.<\/p>\n\n\n\n<p>&nbsp;&nbsp; En tanto, De Pedro resalt\u00f3: &#8220;En el encuentro veo funcionarios que hacen que las cosas funcionen. Cuando pensamos la Argentina que queremos ser, queremos una Argentina federal. El federalismo es trabajo. Cuando asumimos empezamos un trabajo para saber cu\u00e1l es la matriz productiva que necesita cada provincia del pa\u00eds, y lo hicimos luego con el sector privado&#8221;.<\/p>\n\n\n\n<p>&nbsp;&nbsp; &#8220;M\u00e1s de 800 reuniones con empresarios, para saber qu\u00e9 necesitaban para producir m\u00e1s, exportar m\u00e1s y dar m\u00e1s trabajo. De eso hicimos un relevamiento de 1590 obras acordadas entre sector p\u00fablico y privado, muchas de esas se est\u00e1n haciendo y tienen planificaci\u00f3n, para que cuando podamos salir de este escollo financiero en el que nos meti\u00f3 Macri, podamos concretarlos&#8221;, precis\u00f3.<\/p>\n\n\n\n<p>&nbsp;&nbsp; El ministro del Interior hizo especial \u00e9nfasis en la necesidad de recrear el tejido productivo: &#8220;Tenemos un Vaca Muerta tambi\u00e9n en Santa Cruz. En esta elecci\u00f3n se va a discutir si ese potencial se lo quedan unos pocos o le metemos ciencia y tecnolog\u00eda para desarrollar la Argentina. El campo tambi\u00e9n es un aliado de los gobiernos como los nuestros&#8221;.<\/p>\n\n\n\n<p>&nbsp;&nbsp; &#8220;Es imposible empezar a disputar con las potencias mundiales si no tenemos un proyecto de pa\u00eds y una matriz productiva. No podemos tener un partido pol\u00edtico que quiera destruir a un sector, y ah\u00ed el peronismo tiene un desaf\u00edo central de incorporar a los empresarios a un proyecto nacional y popular para volver a crear una burgues\u00eda nacional. Tenemos que construir y volver a tejer un entramado con los sectores industriales y falta que el peronismo lo construya y lo comunique. Queremos ser la Argentina de los acuerdos para que la gente tenga plata en el bolsillo y que las pymes trabajen. El orden y la firmeza es lo que necesitan los trabajadores y trabajadoras y eso lo garantiza el peronismo&#8221;, se\u00f1al\u00f3.<\/p>\n\n\n\n<p>&nbsp;&nbsp; Alicia Kirchner, en tanto, hizo un recorrido por los 8 a\u00f1os de gesti\u00f3n, relatando que &#8220;cuando me hice cargo de la provincia de Santa Cruz estaba deteriorada en varios aspectos, pero dar respuestas inmediatas, que no las ten\u00edamos. Vinimos a pedirle ayuda al presidente Macri y no la tuvimos&#8221;.<\/p>\n\n\n\n<p>&nbsp;&nbsp; &#8220;En una sociedad en plena crisis nosotros pedimos un acuerdo social y lo empezamos a hacer con todas las fuerzas, organizaciones gremiales, pol\u00edticas y otras. Como la Naci\u00f3n no nos daba ingresos, creamos una agencia recaudadora, aunque apenas pod\u00edamos pagar los sueldos, y le pedimos a las mineras crear un fondo para la producci\u00f3n. El gobierno de Macri nos sac\u00f3 obras, que ahora pudimos terminar. La mirada para crecer tiene que ser territorial y federal&#8221;, se\u00f1al\u00f3.<\/p>\n\n\n\n<p>&nbsp;&nbsp; Por su parte, el gobernador bonaerense Axel Kicillof centr\u00f3 su exposici\u00f3n en que &#8220;La divisi\u00f3n que se hace en Argentina es entre CABA e interior y la Provincia tiene un lugar indefinido. Siempre se habla de provincias inviables, y la Provincia de Buenos Aires es el interior del pa\u00eds. Vivimos un proceso de crecimiento poblacional en el Conurbano sin el acompa\u00f1amiento las de obras que necesitaba&#8221;.<\/p>\n\n\n\n<p>&nbsp;&nbsp; &#8220;El crecimiento vino con la industrializaci\u00f3n de la mano del peronismo, con pol\u00edticas de inclusi\u00f3n social, pero hubo otros momentos de decadencia sin el acompa\u00f1amiento de la inversi\u00f3n social b\u00e1sica y esto pas\u00f3 porque el neoliberalismo y la derecha generaron las desigualdades en la Provincia de Buenos Aires&#8221;, asegur\u00f3 el mandatario provincial.<\/p>\n\n\n\n<p>&nbsp;&nbsp; Y a\u00f1adi\u00f3: &#8220;La industrializaci\u00f3n vino con el peronismo y en los gobiernos de N\u00e9stor y Cristina. Cada vez que gobierna la derecha sufre el pa\u00eds. Abrimos 162 escuelas en el Conurbano y 150 centros de atenci\u00f3n primaria, y en el interior de la Provincia 40 centros universitarios&#8221;.<br>&nbsp;&nbsp; Gerardo Zamora, por su parte, destac\u00f3 que &#8220;el potencial de Argentina y el noroeste necesita de infraestructura, pero el endeudamiento para<\/p>\n\n\n\n<p>eso terminaba en otras provincias&#8221;, al tiempo que precis\u00f3 que &#8220;Santiago entre 2004 y 2021 es una de las que m\u00e1s creci\u00f3, gracias al programa Norte Grande que lanz\u00f3 N\u00e9stor Kirchner en 2003&#8221;.<br>&nbsp;&nbsp; &#8220;Nosotros no tenemos deuda, por eso mejoramos rutas, lugares tur\u00edsticos, energ\u00eda, cultivos, y la mejora en la infraestructura nos dej\u00f3 empezar a exportar y exportamos hoy unos 1.500 millones de d\u00f3lares, desde los U$S100 millones de 2003, y tenemos una balanza positiva. Tenemos un potencial exportador muy grande y las obras p\u00fablicas se siguen haciendo&#8221;, explic\u00f3.<br>&nbsp;&nbsp; Y a\u00f1adi\u00f3: &#8220;Hay que terminar con el macrocentralismo de CABA porque sin federalismo no hay pa\u00eds. Y hay ciertos fallos que nos preocupan por el equilibrio de poderes. No hay pa\u00eds sin federalismo, y trabajar sobre Las bander\u00edas pol\u00edticas para atraer inversiones y potenciar la igualdad de oportunidades&#8221;.<br>&nbsp;&nbsp; Por \u00faltimo, precis\u00f3: &#8220;Sin pol\u00edtica no hay futuro y desde el campo popular que tanto se ataca defendemos eso. El neoliberalismo de hace 4 y 5 a\u00f1os atr\u00e1s dej\u00f3 que se ganaran con el carry trade al 5% anual&#8221;.<\/p>\n","protected":false},"excerpt":{"rendered":"<p>La importancia de la obra p\u00fablica y la infraestructura como v\u00eda fundamental para el desarrollo y el crecimiento federal del pa\u00eds fue el tema central que abordaron ministros y gobernadoras&hellip; <\/p>\n","protected":false},"author":2,"featured_media":23164,"comment_status":"closed","ping_status":"open","sticky":false,"template":"","format":"standard","meta":{"footnotes":""},"categories":[21],"tags":[26],"class_list":["post-23163","post","type-post","status-publish","format-standard","has-post-thumbnail","hentry","category-economia","tag-destacada"],"_links":{"self":[{"href":"https:\/\/eenergetica.com.ar\/index.php\/wp-json\/wp\/v2\/posts\/23163","targetHints":{"allow":["GET"]}}],"collection":[{"href":"https:\/\/eenergetica.com.ar\/index.php\/wp-json\/wp\/v2\/posts"}],"about":[{"href":"https:\/\/eenergetica.com.ar\/index.php\/wp-json\/wp\/v2\/types\/post"}],"author":[{"embeddable":true,"href":"https:\/\/eenergetica.com.ar\/index.php\/wp-json\/wp\/v2\/users\/2"}],"replies":[{"embeddable":true,"href":"https:\/\/eenergetica.com.ar\/index.php\/wp-json\/wp\/v2\/comments?post=23163"}],"version-history":[{"count":1,"href":"https:\/\/eenergetica.com.ar\/index.php\/wp-json\/wp\/v2\/posts\/23163\/revisions"}],"predecessor-version":[{"id":23165,"href":"https:\/\/eenergetica.com.ar\/index.php\/wp-json\/wp\/v2\/posts\/23163\/revisions\/23165"}],"wp:featuredmedia":[{"embeddable":true,"href":"https:\/\/eenergetica.com.ar\/index.php\/wp-json\/wp\/v2\/media\/23164"}],"wp:attachment":[{"href":"https:\/\/eenergetica.com.ar\/index.php\/wp-json\/wp\/v2\/media?parent=23163"}],"wp:term":[{"taxonomy":"category","embeddable":true,"href":"https:\/\/eenergetica.com.ar\/index.php\/wp-json\/wp\/v2\/categories?post=23163"},{"taxonomy":"post_tag","embeddable":true,"href":"https:\/\/eenergetica.com.ar\/index.php\/wp-json\/wp\/v2\/tags?post=23163"}],"curies":[{"name":"wp","href":"https:\/\/api.w.org\/{rel}","templated":true}]}}