{"id":22781,"date":"2023-05-25T11:57:49","date_gmt":"2023-05-25T14:57:49","guid":{"rendered":"http:\/\/eenergetica.com.ar\/?p=22781"},"modified":"2023-05-25T11:57:50","modified_gmt":"2023-05-25T14:57:50","slug":"precio-del-dolar-como-seguira-en-los-proximos-meses","status":"publish","type":"post","link":"https:\/\/eenergetica.com.ar\/index.php\/2023\/05\/25\/precio-del-dolar-como-seguira-en-los-proximos-meses\/","title":{"rendered":"PRECIO DEL D\u00d3LAR: \u00bfC\u00d3MO SEGUIR\u00c1 EN LOS PR\u00d3XIMOS MESES?"},"content":{"rendered":"\n<p><strong>Con un fuerte aumento de la incertidumbre antes de las elecciones presidenciales, las expectativas de devaluaci\u00f3n podr\u00edan crecer, se profundizar\u00eda el d\u00e9ficit cambiario del Banco Central y la autoridad monetaria se ver\u00eda obligada a alterar el ritmo devaluatorio actual.<\/strong><\/p>\n\n\n\n<p>&nbsp; &nbsp;Por ese motivo, &#8220;resulta muy importante que Argentina vuelva suscribir un nuevo programa con el FMI que permita recomponer parte de sus reservas internacionales y as\u00ed tener m\u00e1s herramientas para reducir la incertidumbre en los momentos cercanos a las elecciones&#8221;, se\u00f1al\u00f3 un informe de la Fundaci\u00f3n Mediterr\u00e1nea.<\/p>\n\n\n\n<p>&nbsp;&nbsp; Para la entidad, de aqu\u00ed a los pr\u00f3ximos meses la evoluci\u00f3n de la prima de riesgo pa\u00eds y de las expectativas devaluatorias depender\u00e1n principalmente del acuerdo con el FMI, del contexto pol\u00edtico y de la evoluci\u00f3n de la inflaci\u00f3n.<\/p>\n\n\n\n<p>&nbsp;&nbsp; Seg\u00fan el informe, el tipo de cambio real del d\u00f3lar oficial estuvo cayendo en los \u00faltimos meses, lo cual explica buena parte de la necesidad del Gobierno de establecer cada vez m\u00e1s controles y cepos cambiarios que, a su vez, no logran frenar la p\u00e9rdida de reservas.<\/p>\n\n\n\n<p>&nbsp;&nbsp; Esa din\u00e1mica &#8220;restringe a la autoridad monetaria a no poder apartar demasiado la tasa de devaluaci\u00f3n del ritmo de inflaci\u00f3n&#8221;, indic\u00f3 la Mediterr\u00e1nea.<\/p>\n\n\n\n<p>&nbsp;&nbsp; La Fundaci\u00f3n consider\u00f3 que desde una perspectiva de mediano t\u00e9rmino, si se aplicara un plan integral de estabilizaci\u00f3n y mejoraran los niveles de productividad, el valor nominal del d\u00f3lar oficial podr\u00eda situarse(en t\u00e9rminos reales) &#8220;bastante por debajo de los niveles actuales en los que se encuentran las diferentes cotizaciones del d\u00f3lar libre&#8221;.<\/p>\n\n\n\n<p>&nbsp;&nbsp; Ahora, en un escenario donde se vislumbre que la incertidumbre avanza fuertemente, la evoluci\u00f3n del precio de la divisa probablemente le gane a la inflaci\u00f3n, pero en un marco donde el nivel de incertidumbre resulte similar al actual, el d\u00f3lar libre y la inflaci\u00f3n se podr\u00edan mover a un ritmo parecido, evalu\u00f3 la entidad.<\/p>\n\n\n\n<p>&nbsp;&nbsp; Tambi\u00e9n estim\u00f3 que, en el caso que el desconcierto econ\u00f3mico logre aplacarse, la evoluci\u00f3n del d\u00f3lar libre deber\u00eda ir por detr\u00e1s del ritmo de los precios de la econom\u00eda.<\/p>\n\n\n\n<p>&nbsp;&nbsp; El informe se\u00f1al\u00f3 adem\u00e1s que el precio de la divisa se encuentra bastante por encima del promedio de los \u00faltimos 40 a\u00f1os, pero resulta menor que el de varios momentos de crisis (febrero 1976 \u2013 ca\u00edda del Gobierno de Isabel Per\u00f3n; julio 1982 \u2013 guerra de Malvinas; junio de 1985 \u2013 previa al Plan Austral; mayo 1989 \u2013 hiperinflaci\u00f3n; junio 2002 \u2013 seis meses despu\u00e9s de la ca\u00edda de la Convertibilidad; octubre de 2020 \u2013 salida de la pandemia y junio de 2022 \u2013 renuncia del ministro Guzm\u00e1n).<\/p>\n\n\n\n<p>&nbsp;&nbsp; &#8220;En una econom\u00eda con alta inflaci\u00f3n como la Argentina, la pregunta sobre si el d\u00f3lar (en cualquiera de sus versiones) subir\u00e1 o no, carece sentido. En la medida que la inflaci\u00f3n se mantenga en los niveles actuales, tarde o temprano los precios de todos los bienes suben&#8221;, afirm\u00f3 el reporte.<\/p>\n","protected":false},"excerpt":{"rendered":"<p>Con un fuerte aumento de la incertidumbre antes de las elecciones presidenciales, las expectativas de devaluaci\u00f3n podr\u00edan crecer, se profundizar\u00eda el d\u00e9ficit cambiario del Banco Central y la autoridad monetaria&hellip; <\/p>\n","protected":false},"author":2,"featured_media":22782,"comment_status":"closed","ping_status":"open","sticky":false,"template":"","format":"standard","meta":{"footnotes":""},"categories":[21],"tags":[26],"class_list":["post-22781","post","type-post","status-publish","format-standard","has-post-thumbnail","hentry","category-economia","tag-destacada"],"_links":{"self":[{"href":"https:\/\/eenergetica.com.ar\/index.php\/wp-json\/wp\/v2\/posts\/22781","targetHints":{"allow":["GET"]}}],"collection":[{"href":"https:\/\/eenergetica.com.ar\/index.php\/wp-json\/wp\/v2\/posts"}],"about":[{"href":"https:\/\/eenergetica.com.ar\/index.php\/wp-json\/wp\/v2\/types\/post"}],"author":[{"embeddable":true,"href":"https:\/\/eenergetica.com.ar\/index.php\/wp-json\/wp\/v2\/users\/2"}],"replies":[{"embeddable":true,"href":"https:\/\/eenergetica.com.ar\/index.php\/wp-json\/wp\/v2\/comments?post=22781"}],"version-history":[{"count":1,"href":"https:\/\/eenergetica.com.ar\/index.php\/wp-json\/wp\/v2\/posts\/22781\/revisions"}],"predecessor-version":[{"id":22783,"href":"https:\/\/eenergetica.com.ar\/index.php\/wp-json\/wp\/v2\/posts\/22781\/revisions\/22783"}],"wp:featuredmedia":[{"embeddable":true,"href":"https:\/\/eenergetica.com.ar\/index.php\/wp-json\/wp\/v2\/media\/22782"}],"wp:attachment":[{"href":"https:\/\/eenergetica.com.ar\/index.php\/wp-json\/wp\/v2\/media?parent=22781"}],"wp:term":[{"taxonomy":"category","embeddable":true,"href":"https:\/\/eenergetica.com.ar\/index.php\/wp-json\/wp\/v2\/categories?post=22781"},{"taxonomy":"post_tag","embeddable":true,"href":"https:\/\/eenergetica.com.ar\/index.php\/wp-json\/wp\/v2\/tags?post=22781"}],"curies":[{"name":"wp","href":"https:\/\/api.w.org\/{rel}","templated":true}]}}