{"id":22438,"date":"2023-05-14T12:47:42","date_gmt":"2023-05-14T15:47:42","guid":{"rendered":"http:\/\/eenergetica.com.ar\/?p=22438"},"modified":"2023-05-14T12:47:42","modified_gmt":"2023-05-14T15:47:42","slug":"maximo-kirchner-no-hace-falta-ser-candidato-a-algo-para-transformar-la-realidad","status":"publish","type":"post","link":"https:\/\/eenergetica.com.ar\/index.php\/2023\/05\/14\/maximo-kirchner-no-hace-falta-ser-candidato-a-algo-para-transformar-la-realidad\/","title":{"rendered":"M\u00c1XIMO KIRCHNER: &#8220;NO HACE FALTA SER CANDIDATO A ALGO PARA TRANSFORMAR LA REALIDAD&#8221;"},"content":{"rendered":"\n<p><strong>El l\u00edder de La C\u00e1mpora, M\u00e1ximo&nbsp;Kirchner, ratific\u00f3 que lo fundamental para el Frente de Todos es &#8220;tener un buen programa&#8221; de gobierno y asegur\u00f3 que &#8220;no hace falta ser candidato a algo para transformar la realidad&#8221;.<\/strong><\/p>\n\n\n\n<p>&nbsp; &nbsp;Adem\u00e1s, exigi\u00f3 que se avance con la implementaci\u00f3n de una suma fija porque &#8220;la gente tiene urgencias&#8221; y envi\u00f3 un mensaje a los sindicalistas que se oponen a esa medida al afirmar que &#8220;no se trata de ver qui\u00e9n la tiene m\u00e1s larga entre uno y el otro&#8221;.<\/p>\n\n\n\n<p>&nbsp;&nbsp; Tras advertir sobre la dif\u00edcil situaci\u00f3n social del pa\u00eds, el diputado nacional del Frente de Todos remarc\u00f3 que &#8220;el peronismo no puede mirar para otro lado cuando estas cosas suceden&#8221;.<\/p>\n\n\n\n<p>&nbsp;&nbsp; &#8220;Todos sabemos que la paritaria es mejor que la suma fija, pero lo que uno le pide con toda humildad a los compa\u00f1eros de los sindicatos, a la CGT, es que nuestra gente necesita una mano ahora, necesita una mano ya, para enfrentar los abusos del poder econ\u00f3mico que vemos reflejados en los precios&#8221;, subray\u00f3 el&nbsp;hijo de la vicepresidenta, Cristina Kirchner.<\/p>\n\n\n\n<p>&nbsp;&nbsp; En su discurso de cierre del Congreso del PJ bonaerense, M\u00e1ximo&nbsp;Kirchner profundiz\u00f3 sus palabras hacia los gremialistas: &#8220;Tenemos que representar a la gente, no ver qui\u00e9n la tiene m\u00e1s larga entre uno y el otro: suma fija ahora, paritaria despu\u00e9s y, si podemos, doble aguinaldo para los compa\u00f1eros y compa\u00f1eras que todos los d\u00edas trabajan en las f\u00e1bricas, las escuelas, los comercios. Necesitamos recuperar el poder adquisitivo&#8221;.<\/p>\n\n\n\n<p>&nbsp;&nbsp; &#8220;Recuperar el poder adquisitivo es m\u00e1s litros de leche en la casa, m\u00e1s kilos de carne a la hora de comer, poder alimentarse y comer fruta y verdura, en vez de comer harina todo el d\u00eda, porque nuestro pueblo necesita alimentarse bien, no s\u00f3lo no tener hambre&#8221;, agreg\u00f3.<br>&nbsp;&nbsp; Adem\u00e1s, afirm\u00f3 que &#8220;es una de las paradas m\u00e1s bravas que afronta<\/p>\n\n\n\n<p>no s\u00f3lo el peronismo, sino la gente, desde la vuelta de la&nbsp;democracia&#8221;.&nbsp;&#8220;Tenemos que convocarnos a una patriada con la mayor de las&nbsp;amplitudes para construir una victoria en 2023, pero esa amplitud&nbsp;no puede ser que debilite el compromiso que asumimos con la&nbsp;gente&#8221;, se\u00f1al\u00f3.<\/p>\n\n\n\n<p>&nbsp;&nbsp; Y, al referirse a la interna del Frente de Todos, continu\u00f3: &#8220;Las PASO son un instrumento, como la guitarra: depende de qui\u00e9n la agarre suena bien o suena mal. Para no depender tanto de las virtudes del guitarristas, lo mejor es tener una buena partitura y la partitura debe ser un buen programa de gobierno que sea por PASO o por s\u00edntesis y se cumpla a partir del 10 de diciembre del 2023. Es la mejor manera de que nuestro espacio salde sus discusiones&#8221;.<\/p>\n\n\n\n<p>&nbsp;&nbsp; &#8220;No hace falta ser candidato a algo para realmente transformar la realidad&#8221;, expres\u00f3 el diputado nacional, quien tambi\u00e9n reclam\u00f3 &#8220;un fuerte compromiso&#8221; de la gente y que &#8220;no se quede en el living de la casa&#8221;.<br>&nbsp;&nbsp; Por otra parte, pidi\u00f3 que el FMI &#8220;le explique a los habitantes de la Argentina por qu\u00e9 le prestaron la cantidad de plata que prestaron y c\u00f3mo evaluaron que ese dinero iba a ser devuelto&#8221;.<br>&nbsp;&nbsp; &#8220;Si no lo explicaron, es porque no era para mejorar el desarrollo de la Argentina, sino para la timba financiera y ver si un in\u00fatil ganaba la elecci\u00f3n&#8221;, manifest\u00f3 el legislador nacional.<br>&nbsp;&nbsp; El presidente del PJ Bonaerense tambi\u00e9n critic\u00f3 a la oposici\u00f3n y advirti\u00f3 que si ganan, ser\u00e1 &#8220;gobierno de oportunistas de derecha que le mienten diariamente a la gente&#8221;.<br>&nbsp;&nbsp; &#8220;Si nuestros pibes creen en charlatanes de ferias, que est\u00e1n todo el d\u00eda dando vueltas con latiguillos y versos de la libertad y no s\u00e9 qu\u00e9 m\u00e1s, es porque no estamos hablando con nuestros pibes.<br>&nbsp;&nbsp;Tenemos que ir a contarles qu\u00e9 pas\u00f3 en nuestro pa\u00eds&#8221;, destac\u00f3.<br>&nbsp;&nbsp; En ese sentido, convoc\u00f3 a hablar con la juventud para &#8220;contarle de lo que un pueblo puede hacer cuando tiene una dirigencia que realmente est\u00e1 dispuesta a representarla&#8221;.<br>&nbsp;&nbsp; &#8220;Es f\u00e1cil enojarse con la pol\u00edtica, pero para no enojarse con la pol\u00edtica como sociedad tenemos que estar m\u00e1s atentos cuando escuchamos a las dirigencias y ver qu\u00e9 hicieron y qu\u00e9 no cuando tuvieron la oportunidad de gobernar. Es f\u00e1cil enojarse con las dirigencias o la pol\u00edtica cuando no se presta atenci\u00f3n a qu\u00e9 se vota&#8221;, plante\u00f3.<br>&nbsp;&nbsp; M\u00e1ximo Kirchner tambi\u00e9n pidi\u00f3 &#8220;no enfrentarse entre los sectores populares&#8221; y consider\u00f3 que &#8220;el problema no es el que cobra un plan o el que cobra un trabajo en blanco: el problema son 100 vivos que se quieren llevar puesto un pueblo dividi\u00e9ndolo en su base&#8221;.<\/p>\n","protected":false},"excerpt":{"rendered":"<p>El l\u00edder de La C\u00e1mpora, M\u00e1ximo&nbsp;Kirchner, ratific\u00f3 que lo fundamental para el Frente de Todos es &#8220;tener un buen programa&#8221; de gobierno y asegur\u00f3 que &#8220;no hace falta ser candidato&hellip; <\/p>\n","protected":false},"author":2,"featured_media":22439,"comment_status":"closed","ping_status":"open","sticky":false,"template":"","format":"standard","meta":{"footnotes":""},"categories":[20],"tags":[26],"class_list":["post-22438","post","type-post","status-publish","format-standard","has-post-thumbnail","hentry","category-politica","tag-destacada"],"_links":{"self":[{"href":"https:\/\/eenergetica.com.ar\/index.php\/wp-json\/wp\/v2\/posts\/22438","targetHints":{"allow":["GET"]}}],"collection":[{"href":"https:\/\/eenergetica.com.ar\/index.php\/wp-json\/wp\/v2\/posts"}],"about":[{"href":"https:\/\/eenergetica.com.ar\/index.php\/wp-json\/wp\/v2\/types\/post"}],"author":[{"embeddable":true,"href":"https:\/\/eenergetica.com.ar\/index.php\/wp-json\/wp\/v2\/users\/2"}],"replies":[{"embeddable":true,"href":"https:\/\/eenergetica.com.ar\/index.php\/wp-json\/wp\/v2\/comments?post=22438"}],"version-history":[{"count":1,"href":"https:\/\/eenergetica.com.ar\/index.php\/wp-json\/wp\/v2\/posts\/22438\/revisions"}],"predecessor-version":[{"id":22440,"href":"https:\/\/eenergetica.com.ar\/index.php\/wp-json\/wp\/v2\/posts\/22438\/revisions\/22440"}],"wp:featuredmedia":[{"embeddable":true,"href":"https:\/\/eenergetica.com.ar\/index.php\/wp-json\/wp\/v2\/media\/22439"}],"wp:attachment":[{"href":"https:\/\/eenergetica.com.ar\/index.php\/wp-json\/wp\/v2\/media?parent=22438"}],"wp:term":[{"taxonomy":"category","embeddable":true,"href":"https:\/\/eenergetica.com.ar\/index.php\/wp-json\/wp\/v2\/categories?post=22438"},{"taxonomy":"post_tag","embeddable":true,"href":"https:\/\/eenergetica.com.ar\/index.php\/wp-json\/wp\/v2\/tags?post=22438"}],"curies":[{"name":"wp","href":"https:\/\/api.w.org\/{rel}","templated":true}]}}