{"id":22435,"date":"2023-05-14T12:44:53","date_gmt":"2023-05-14T15:44:53","guid":{"rendered":"http:\/\/eenergetica.com.ar\/?p=22435"},"modified":"2023-05-14T12:44:53","modified_gmt":"2023-05-14T15:44:53","slug":"unac-busca-dar-un-mensaje-a-la-corte-en-la-eleccion-de-legisladores-e-intendentes-en-san-juan","status":"publish","type":"post","link":"https:\/\/eenergetica.com.ar\/index.php\/2023\/05\/14\/unac-busca-dar-un-mensaje-a-la-corte-en-la-eleccion-de-legisladores-e-intendentes-en-san-juan\/","title":{"rendered":"U\u00d1AC BUSCA DAR UN MENSAJE A LA CORTE EN LA ELECCI\u00d3N DE LEGISLADORES E INTENDENTES EN SAN JUAN"},"content":{"rendered":"\n<p><strong>La provincia de San Juan elegir\u00e1 ma\u00f1ana intendentes, concejales y legisladores provinciales, en medio de un clima de tensi\u00f3n entre el Ejecutivo local y la Corte Suprema, tras la suspensi\u00f3n de los comicios a gobernador y vice.<\/strong><\/p>\n\n\n\n<p>&nbsp; &nbsp;Luego de que la Justicia Electoral sanjuanina confirmara la realizaci\u00f3n de la elecci\u00f3n para el resto de las categor\u00edas, se supo que las boletas no fueron reimpresas y que el nombre del gobernador Sergio U\u00f1ac estar\u00e1 presente en los cuartos oscuros este domingo.<\/p>\n\n\n\n<p>&nbsp;&nbsp; De esta forma, el mandatario peronista busca dar un mensaje a la Corte Suprema, confiado en que sus candidatos se quedar\u00e1n con la victoria electoral.<\/p>\n\n\n\n<p>&nbsp;&nbsp; En el entorno del gobernador esperan que un triunfo este domingo sirva como una gran encuesta de lo que ser\u00e1 la elecci\u00f3n general, a\u00fan sin fecha.<\/p>\n\n\n\n<p>&nbsp;&nbsp; U\u00f1ac, quien busca su reelecci\u00f3n, fue impugnado ante la Justicia por un supuesto incumplimiento de la Constituci\u00f3n local, por haber excedido los per\u00edodos permitidos para seguir al frente del Poder Ejecutivo local.<\/p>\n\n\n\n<p>&nbsp;&nbsp; La Corte Suprema determin\u00f3 el pasado martes que las elecciones deb\u00edan ser suspendidas, pero no determin\u00f3 si el gobernador puede presentarse o no por otro mandato.<\/p>\n\n\n\n<p>&nbsp;&nbsp; Esa cuesti\u00f3n de fondo debe ser resuelta por el m\u00e1ximo tribunal y U\u00f1ac todav\u00eda mantiene su postulaci\u00f3n, a diferencia del caso del gobernador de Tucum\u00e1n, Juan Manzur, que ante una situaci\u00f3n similar decisi\u00f3n desistir de su candidatura. .<\/p>\n\n\n\n<p>&nbsp;&nbsp; Tras conocerse la suspensi\u00f3n de las elecciones a gobernador y vice, Juntos por el Cambio pidi\u00f3 a la Corte Suprema que tambi\u00e9n cancelara el resto de los comicios, pero el alto tribunal rechaz\u00f3 el pedido.<\/p>\n","protected":false},"excerpt":{"rendered":"<p>La provincia de San Juan elegir\u00e1 ma\u00f1ana intendentes, concejales y legisladores provinciales, en medio de un clima de tensi\u00f3n entre el Ejecutivo local y la Corte Suprema, tras la suspensi\u00f3n&hellip; <\/p>\n","protected":false},"author":2,"featured_media":22436,"comment_status":"closed","ping_status":"open","sticky":false,"template":"","format":"standard","meta":{"footnotes":""},"categories":[24],"tags":[26],"class_list":["post-22435","post","type-post","status-publish","format-standard","has-post-thumbnail","hentry","category-provincia","tag-destacada"],"_links":{"self":[{"href":"https:\/\/eenergetica.com.ar\/index.php\/wp-json\/wp\/v2\/posts\/22435","targetHints":{"allow":["GET"]}}],"collection":[{"href":"https:\/\/eenergetica.com.ar\/index.php\/wp-json\/wp\/v2\/posts"}],"about":[{"href":"https:\/\/eenergetica.com.ar\/index.php\/wp-json\/wp\/v2\/types\/post"}],"author":[{"embeddable":true,"href":"https:\/\/eenergetica.com.ar\/index.php\/wp-json\/wp\/v2\/users\/2"}],"replies":[{"embeddable":true,"href":"https:\/\/eenergetica.com.ar\/index.php\/wp-json\/wp\/v2\/comments?post=22435"}],"version-history":[{"count":1,"href":"https:\/\/eenergetica.com.ar\/index.php\/wp-json\/wp\/v2\/posts\/22435\/revisions"}],"predecessor-version":[{"id":22437,"href":"https:\/\/eenergetica.com.ar\/index.php\/wp-json\/wp\/v2\/posts\/22435\/revisions\/22437"}],"wp:featuredmedia":[{"embeddable":true,"href":"https:\/\/eenergetica.com.ar\/index.php\/wp-json\/wp\/v2\/media\/22436"}],"wp:attachment":[{"href":"https:\/\/eenergetica.com.ar\/index.php\/wp-json\/wp\/v2\/media?parent=22435"}],"wp:term":[{"taxonomy":"category","embeddable":true,"href":"https:\/\/eenergetica.com.ar\/index.php\/wp-json\/wp\/v2\/categories?post=22435"},{"taxonomy":"post_tag","embeddable":true,"href":"https:\/\/eenergetica.com.ar\/index.php\/wp-json\/wp\/v2\/tags?post=22435"}],"curies":[{"name":"wp","href":"https:\/\/api.w.org\/{rel}","templated":true}]}}