{"id":22191,"date":"2023-05-05T09:29:38","date_gmt":"2023-05-05T12:29:38","guid":{"rendered":"http:\/\/eenergetica.com.ar\/?p=22191"},"modified":"2023-05-05T09:29:39","modified_gmt":"2023-05-05T12:29:39","slug":"mauricio-macri-apoyo-a-vidal-tras-bajarse-de-la-candidatura-presidencial","status":"publish","type":"post","link":"https:\/\/eenergetica.com.ar\/index.php\/2023\/05\/05\/mauricio-macri-apoyo-a-vidal-tras-bajarse-de-la-candidatura-presidencial\/","title":{"rendered":"MAURICIO MACRI APOY\u00d3 A VIDAL TRAS BAJARSE DE LA CANDIDATURA PRESIDENCIAL"},"content":{"rendered":"\n<p><strong>El ex presidente Mauricio Macri respald\u00f3 a la diputada nacional y ex gobernadora bonaerense Mar\u00eda Eugenia Vidal tras bajarse de la candidatura presidencial de Juntos por el Cambio (JxC) y destac\u00f3 su &#8220;valent\u00eda&#8221; y &#8220;lealtad&#8221;.<\/strong><\/p>\n\n\n\n<p>&nbsp; &nbsp;Adem\u00e1s, asegur\u00f3 que no solo respeta su decisi\u00f3n, sino que tambi\u00e9n admiti\u00f3 que &#8220;el futuro tiene un lugar&#8221; para ella. .<\/p>\n\n\n\n<p>&nbsp;&nbsp; &#8220;Mar\u00eda Eugenia, te conozco desde hace muchos a\u00f1os y te respeto desde siempre por tu integridad, tu valent\u00eda y tu lealtad a las personas y a las ideas&#8221;, expres\u00f3 el l\u00edder del PRO en su cuenta de Twitter.&nbsp;.<\/p>\n\n\n\n<p>&nbsp;&nbsp; Y continu\u00f3: &#8220;Por eso la decisi\u00f3n que anunciaste hoy merece todo mi respeto. El futuro tiene un lugar para vos, siempre tendr\u00e1s mi apoyo&#8221;.<\/p>\n\n\n\n<p>&nbsp;&nbsp; Mediante la misma red social, Vidal hab\u00eda oficializado su decisi\u00f3n y se\u00f1al\u00f3 que &#8220;hace un a\u00f1o y medio&#8221; recorre el pa\u00eds, que est\u00e1 &#8220;orgullosa del potencial que tiene la Argentina&#8221;, pero que no puede ignorar &#8220;la angustia, el miedo y la tristeza&#8221; que le &#8220;transmiten en cada provincia&#8221;.<\/p>\n\n\n\n<p>&nbsp;&nbsp; &#8220;Paraliza la inflaci\u00f3n, asusta la inseguridad, aturden las malas noticias, da temor el futuro porque el gobierno no da confianza&#8221;, sostuvo la ex gobernadora de la provincia de Buenos Aires.<\/p>\n\n\n\n<p>&nbsp;&nbsp; &#8220;Estoy convencida que es fundamental que los argentinos conf\u00eden en que Juntos por el Cambio es la salida. Es el \u00fanico espacio pol\u00edtico con el equipo y la experiencia necesaria para sacar el pa\u00eds adelante&#8221;, indic\u00f3.<\/p>\n\n\n\n<p>&nbsp;&nbsp; Y a\u00f1adi\u00f3: &#8220;S\u00e9 que las m\u00faltiples candidaturas s\u00f3lo generan divisi\u00f3n e incertidumbre. Los proyectos individuales no pueden estar por encima del conjunto&#8221;.<\/p>\n\n\n\n<p>&nbsp;&nbsp; En ese sentido, anunci\u00f3 que no ser\u00e1 candidata para mantener la unidad dentro de su espacio: &#8220;&#8216;No se peleen, est\u00e9n unidos&#8217;, me dijeron en cada recorrida. Por eso, porque los escuch\u00e9 y porque los entiendo, decid\u00ed que esta vez no voy a ser candidata a presidenta de la Naci\u00f3n&#8221;.<\/p>\n\n\n\n<p>&nbsp;&nbsp; Y fundament\u00f3: &#8220;Esta, como cada decisi\u00f3n de mi carrera pol\u00edtica, fue tomada en la calle, no detr\u00e1s de un escritorio. Decid\u00ed escuchando a los que quieren educarse para progresar, a los que eligen libertad y no sometimiento, a los que trabajan y a los que dan trabajo&#8221;.<\/p>\n\n\n\n<p>&nbsp;&nbsp; &#8220;Decid\u00ed recorriendo y planificando el futuro que quiero para mi pa\u00eds&#8221;, precis\u00f3.<\/p>\n\n\n\n<p>&nbsp;&nbsp; Vidal asever\u00f3: &#8220;Voy a seguir trabajando en defender la unidad, fortaleciendo nuestras propuestas y llevando a cada rinc\u00f3n del pa\u00eds la esperanza de que una mejor Argentina es posible. Sin peleas, sin chicanas, sin bajezas&#8221;.<\/p>\n\n\n\n<p>&nbsp;&nbsp; &#8220;Ma\u00f1ana me encuentran en el mismo lugar que hace 20 a\u00f1os: trabajando por y para recuperar Argentina&#8221;, finaliz\u00f3.<\/p>\n","protected":false},"excerpt":{"rendered":"<p>El ex presidente Mauricio Macri respald\u00f3 a la diputada nacional y ex gobernadora bonaerense Mar\u00eda Eugenia Vidal tras bajarse de la candidatura presidencial de Juntos por el Cambio (JxC) y&hellip; <\/p>\n","protected":false},"author":2,"featured_media":22192,"comment_status":"closed","ping_status":"open","sticky":false,"template":"","format":"standard","meta":{"footnotes":""},"categories":[20],"tags":[],"class_list":["post-22191","post","type-post","status-publish","format-standard","has-post-thumbnail","hentry","category-politica"],"_links":{"self":[{"href":"https:\/\/eenergetica.com.ar\/index.php\/wp-json\/wp\/v2\/posts\/22191","targetHints":{"allow":["GET"]}}],"collection":[{"href":"https:\/\/eenergetica.com.ar\/index.php\/wp-json\/wp\/v2\/posts"}],"about":[{"href":"https:\/\/eenergetica.com.ar\/index.php\/wp-json\/wp\/v2\/types\/post"}],"author":[{"embeddable":true,"href":"https:\/\/eenergetica.com.ar\/index.php\/wp-json\/wp\/v2\/users\/2"}],"replies":[{"embeddable":true,"href":"https:\/\/eenergetica.com.ar\/index.php\/wp-json\/wp\/v2\/comments?post=22191"}],"version-history":[{"count":1,"href":"https:\/\/eenergetica.com.ar\/index.php\/wp-json\/wp\/v2\/posts\/22191\/revisions"}],"predecessor-version":[{"id":22193,"href":"https:\/\/eenergetica.com.ar\/index.php\/wp-json\/wp\/v2\/posts\/22191\/revisions\/22193"}],"wp:featuredmedia":[{"embeddable":true,"href":"https:\/\/eenergetica.com.ar\/index.php\/wp-json\/wp\/v2\/media\/22192"}],"wp:attachment":[{"href":"https:\/\/eenergetica.com.ar\/index.php\/wp-json\/wp\/v2\/media?parent=22191"}],"wp:term":[{"taxonomy":"category","embeddable":true,"href":"https:\/\/eenergetica.com.ar\/index.php\/wp-json\/wp\/v2\/categories?post=22191"},{"taxonomy":"post_tag","embeddable":true,"href":"https:\/\/eenergetica.com.ar\/index.php\/wp-json\/wp\/v2\/tags?post=22191"}],"curies":[{"name":"wp","href":"https:\/\/api.w.org\/{rel}","templated":true}]}}