{"id":21978,"date":"2023-04-28T08:53:42","date_gmt":"2023-04-28T11:53:42","guid":{"rendered":"http:\/\/eenergetica.com.ar\/?p=21978"},"modified":"2023-04-28T08:53:42","modified_gmt":"2023-04-28T11:53:42","slug":"advierten-sobre-el-riesgo-de-cierres-de-estaciones-de-servicio","status":"publish","type":"post","link":"https:\/\/eenergetica.com.ar\/index.php\/2023\/04\/28\/advierten-sobre-el-riesgo-de-cierres-de-estaciones-de-servicio\/","title":{"rendered":"ADVIERTEN SOBRE EL RIESGO DE CIERRES DE ESTACIONES DE SERVICIO"},"content":{"rendered":"\n<p><strong>Empresarios de combustibles advirtieron que si los precios de los combustibles no acompa\u00f1an el aumento de los costos se ingresar\u00e1 en un &#8220;espiral de cierre de estaciones de servicio&#8221;.<\/strong><\/p>\n\n\n\n<p>&nbsp; &nbsp;&#8220;Si los precios de venta no siguen el ritmo porcentual del aumento de costos y la devaluaci\u00f3n, vamos a entrar en un espiral de cierre de estaciones de servicios&#8221;, alert\u00f3 Carlos Gold, secretario de Asuntos Institucionales de la Confederaci\u00f3n de Entidades del Comercio de Hidrocarburos y Afines de la Rep\u00fablica Argentina (CECHA).<\/p>\n\n\n\n<p>&nbsp;&nbsp; El dirigente particip\u00f3 de Conferencia de la Comisi\u00f3n Latinoamericana de Empresarios de los Combustibles (CLAEC), que nuclea a empresarios del sector.<\/p>\n\n\n\n<p>&nbsp;&nbsp; En el primer d\u00eda de debate, Argentina fue eje de an\u00e1lisis por la<\/p>\n\n\n\n<p>cr\u00edtica situaci\u00f3n que vive el sector producto de la alta inflaci\u00f3n y el retraso en de los precios en los surtidores.<\/p>\n\n\n\n<p>&nbsp;&nbsp; &#8220;El caso de Argentina despert\u00f3 fuerte preocupaci\u00f3n entre los pa\u00edses miembros. La intervenci\u00f3n del Estado, en sinton\u00eda con las petroleras, para contener el precio de los combustibles por debajo de los porcentajes de inflaci\u00f3n, nos lleva a un callej\u00f3n sin salida y pone en peligro la subsistencia de las estaciones de servicio&#8221;, explic\u00f3 Gold.<\/p>\n\n\n\n<p>&nbsp;&nbsp; Daniel A\u00f1on, secretario general de CLAEC, sostuvo que &#8220;el retraso en los precios, combinado con una alta inflaci\u00f3n y paritarias por encima de esos n\u00fameros, hacen inviable la subsistencia de las estaciones de servicio&#8221;.<\/p>\n\n\n\n<p>&nbsp;&nbsp; &#8220;Las consecuencias de esto son impredecibles y requiere de medidas de apoyo por parte del Gobierno&#8221;, alert\u00f3 Ernesto Guerra, presidente de la Asociaci\u00f3n de Gasolineros de Ecuador.<\/p>\n","protected":false},"excerpt":{"rendered":"<p>Empresarios de combustibles advirtieron que si los precios de los combustibles no acompa\u00f1an el aumento de los costos se ingresar\u00e1 en un &#8220;espiral de cierre de estaciones de servicio&#8221;. &nbsp;&hellip; <\/p>\n","protected":false},"author":2,"featured_media":21979,"comment_status":"closed","ping_status":"open","sticky":false,"template":"","format":"standard","meta":{"footnotes":""},"categories":[23],"tags":[26],"class_list":["post-21978","post","type-post","status-publish","format-standard","has-post-thumbnail","hentry","category-energia","tag-destacada"],"_links":{"self":[{"href":"https:\/\/eenergetica.com.ar\/index.php\/wp-json\/wp\/v2\/posts\/21978","targetHints":{"allow":["GET"]}}],"collection":[{"href":"https:\/\/eenergetica.com.ar\/index.php\/wp-json\/wp\/v2\/posts"}],"about":[{"href":"https:\/\/eenergetica.com.ar\/index.php\/wp-json\/wp\/v2\/types\/post"}],"author":[{"embeddable":true,"href":"https:\/\/eenergetica.com.ar\/index.php\/wp-json\/wp\/v2\/users\/2"}],"replies":[{"embeddable":true,"href":"https:\/\/eenergetica.com.ar\/index.php\/wp-json\/wp\/v2\/comments?post=21978"}],"version-history":[{"count":1,"href":"https:\/\/eenergetica.com.ar\/index.php\/wp-json\/wp\/v2\/posts\/21978\/revisions"}],"predecessor-version":[{"id":21980,"href":"https:\/\/eenergetica.com.ar\/index.php\/wp-json\/wp\/v2\/posts\/21978\/revisions\/21980"}],"wp:featuredmedia":[{"embeddable":true,"href":"https:\/\/eenergetica.com.ar\/index.php\/wp-json\/wp\/v2\/media\/21979"}],"wp:attachment":[{"href":"https:\/\/eenergetica.com.ar\/index.php\/wp-json\/wp\/v2\/media?parent=21978"}],"wp:term":[{"taxonomy":"category","embeddable":true,"href":"https:\/\/eenergetica.com.ar\/index.php\/wp-json\/wp\/v2\/categories?post=21978"},{"taxonomy":"post_tag","embeddable":true,"href":"https:\/\/eenergetica.com.ar\/index.php\/wp-json\/wp\/v2\/tags?post=21978"}],"curies":[{"name":"wp","href":"https:\/\/api.w.org\/{rel}","templated":true}]}}