{"id":21972,"date":"2023-04-28T08:44:50","date_gmt":"2023-04-28T11:44:50","guid":{"rendered":"http:\/\/eenergetica.com.ar\/?p=21972"},"modified":"2023-04-28T08:44:50","modified_gmt":"2023-04-28T11:44:50","slug":"batakis-y-capitanich-encabezaron-el-sexto-consejo-productivo-pymes","status":"publish","type":"post","link":"https:\/\/eenergetica.com.ar\/index.php\/2023\/04\/28\/batakis-y-capitanich-encabezaron-el-sexto-consejo-productivo-pymes\/","title":{"rendered":"BATAKIS Y CAPITANICH ENCABEZARON EL SEXTO CONSEJO PRODUCTIVO PYMES"},"content":{"rendered":"\n<p><strong>Es la primera vez que se realiza en la provincia de Chaco la propuesta <\/strong><strong>federal del BNA que busca profundizar la relaci\u00f3n con empresarios.<\/strong><\/p>\n\n\n\n<p>Adem\u00e1s firmaron un convenio para la bonificaci\u00f3n de tasa de inter\u00e9s en cr\u00e9ditos para inversi\u00f3n.<\/p>\n\n\n\n<p>La presidenta del Banco de la Naci\u00f3n Argentina (BNA), Silvina Batakis, y el gobernador de la provincia de Chaco, Jorge Capitanich, encabezaron en la ciudad de Resistencia el sexto Consejo Productivo PyME, ante representantes de m\u00e1s de 50 empresas vinculadas a los sectores industriales, tecnol\u00f3gicos, de servicios, y econom\u00edas regionales.<\/p>\n\n\n\n<p>En esta ocasi\u00f3n, Batakis destac\u00f3 que \u201cla idea de la jornada es dialogar con todos los empresarios y empresarias de la provincia para conocer, de primera mano, cu\u00e1les son las dificultades y hacia d\u00f3nde deber\u00eda ir el Banco Naci\u00f3n para poder dar respuesta.\u201d<\/p>\n\n\n\n<p>En di\u00e1logo con las y los empresarios dijo: \u201cContamos con una serie de instrumentos y herramientas que vamos a poner a disposici\u00f3n de todos ustedes, pero necesitamos conocer espec\u00edficamente c\u00f3mo deber\u00edamos adaptarlas a esas necesidades y tambi\u00e9n a las definiciones de pol\u00edtica econ\u00f3mica y pol\u00edtica productiva que tiene el Gobernador para la provincia&amp;quot;.<\/p>\n\n\n\n<p>Para cerrar, Batakis resalt\u00f3 que desde el BNA creemos profundamente en una Argentina federal, que abrace a todos los sectores que aportan y apuestan a la econom\u00eda de nuestro pa\u00eds.<\/p>\n\n\n\n<p>Por su parte, Capitanich resalt\u00f3 el v\u00ednculo de la provincia con la entidad: \u201cPara nosotros, es muy importante tener este nivel de relaci\u00f3n con el Banco, ya que es una instituci\u00f3n financiera con la que hemos coordinado muchas pol\u00edticas p\u00fablicas\u201d. Al mismo tiempo, apunt\u00f3 a seguir trabajando en conjunto ya que \u201cen Chaco tenemos muchos emprendimientos productivos y queremos estar<br>alineados con el Banco de la Naci\u00f3n Argentina\u201d.<\/p>\n\n\n\n<p>Luego del Consejo productivo, el Banco Naci\u00f3n y el gobierno de Chaco firmaron un convenio que permitir\u00e1 implementar un mecanismo de bonificaci\u00f3n de las tasas de inter\u00e9s a los cr\u00e9ditos otorgados por el BNA.<\/p>\n\n\n\n<p>El acuerdo fue firmado por la presidenta del BNA, Silvina Batakis y el gobernador de Chaco, Jorge Capitanich quienes destacaron la necesidad de continuar&nbsp;fortaleciendo los lazos para avanzar en una agenda de trabajo que apunte a fomentar la producci\u00f3n acompa\u00f1ando a todos los sectores.<\/p>\n\n\n\n<p>El monto total de los cr\u00e9ditos otorgados en esta l\u00ednea para inversiones y capital de trabajo ser\u00e1 de hasta $ 3.000 millones, y la bonificaci\u00f3n de 10 puntos de la tasa nominal anual a cargo del gobierno provincial.<\/p>\n\n\n\n<p>Tambi\u00e9n asistieron por parte del Banco Naci\u00f3n, el vicepresidente segundo, Jos\u00e9 Ballesteros; la gerenta General, Mar\u00eda Barros; el gerente de Gesti\u00f3n Comercial Empresas, Javier Comba; el gerente de Comercio Exterior, Rodrigo Garc\u00eda; el subgerente General de Banca Empresas, Jorge Paz; el gerente departamental de Red de Sucursales, Juan Pablo Pedemonte; el gerente zonal Noreste, Carlos Lauro Cruz; y el titular de la sucursal de Resistencia, Pedro Zurco.<\/p>\n\n\n\n<p>Adem\u00e1s estuvieron presentes autoridades de la provincia del Chaco como el ministro de Producci\u00f3n, Industria y Empleo, Sebasti\u00e1n Lifton; la subsecretaria de Industria, Laura Binaghi; y el subsecretario de Empleo, Lucas Cepeda.<\/p>\n\n\n\n<p>Los Consejos Productivos constituyen un espacio institucional para apoyar a las peque\u00f1as y medianas empresas y fortalecer el v\u00ednculo con todos los sectores productivos del pa\u00eds. En esta oportunidad, se presentaron las diferentes herramientas como BNA Conecta, un espacio electr\u00f3nico de difusi\u00f3n de productos y servicios para generan nuevas oportunidades de negocio; las l\u00edneas de cr\u00e9dito disponibles con tasas atractivas y las de financiamiento en comercio<br>exterior para el desarrollo de exportaciones.<\/p>\n\n\n\n<p>El Banco Naci\u00f3n y el financiamiento al sector productivo en Chaco<\/p>\n\n\n\n<p>\u2714 El monto de altas en 2022 a valores reales se ubic\u00f3 en 43,4% por encima<br>del nivel del 2019.<br>\u2714 La cantidad de operaciones en 2022 cuadruplic\u00f3 la perfomance del a\u00f1o<br>anterior y multiplic\u00f3 por 12 veces el nivel de 2019.<br>\u2714 Creci\u00f3 la participaci\u00f3n relativa de cr\u00e9ditos destinados a inversi\u00f3n<br>productiva. Mientras que en 2019 fue del 8%, durante 2021 y 2022 super\u00f3 el<br>27% en promedio.<br>\u2714 Desde diciembre 2019 a marzo 2023, se monetizaron $ 32.500 millones<br>destinados a empresas de la provincia.<br>\u2714 En febrero de 2023, el saldo de pr\u00e9stamos en t\u00e9rminos reales se<br>increment\u00f3 un 20% respecto a 2019.<br>\u2714 El 80% de los cr\u00e9ditos fue destinado al sector PyME.<\/p>\n","protected":false},"excerpt":{"rendered":"<p>Es la primera vez que se realiza en la provincia de Chaco la propuesta federal del BNA que busca profundizar la relaci\u00f3n con empresarios. Adem\u00e1s firmaron un convenio para la&hellip; <\/p>\n","protected":false},"author":2,"featured_media":21973,"comment_status":"closed","ping_status":"open","sticky":false,"template":"","format":"standard","meta":{"footnotes":""},"categories":[21],"tags":[],"class_list":["post-21972","post","type-post","status-publish","format-standard","has-post-thumbnail","hentry","category-economia"],"_links":{"self":[{"href":"https:\/\/eenergetica.com.ar\/index.php\/wp-json\/wp\/v2\/posts\/21972","targetHints":{"allow":["GET"]}}],"collection":[{"href":"https:\/\/eenergetica.com.ar\/index.php\/wp-json\/wp\/v2\/posts"}],"about":[{"href":"https:\/\/eenergetica.com.ar\/index.php\/wp-json\/wp\/v2\/types\/post"}],"author":[{"embeddable":true,"href":"https:\/\/eenergetica.com.ar\/index.php\/wp-json\/wp\/v2\/users\/2"}],"replies":[{"embeddable":true,"href":"https:\/\/eenergetica.com.ar\/index.php\/wp-json\/wp\/v2\/comments?post=21972"}],"version-history":[{"count":1,"href":"https:\/\/eenergetica.com.ar\/index.php\/wp-json\/wp\/v2\/posts\/21972\/revisions"}],"predecessor-version":[{"id":21974,"href":"https:\/\/eenergetica.com.ar\/index.php\/wp-json\/wp\/v2\/posts\/21972\/revisions\/21974"}],"wp:featuredmedia":[{"embeddable":true,"href":"https:\/\/eenergetica.com.ar\/index.php\/wp-json\/wp\/v2\/media\/21973"}],"wp:attachment":[{"href":"https:\/\/eenergetica.com.ar\/index.php\/wp-json\/wp\/v2\/media?parent=21972"}],"wp:term":[{"taxonomy":"category","embeddable":true,"href":"https:\/\/eenergetica.com.ar\/index.php\/wp-json\/wp\/v2\/categories?post=21972"},{"taxonomy":"post_tag","embeddable":true,"href":"https:\/\/eenergetica.com.ar\/index.php\/wp-json\/wp\/v2\/tags?post=21972"}],"curies":[{"name":"wp","href":"https:\/\/api.w.org\/{rel}","templated":true}]}}