{"id":21969,"date":"2023-04-28T08:39:59","date_gmt":"2023-04-28T11:39:59","guid":{"rendered":"http:\/\/eenergetica.com.ar\/?p=21969"},"modified":"2023-04-28T08:40:00","modified_gmt":"2023-04-28T11:40:00","slug":"julio-zamora-encabezo-la-apertura-de-las-jornadas-de-reflexion-del-centro-latinoamericano-de-estudios-de-derecho-y-estado","status":"publish","type":"post","link":"https:\/\/eenergetica.com.ar\/index.php\/2023\/04\/28\/julio-zamora-encabezo-la-apertura-de-las-jornadas-de-reflexion-del-centro-latinoamericano-de-estudios-de-derecho-y-estado\/","title":{"rendered":"JULIO ZAMORA ENCABEZ\u00d3 LA APERTURA DE LAS JORNADAS DE REFLEXI\u00d3N DEL CENTRO LATINOAMERICANO DE ESTUDIOS DE DERECHO Y ESTADO"},"content":{"rendered":"\n<p><strong>Julio Zamora encabez\u00f3 la apertura de las jornadas de reflexi\u00f3n del Centro Latinoamericano de Estudios de Derecho y Estado<\/strong><br><br>En el Museo Arte Tigre (MAT), el intendente present\u00f3 la actividad impulsada por el Municipio y la Universidad de San Isidro &#8220;Dr. Pl\u00e1cido Mar\u00edn&#8221; (USI) denominada \u201cComunidad de Vida, Estado y Derecho. 1983\/2023: 40 A\u00f1os de democracia\u201d. Se desarrolla este jueves y viernes con la participaci\u00f3n de investigadores y referentes del \u00e1mbito acad\u00e9mico nacional e internacional.<br><br>El intendente Julio Zamora encabez\u00f3 la apertura de las primeras jornadas de reflexi\u00f3n del Centro Latinoamericano de Estudios de Derecho y Estado (CLADE) en el Museo Arte Tigre (MAT). La propuesta impulsada por el Municipio y la Universidad de San Isidro &#8220;Dr. Pl\u00e1cido Mar\u00edn&#8221; (USI) lleva el nombre \u201cComunidad de Vida, Estado y Derecho. 1983\/2023: 40 A\u00f1os de democracia\u201d y cuenta con la participaci\u00f3n de referentes acad\u00e9micos nacionales e internacionales.<\/p>\n\n\n\n<p>\u201cEstamos junto a la Universidad de San Isidro, en el marco del Centro Latinoamericano de Estudios de Derecho y Estado, organizando unas jornadas interdisciplinarias en los 40 a\u00f1os de la democracia, vinculadas a la comunidad de vida, para pensar desde Latinoam\u00e9rica al Estado y al Derecho aqu\u00ed, en el municipio de Tigre. Creo que es muy importante la participaci\u00f3n de figuras nacionales e internacionales de mucho prestigio y que nos van a aportar una nueva mirada con fundamento en la filosof\u00eda latinoamericana y eso forma parte de un camino que iniciamos junto a la Universidad de San Isidro que va a tener seguramente mucho m\u00e1s eventos\u201d, expres\u00f3 el jefe comunal.<\/p>\n\n\n\n<p>Y continu\u00f3: \u201cVenimos planteando desde hace mucho tiempo, la construcci\u00f3n de la comunidad de vida que tiene que ver con la mirada hacia el otro y fundamentalmente hacia el otro con necesidades, pensar en un nosotros comunitario y fundamentalmente en un trato respetuoso con la naturaleza. Ese es el objetivo que tenemos, nuestro mensaje tiene que ver con esa comunidad de vida que queremos para Tigre y en donde los j\u00f3venes tienen un rol fundamental. Por eso el d\u00eda de hoy est\u00e1 con mucha energ\u00eda y mucha juventud participando de este encuentro\u201d.<\/p>\n\n\n\n<p>El objetivo de las jornadas de reflexi\u00f3n es propiciar el encuentro entre los \u00e1mbitos disciplinares de la Filosof\u00eda, el Derecho y las Ciencias Sociales y favorecer el intercambio entre los saberes acad\u00e9micos y aquellos vinculados a la gesti\u00f3n o la administraci\u00f3n p\u00fablica. La primera fecha comenz\u00f3 con la lectura de una carta enviada por la Dra. Emilce Cuda, miembro de la Pontificia Comisi\u00f3n para Am\u00e9rica Latina, y otra por el presidente de la Conferencia Episcopal Argentina, Monse\u00f1or Oscar Ojea. Ambos resaltaron la importancia del rol de la mujer en la sociedad y los desaf\u00edos actuales de la comunidad.<\/p>\n\n\n\n<p>El rector de la USI, Dr. Enrique Del Percio, indic\u00f3: \u201cEstamos dando inicio al Centro Latinoamericano de Estudios sobre Derecho y Estado que es un emprendimiento conjunto entre la Universidad de San Isidro y el Municipio de Tigre tratando de que desde el Municipio nos transmitan y veamos cu\u00e1les son los problemas concretos y espec\u00edficos de la gente del d\u00eda a d\u00eda. Estar atentos a lo que nos plantea es important\u00edsimo. Un Municipio que no reflexione sobre sus problemas, lo \u00fanico que va a hacer, muchas veces, es encontrar una soluci\u00f3n muy chiquita, muy relativa, que por lo general en vez de soluci\u00f3n es agradar el problema. Por eso este di\u00e1logo nos parece tan necesario\u201d.<\/p>\n\n\n\n<p>El intendente Julio Zamora brind\u00f3 un discurso para los presentes, donde destac\u00f3 el convenio con la USI y reflexion\u00f3 sobre los Derechos Humanos. Posteriormente, Del Percio dio unas palabras de bienvenida a los j\u00f3venes y especialistas presentes. Tras la presentaci\u00f3n formal del evento, comenz\u00f3 la ronda de oradores con la conferencia \u201cEstado y Derecho desde el Sur\u201d, de David S\u00e1nchez Rubio (Universidad de Sevilla) y Mario Casalla (ASOFIL-Asoc. de Filosof\u00eda Latinoamericana y Cs. Soc.).<\/p>\n\n\n\n<p>La primera jornada, adem\u00e1s, cont\u00f3 con los paneles de la Dra. Rosana Toranzo (Universidad Nacional de San Juan); Alejandro Auat (Universidad Nacional de Santiago del Estero); Alejandro Medici (Universidad Nacional de La Plata); Juan Pablo Patutucci (Universidad de Buenos Aires); Mindy Fuentes Jara (Universidad de Santiago de Chile); Manuel Cuervo Sola (Universidad Nacional de Cuyo), Marco Navas Alvear (Universidad Andina de Sim\u00f3n Bol\u00edvar); Alejandro Mart\u00ednez (Universidad de San Lu\u00eds, M\u00e9xico) y Alcira Bonilla (Universidad de Buenos Aires). El cronograma continuar\u00e1 ma\u00f1ana viernes 28 de abril con m\u00e1s paneles de referentes de universidades de diferentes provincias argentinas, Brasil y M\u00e9xico.<\/p>\n","protected":false},"excerpt":{"rendered":"<p>Julio Zamora encabez\u00f3 la apertura de las jornadas de reflexi\u00f3n del Centro Latinoamericano de Estudios de Derecho y Estado En el Museo Arte Tigre (MAT), el intendente present\u00f3 la actividad&hellip; <\/p>\n","protected":false},"author":2,"featured_media":21970,"comment_status":"closed","ping_status":"open","sticky":false,"template":"","format":"standard","meta":{"footnotes":""},"categories":[24],"tags":[26],"class_list":["post-21969","post","type-post","status-publish","format-standard","has-post-thumbnail","hentry","category-provincia","tag-destacada"],"_links":{"self":[{"href":"https:\/\/eenergetica.com.ar\/index.php\/wp-json\/wp\/v2\/posts\/21969","targetHints":{"allow":["GET"]}}],"collection":[{"href":"https:\/\/eenergetica.com.ar\/index.php\/wp-json\/wp\/v2\/posts"}],"about":[{"href":"https:\/\/eenergetica.com.ar\/index.php\/wp-json\/wp\/v2\/types\/post"}],"author":[{"embeddable":true,"href":"https:\/\/eenergetica.com.ar\/index.php\/wp-json\/wp\/v2\/users\/2"}],"replies":[{"embeddable":true,"href":"https:\/\/eenergetica.com.ar\/index.php\/wp-json\/wp\/v2\/comments?post=21969"}],"version-history":[{"count":1,"href":"https:\/\/eenergetica.com.ar\/index.php\/wp-json\/wp\/v2\/posts\/21969\/revisions"}],"predecessor-version":[{"id":21971,"href":"https:\/\/eenergetica.com.ar\/index.php\/wp-json\/wp\/v2\/posts\/21969\/revisions\/21971"}],"wp:featuredmedia":[{"embeddable":true,"href":"https:\/\/eenergetica.com.ar\/index.php\/wp-json\/wp\/v2\/media\/21970"}],"wp:attachment":[{"href":"https:\/\/eenergetica.com.ar\/index.php\/wp-json\/wp\/v2\/media?parent=21969"}],"wp:term":[{"taxonomy":"category","embeddable":true,"href":"https:\/\/eenergetica.com.ar\/index.php\/wp-json\/wp\/v2\/categories?post=21969"},{"taxonomy":"post_tag","embeddable":true,"href":"https:\/\/eenergetica.com.ar\/index.php\/wp-json\/wp\/v2\/tags?post=21969"}],"curies":[{"name":"wp","href":"https:\/\/api.w.org\/{rel}","templated":true}]}}