{"id":21960,"date":"2023-04-28T08:32:11","date_gmt":"2023-04-28T11:32:11","guid":{"rendered":"http:\/\/eenergetica.com.ar\/?p=21960"},"modified":"2023-04-28T08:32:11","modified_gmt":"2023-04-28T11:32:11","slug":"una-medida-gremial-provoca-demoras-y-cancelaciones-en-el-tren-sarmiento","status":"publish","type":"post","link":"https:\/\/eenergetica.com.ar\/index.php\/2023\/04\/28\/una-medida-gremial-provoca-demoras-y-cancelaciones-en-el-tren-sarmiento\/","title":{"rendered":"UNA MEDIDA GREMIAL PROVOCA DEMORAS Y CANCELACIONES EN EL TREN SARMIENTO"},"content":{"rendered":"\n<p><strong>El Tren Sarmiento funciona con demoras, mientras que adem\u00e1s hubo algunas cancelaciones por una medida de fuerza gremial que se lleva a cabo desde esta ma\u00f1ana, por lo cual los miles de usuarios deber\u00e1n buscar diversas alternativas para poder viajar.<\/strong><\/p>\n\n\n\n<p>&nbsp; &nbsp;&#8220;#TrenSarmiento|Servicio con demoras y cancelaciones por medida de fuerza gremial. 05:29 hs.&#8221;, expres\u00f3 la empresa ferroviaria Trenes Argentinos a trav\u00e9s de sus redes sociales, pero no dio m\u00e1s detalles del conflicto ni inform\u00f3 cu\u00e1ndo se reestablecer\u00e1 el servicio.<\/p>\n\n\n\n<p>&nbsp;&nbsp; Las personas que deban viajar tienen como alternativa los&nbsp;colectivos 1, 2 y 136, pero deber\u00e1n tener en cuenta que hay un corte total en la avenida Rivadavia, a la altura del barrio porte\u00f1o de Floresta donde contin\u00faan trabajando tras al tr\u00e1gico derrumbe.<\/p>\n\n\n\n<p>&nbsp;&nbsp; El Tren Sarmiento conecta la Ciudad de Buenos Aires con diferentes municipios bonaerenses como Tres de Febrero, Mor\u00f3n, Ituzaing\u00f3, La Matanza, Merlo, Moreno, General Rodr\u00edguez, Luj\u00e1n, Mercedes, Marcos Paz, General Las Heras y Lobos y hace diez d\u00edas el servicio tambi\u00e9n se hab\u00eda visto afectado durante tres jornadas consecutivas por demoras y cancelaciones ante un conflicto gremial.<\/p>\n","protected":false},"excerpt":{"rendered":"<p>El Tren Sarmiento funciona con demoras, mientras que adem\u00e1s hubo algunas cancelaciones por una medida de fuerza gremial que se lleva a cabo desde esta ma\u00f1ana, por lo cual los&hellip; <\/p>\n","protected":false},"author":2,"featured_media":21961,"comment_status":"closed","ping_status":"open","sticky":false,"template":"","format":"standard","meta":{"footnotes":""},"categories":[22],"tags":[],"class_list":["post-21960","post","type-post","status-publish","format-standard","has-post-thumbnail","hentry","category-sociedad"],"_links":{"self":[{"href":"https:\/\/eenergetica.com.ar\/index.php\/wp-json\/wp\/v2\/posts\/21960","targetHints":{"allow":["GET"]}}],"collection":[{"href":"https:\/\/eenergetica.com.ar\/index.php\/wp-json\/wp\/v2\/posts"}],"about":[{"href":"https:\/\/eenergetica.com.ar\/index.php\/wp-json\/wp\/v2\/types\/post"}],"author":[{"embeddable":true,"href":"https:\/\/eenergetica.com.ar\/index.php\/wp-json\/wp\/v2\/users\/2"}],"replies":[{"embeddable":true,"href":"https:\/\/eenergetica.com.ar\/index.php\/wp-json\/wp\/v2\/comments?post=21960"}],"version-history":[{"count":1,"href":"https:\/\/eenergetica.com.ar\/index.php\/wp-json\/wp\/v2\/posts\/21960\/revisions"}],"predecessor-version":[{"id":21962,"href":"https:\/\/eenergetica.com.ar\/index.php\/wp-json\/wp\/v2\/posts\/21960\/revisions\/21962"}],"wp:featuredmedia":[{"embeddable":true,"href":"https:\/\/eenergetica.com.ar\/index.php\/wp-json\/wp\/v2\/media\/21961"}],"wp:attachment":[{"href":"https:\/\/eenergetica.com.ar\/index.php\/wp-json\/wp\/v2\/media?parent=21960"}],"wp:term":[{"taxonomy":"category","embeddable":true,"href":"https:\/\/eenergetica.com.ar\/index.php\/wp-json\/wp\/v2\/categories?post=21960"},{"taxonomy":"post_tag","embeddable":true,"href":"https:\/\/eenergetica.com.ar\/index.php\/wp-json\/wp\/v2\/tags?post=21960"}],"curies":[{"name":"wp","href":"https:\/\/api.w.org\/{rel}","templated":true}]}}