{"id":21623,"date":"2023-04-15T17:01:27","date_gmt":"2023-04-15T20:01:27","guid":{"rendered":"http:\/\/eenergetica.com.ar\/?p=21623"},"modified":"2023-04-15T17:01:28","modified_gmt":"2023-04-15T20:01:28","slug":"revocaron-el-sobreseimiento-de-alfredo-coto-por-el-hallazgo-de-un-arsenal-en-un-supermercado-y-piden-el-juicio-oral","status":"publish","type":"post","link":"https:\/\/eenergetica.com.ar\/index.php\/2023\/04\/15\/revocaron-el-sobreseimiento-de-alfredo-coto-por-el-hallazgo-de-un-arsenal-en-un-supermercado-y-piden-el-juicio-oral\/","title":{"rendered":"REVOCARON EL SOBRESEIMIENTO DE ALFREDO COTO POR EL HALLAZGO DE UN ARSENAL EN UN SUPERMERCADO Y PIDEN EL JUICIO ORAL"},"content":{"rendered":"\n<p><strong>La C\u00e1mara Federal de Casaci\u00f3n reabri\u00f3 la investigaci\u00f3n sobre el empresario Alfredo Coto y su hijo Germ\u00e1n por el hallazgo de un arsenal en los dep\u00f3sitos de uno de los locales de su cadena de supermercados en 2016.<\/strong><\/p>\n\n\n\n<p>&nbsp; &nbsp;Las armas fueron halladas el 30 de agosto de 2016 en la sucursal en la calle Paysand\u00fa al 1800 (barrio de Caballito) por intervenci\u00f3n del Registro Nacional de Armas de la Rep\u00fablica Argentina (RENAR).<\/p>\n\n\n\n<p>&nbsp;&nbsp; En noviembre de 2022, la C\u00e1mara Federal, en un fallo firmado por los camaristas Leopoldo Bruglia, Pablo Bertuzzi y Mariano Llorens, reconoci\u00f3 la existencia irregular del armamento, pero desvincul\u00f3 a los empresarios y a los funcionarios de cualquier responsabilidad penal.<\/p>\n\n\n\n<p>&nbsp;&nbsp; &#8220;No se encuentra aqu\u00ed controvertido el hallazgo de las armas de fuego, los explosivos y dem\u00e1s materiales controlables en una de las sedes de comercializaci\u00f3n del supermercado&#8221;, sostuvo aquel fallo.<\/p>\n\n\n\n<p>&nbsp;&nbsp; &#8220;Tampoco estuvieron controvertidas las distintas irregularidades detectadas en torno a la carencia y\/o vencimiento de las credenciales de tenencia&#8221;, a\u00f1adi\u00f3.<\/p>\n\n\n\n<p>&nbsp;&nbsp; Pero en cuanto a Alfredo y Germ\u00e1n Coto eval\u00faa que es &#8220;inimaginable la posibilidad de que sean su presidente y vicepresidente los encargados de llevar adelante los procesos relativos a la seguridad del comercio&#8221;.<\/p>\n\n\n\n<p>&nbsp;&nbsp; Ahora, la Casaci\u00f3n entendi\u00f3 que aquella decisi\u00f3n exculpatoria se bas\u00f3 sobre un &#8220;an\u00e1lisis parcial&#8221; de los hechos y las pruebas.<\/p>\n\n\n\n<p>&nbsp;&nbsp; Los jueces Gustavo Hornos, Mariano Borinsky y Javier Carbajo hicieron lugar a la apelaci\u00f3n porque consideraron que las pruebas recolectadas en la investigaci\u00f3n &#8220;permiten alcanzar el umbral probatorio suficiente como para poder avanzar con el proceso penal en contra de los nombrados&#8221;.<\/p>\n\n\n\n<p>&nbsp;&nbsp; Ello significa una t\u00e1cita alusi\u00f3n a la necesidad de un juicio oral y p\u00fablico para esclarecer los hechos.<\/p>\n\n\n\n<p>&nbsp;&nbsp; Adem\u00e1s de los Coto, tambi\u00e9n fueron revocados los sobreseimientos de sus colaboradores jer\u00e1rquicos Cristian Javier Oscar Gonz\u00e1lez y Estelita Eufracia Herrera.<\/p>\n\n\n\n<p>&nbsp;&nbsp; &#8220;Existen evidencias suficientes como para que el caso avance, y ser\u00e1 la etapa de juicio oral la indicada para zanjar su posible responsabilidad penal con relaci\u00f3n a los hechos investigados&#8221;, subray\u00f3 l<\/p>\n","protected":false},"excerpt":{"rendered":"<p>La C\u00e1mara Federal de Casaci\u00f3n reabri\u00f3 la investigaci\u00f3n sobre el empresario Alfredo Coto y su hijo Germ\u00e1n por el hallazgo de un arsenal en los dep\u00f3sitos de uno de los&hellip; <\/p>\n","protected":false},"author":2,"featured_media":21624,"comment_status":"closed","ping_status":"open","sticky":false,"template":"","format":"standard","meta":{"footnotes":""},"categories":[22],"tags":[],"class_list":["post-21623","post","type-post","status-publish","format-standard","has-post-thumbnail","hentry","category-sociedad"],"_links":{"self":[{"href":"https:\/\/eenergetica.com.ar\/index.php\/wp-json\/wp\/v2\/posts\/21623","targetHints":{"allow":["GET"]}}],"collection":[{"href":"https:\/\/eenergetica.com.ar\/index.php\/wp-json\/wp\/v2\/posts"}],"about":[{"href":"https:\/\/eenergetica.com.ar\/index.php\/wp-json\/wp\/v2\/types\/post"}],"author":[{"embeddable":true,"href":"https:\/\/eenergetica.com.ar\/index.php\/wp-json\/wp\/v2\/users\/2"}],"replies":[{"embeddable":true,"href":"https:\/\/eenergetica.com.ar\/index.php\/wp-json\/wp\/v2\/comments?post=21623"}],"version-history":[{"count":1,"href":"https:\/\/eenergetica.com.ar\/index.php\/wp-json\/wp\/v2\/posts\/21623\/revisions"}],"predecessor-version":[{"id":21625,"href":"https:\/\/eenergetica.com.ar\/index.php\/wp-json\/wp\/v2\/posts\/21623\/revisions\/21625"}],"wp:featuredmedia":[{"embeddable":true,"href":"https:\/\/eenergetica.com.ar\/index.php\/wp-json\/wp\/v2\/media\/21624"}],"wp:attachment":[{"href":"https:\/\/eenergetica.com.ar\/index.php\/wp-json\/wp\/v2\/media?parent=21623"}],"wp:term":[{"taxonomy":"category","embeddable":true,"href":"https:\/\/eenergetica.com.ar\/index.php\/wp-json\/wp\/v2\/categories?post=21623"},{"taxonomy":"post_tag","embeddable":true,"href":"https:\/\/eenergetica.com.ar\/index.php\/wp-json\/wp\/v2\/tags?post=21623"}],"curies":[{"name":"wp","href":"https:\/\/api.w.org\/{rel}","templated":true}]}}