{"id":21617,"date":"2023-04-15T16:56:38","date_gmt":"2023-04-15T19:56:38","guid":{"rendered":"http:\/\/eenergetica.com.ar\/?p=21617"},"modified":"2023-04-15T16:56:38","modified_gmt":"2023-04-15T19:56:38","slug":"en-unas-elecciones-polarizadas-neuquen-va-a-las-urnas-para-elegir-nuevo-gobernador","status":"publish","type":"post","link":"https:\/\/eenergetica.com.ar\/index.php\/2023\/04\/15\/en-unas-elecciones-polarizadas-neuquen-va-a-las-urnas-para-elegir-nuevo-gobernador\/","title":{"rendered":"EN UNAS ELECCIONES POLARIZADAS, NEUQU\u00c9N VA A LAS URNAS PARA ELEGIR NUEVO GOBERNADOR"},"content":{"rendered":"\n<p><strong>Poco m\u00e1s de medio mill\u00f3n de ciudadanos de Neuqu\u00e9n est\u00e1n habilitados para votar ma\u00f1ana en las unas polarizadas elecciones provinciales que definir\u00e1n al nuevo gobernador, por lo que ser\u00e1 junto a R\u00edo Negro los primeros distritos en renovar autoridades en 2023.<\/strong><\/p>\n\n\n\n<p>&nbsp; &nbsp;La Gobernaci\u00f3n de la provincia patag\u00f3nica, a cargo del Movimiento Popular Neuquino (MPN) desde la d\u00e9cada de 1960 -a excepci\u00f3n del per\u00edodo de la \u00faltima dictadura militar-, ser\u00e1 disputada entre seis f\u00f3rmulas.<br>&nbsp;&nbsp; El oficialismo buscar\u00e1 extender el dominio en el distrito con el binomio integrado por el actual vicegobernador, Marcos Koopmann, y Ana Pech\u00e9n, ex n\u00famero dos del Ejecutivo neuquino durante la gesti\u00f3n de Jorge Sapag.<\/p>\n\n\n\n<p>&nbsp;&nbsp; Enfrente, el principal competidor ser\u00e1 el exvicegobernador y actual diputado nacional Rolando Figueroa, quien lidera la lista de Desarrollo Ciudadano y Comunidad: est\u00e1 acompa\u00f1ado en la f\u00f3rmula por la actual intendenta de Plottier, Gloria Ruiz.<\/p>\n\n\n\n<p>&nbsp;&nbsp; Por su parte, el Frente de Todos (FdT) competir\u00e1 con el exintendente de Cutral C\u00f3 y parlamentario del Mercosur, Ram\u00f3n Rioseco, acompa\u00f1ado por la diputada provincial Ayel\u00e9n Guti\u00e9rrez.<\/p>\n\n\n\n<p>&nbsp;&nbsp; En tanto, Juntos por el Cambio impulsa como candidato a gobernador al diputado nacional de la UCR Pablo Cervi, quien tiene como postulante a vicegobernador al exdiputado provincial Jorge Taylor.<\/p>\n\n\n\n<p>&nbsp;&nbsp; El Frente de Izquierda y de Trabajadores Unidad tiene su propuesta liderada por el binomio que integran la docente, referente gremial y exdiputada provincial Patricia Jure y el referente obrero de Zan\u00f3n y exdiputado Ra\u00fal Godoy.<\/p>\n\n\n\n<p>&nbsp;&nbsp; Finalmente, el espacio de derecha Cumplir, referenciado a nivel nacional con el diputado Javier Milei, lleva como candidato a gobernador al empresario de medios Carlos Egu\u00eda, acompa\u00f1ado por la empresaria inmobiliaria Catalina Uleri.<\/p>\n\n\n\n<p>&nbsp;&nbsp; Los comicios de este domingo, para los que est\u00e1n habilitados a sufragar 546.166 argentinos y 7.128 extranjeros, se realizar\u00e1n con la modalidad de Boleta \u00danica Electr\u00f3nica (BUE).<\/p>\n\n\n\n<p>&nbsp;&nbsp; Adem\u00e1s, se votar\u00e1n 35 diputados, intendentes, concejales, integrantes de comisiones municipales, presidentes de comisiones de fomento y consejeros escolares.<\/p>\n","protected":false},"excerpt":{"rendered":"<p>Poco m\u00e1s de medio mill\u00f3n de ciudadanos de Neuqu\u00e9n est\u00e1n habilitados para votar ma\u00f1ana en las unas polarizadas elecciones provinciales que definir\u00e1n al nuevo gobernador, por lo que ser\u00e1 junto&hellip; <\/p>\n","protected":false},"author":2,"featured_media":21618,"comment_status":"closed","ping_status":"open","sticky":false,"template":"","format":"standard","meta":{"footnotes":""},"categories":[24],"tags":[26],"class_list":["post-21617","post","type-post","status-publish","format-standard","has-post-thumbnail","hentry","category-provincia","tag-destacada"],"_links":{"self":[{"href":"https:\/\/eenergetica.com.ar\/index.php\/wp-json\/wp\/v2\/posts\/21617","targetHints":{"allow":["GET"]}}],"collection":[{"href":"https:\/\/eenergetica.com.ar\/index.php\/wp-json\/wp\/v2\/posts"}],"about":[{"href":"https:\/\/eenergetica.com.ar\/index.php\/wp-json\/wp\/v2\/types\/post"}],"author":[{"embeddable":true,"href":"https:\/\/eenergetica.com.ar\/index.php\/wp-json\/wp\/v2\/users\/2"}],"replies":[{"embeddable":true,"href":"https:\/\/eenergetica.com.ar\/index.php\/wp-json\/wp\/v2\/comments?post=21617"}],"version-history":[{"count":1,"href":"https:\/\/eenergetica.com.ar\/index.php\/wp-json\/wp\/v2\/posts\/21617\/revisions"}],"predecessor-version":[{"id":21619,"href":"https:\/\/eenergetica.com.ar\/index.php\/wp-json\/wp\/v2\/posts\/21617\/revisions\/21619"}],"wp:featuredmedia":[{"embeddable":true,"href":"https:\/\/eenergetica.com.ar\/index.php\/wp-json\/wp\/v2\/media\/21618"}],"wp:attachment":[{"href":"https:\/\/eenergetica.com.ar\/index.php\/wp-json\/wp\/v2\/media?parent=21617"}],"wp:term":[{"taxonomy":"category","embeddable":true,"href":"https:\/\/eenergetica.com.ar\/index.php\/wp-json\/wp\/v2\/categories?post=21617"},{"taxonomy":"post_tag","embeddable":true,"href":"https:\/\/eenergetica.com.ar\/index.php\/wp-json\/wp\/v2\/tags?post=21617"}],"curies":[{"name":"wp","href":"https:\/\/api.w.org\/{rel}","templated":true}]}}