{"id":21611,"date":"2023-04-15T16:51:18","date_gmt":"2023-04-15T19:51:18","guid":{"rendered":"http:\/\/eenergetica.com.ar\/?p=21611"},"modified":"2023-04-15T16:51:19","modified_gmt":"2023-04-15T19:51:19","slug":"menendez-no-puede-haber-aspiraciones-de-dirigentes-que-pongan-en-jaque-la-unidad-del-frente-de-todos","status":"publish","type":"post","link":"https:\/\/eenergetica.com.ar\/index.php\/2023\/04\/15\/menendez-no-puede-haber-aspiraciones-de-dirigentes-que-pongan-en-jaque-la-unidad-del-frente-de-todos\/","title":{"rendered":"MEN\u00c9NDEZ: &#8220;NO PUEDE HABER ASPIRACIONES DE DIRIGENTES QUE PONGAN EN JAQUE LA UNIDAD DEL FRENTE DE TODOS&#8221;"},"content":{"rendered":"\n<p><strong>El coordinador nacional de Somos Barrios de Pie, Daniel Men\u00e9ndez, afirm\u00f3 que de cara a las elecciones &#8220;no puede haber aspiraciones de dirigentes que pongan en jaque la unidad&#8221; del Frente de Todos, a la vez que remarc\u00f3 que antes de toda discusi\u00f3n debe haber &#8220;una mejora en la situaci\u00f3n econ\u00f3mica&#8221;.<\/strong><\/p>\n\n\n\n<p>&nbsp; &nbsp;El tambi\u00e9n subsecretario de Pol\u00edticas de Integraci\u00f3n y Formaci\u00f3n del Ministerio de Desarrollo Social consider\u00f3 que &#8220;toda la discusi\u00f3n en t\u00e9rminos de facciones al interior del espacio no ha sido positivo y ha sido una de las causas para debilitarlo&#8221;.<\/p>\n\n\n\n<p>&nbsp;&nbsp; En di\u00e1logo con Hagamos Algo con Esto, el programa que conducen Irina Hauser y Pablo Marcovsky en La990, el dirigente social se refiri\u00f3 al proceso de definici\u00f3n de precandidaturas y remarc\u00f3 que &#8220;no puede suceder que haya aspiraciones de dirigentes que pongan en jaque la unidad del espacio&#8221;.<\/p>\n\n\n\n<p>&nbsp;&nbsp; &#8220;Primero tiene que haber un ordenamiento de nuestros espacio y una articulaci\u00f3n de la estrategia. Pero, adem\u00e1s, todo esto tiene que ser precedido de una mejora en la situaci\u00f3n econ\u00f3mica y claridad en lo que vamos a proponer&#8221;, subray\u00f3.<\/p>\n\n\n\n<p>&nbsp;&nbsp; Y continu\u00f3: &#8220;Si vamos a proponer una continuidad tal cual venimos, la sociedad no nos va a acompa\u00f1ar. Est\u00e1 claro que algo distinto tenemos que proponer, porque m\u00e1s all\u00e1 de las dificultades de la guerra, la sequ\u00eda y la pandemia estamos por debajo de las expectativas de nuestro electorado&#8221;.<\/p>\n\n\n\n<p>&nbsp;&nbsp; &#8220;Me parece que se va a construir una salida de consenso puede ser con internas o sin internas&#8221;, concluy\u00f3.<\/p>\n","protected":false},"excerpt":{"rendered":"<p>El coordinador nacional de Somos Barrios de Pie, Daniel Men\u00e9ndez, afirm\u00f3 que de cara a las elecciones &#8220;no puede haber aspiraciones de dirigentes que pongan en jaque la unidad&#8221; del&hellip; <\/p>\n","protected":false},"author":2,"featured_media":21612,"comment_status":"closed","ping_status":"open","sticky":false,"template":"","format":"standard","meta":{"footnotes":""},"categories":[20],"tags":[],"class_list":["post-21611","post","type-post","status-publish","format-standard","has-post-thumbnail","hentry","category-politica"],"_links":{"self":[{"href":"https:\/\/eenergetica.com.ar\/index.php\/wp-json\/wp\/v2\/posts\/21611","targetHints":{"allow":["GET"]}}],"collection":[{"href":"https:\/\/eenergetica.com.ar\/index.php\/wp-json\/wp\/v2\/posts"}],"about":[{"href":"https:\/\/eenergetica.com.ar\/index.php\/wp-json\/wp\/v2\/types\/post"}],"author":[{"embeddable":true,"href":"https:\/\/eenergetica.com.ar\/index.php\/wp-json\/wp\/v2\/users\/2"}],"replies":[{"embeddable":true,"href":"https:\/\/eenergetica.com.ar\/index.php\/wp-json\/wp\/v2\/comments?post=21611"}],"version-history":[{"count":1,"href":"https:\/\/eenergetica.com.ar\/index.php\/wp-json\/wp\/v2\/posts\/21611\/revisions"}],"predecessor-version":[{"id":21613,"href":"https:\/\/eenergetica.com.ar\/index.php\/wp-json\/wp\/v2\/posts\/21611\/revisions\/21613"}],"wp:featuredmedia":[{"embeddable":true,"href":"https:\/\/eenergetica.com.ar\/index.php\/wp-json\/wp\/v2\/media\/21612"}],"wp:attachment":[{"href":"https:\/\/eenergetica.com.ar\/index.php\/wp-json\/wp\/v2\/media?parent=21611"}],"wp:term":[{"taxonomy":"category","embeddable":true,"href":"https:\/\/eenergetica.com.ar\/index.php\/wp-json\/wp\/v2\/categories?post=21611"},{"taxonomy":"post_tag","embeddable":true,"href":"https:\/\/eenergetica.com.ar\/index.php\/wp-json\/wp\/v2\/tags?post=21611"}],"curies":[{"name":"wp","href":"https:\/\/api.w.org\/{rel}","templated":true}]}}