{"id":21433,"date":"2023-04-07T15:17:08","date_gmt":"2023-04-07T18:17:08","guid":{"rendered":"http:\/\/eenergetica.com.ar\/?p=21433"},"modified":"2023-04-07T15:17:08","modified_gmt":"2023-04-07T18:17:08","slug":"prat-gay-pidio-denunciar-penalmente-a-kicillof-por-juicios-que-perdio-la-argentina-con-bonistas","status":"publish","type":"post","link":"https:\/\/eenergetica.com.ar\/index.php\/2023\/04\/07\/prat-gay-pidio-denunciar-penalmente-a-kicillof-por-juicios-que-perdio-la-argentina-con-bonistas\/","title":{"rendered":"PRAT GAY PIDI\u00d3 &#8220;DENUNCIAR PENALMENTE&#8221; A KICILLOF POR JUICIOS QUE PERDI\u00d3 LA ARGENTINA CON BONISTAS"},"content":{"rendered":"\n<p><strong>El ex ministro de Hacienda Alfonso Prat Gay consider\u00f3 necesario &#8220;denunciar penalmente&#8221; al gobernador bonaerense, Axel Kicillof, por juicios que el pa\u00eds perdi\u00f3 en el exterior.<\/strong><\/p>\n\n\n\n<p>&nbsp; &nbsp;Seg\u00fan el economista, &#8220;el costo de las malas pol\u00edticas de Kicillof es muy alto, US$35.000 millones, pero actualizado por la inflaci\u00f3n de Estados Unidos, ya son m\u00e1s de US$40.000 millones&#8221;.<\/p>\n\n\n\n<p>&nbsp;&nbsp; En ese sentido, detall\u00f3: &#8220;Expropiar YPF fueron US$5.000 millones, la negociaci\u00f3n con el juez Thomas Griesa en Nueva York fueron US$12.000 millones, con el Club de Par\u00eds m\u00e1s de US$3.000, otros juicios por US$8.000 millones y por \u00faltimo el cup\u00f3n PBI&#8221;.<\/p>\n\n\n\n<p>&nbsp;&nbsp; Esta semana, la Argentina perdi\u00f3 una demanda presentada por cuatro fondos ante el Tribunal Superior de Londres vinculada con bonos &#8220;cupones PBI&#8221; y deber\u00e1 pagar unos 1.330 millones de euros.<\/p>\n\n\n\n<p>&nbsp;&nbsp; Esos fondos demandaron al pa\u00eds en 2019 y solicitaron una indemnizaci\u00f3n de hasta 643 millones de euros (US$704 millones).<\/p>\n\n\n\n<p>&nbsp;&nbsp; Sobre este punto, Prat Gay coment\u00f3: &#8220;En su momento, denunciamos penalmente a Cristina Kirchner y a Guillermo Moreno porque pagaron de m\u00e1s con el cup\u00f3n de PBI, porque inflaron el crecimiento econ\u00f3mico y hab\u00eda que pagarles a los bonistas por un crecimiento que no hab\u00eda existido&#8221;.<\/p>\n\n\n\n<p>&nbsp;&nbsp; &#8220;El juicio no avanz\u00f3, pero qued\u00f3 demostrado que pagaron de m\u00e1s, calculamos US$2.386 millones&#8221;, puntualiz\u00f3 el ex ministro, en declaraciones al programa &#8220;Esta ma\u00f1ana&#8221;, de radio Rivadavia.<\/p>\n\n\n\n<p>&nbsp;&nbsp; Adem\u00e1s, asegur\u00f3: &#8220;Es inconcebible que vengan bonistas y reclamen que el Gobierno pag\u00f3 de menos, pero lo que sucedi\u00f3 es que Kicillof cambi\u00f3 la cl\u00e1usula de c\u00e1lculo de PBI y los bonistas dijeron que eso fue de mala fe y que, por lo tanto, tienen que ser resarcidos. Eso es absurdo, no podr\u00eda haber prosperado con una buena defensa del Estado&#8221;.<\/p>\n\n\n\n<p>&nbsp;&nbsp; &#8220;Entonces, fue muy desprolijo lo que hizo Kicillof, pero no creo que eso deba haber llevado a los bonistas a reclamar. Sin duas, hubo gente que manej\u00f3 el Estado como si fuera un centro de estudiantes&#8221;, a\u00f1adi\u00f3. .<\/p>\n\n\n\n<p>&nbsp;&nbsp; Y sostuvo que ahora &#8220;est\u00e1n llegando las consecuencias de todas las malas decisiones, de las canchereadas, de las prepotencias, que no pagan ellos, sino todos los argentinos a trav\u00e9s del endeudamiento&#8221;.<\/p>\n\n\n\n<p>&nbsp;&nbsp; Por otra parte, Prat Gay fue duro con el ministro de Econom\u00eda, Sergio Massa: &#8220;Podr\u00eda resolver al menos un problema, en vez de patear para adelante cien problemas&#8221;, se quej\u00f3.<\/p>\n\n\n\n<p>&nbsp;&nbsp; &#8220;Massa deval\u00faa todo el tiempo tratando de que no se note pero a\u00fan as\u00ed no resuelve el problema del tipo de cambio, porque algunas exportaciones tienen ventajas pero el resto siguen regidos por un d\u00f3lar artificial&#8221;, enfatiz\u00f3.<\/p>\n\n\n\n<p>&nbsp;&nbsp; En este marco, el economista consider\u00f3 que &#8220;hay dudas acerca de la estabilidad social y pol\u00edtica a medida que avanzan los meses&#8221;, por lo cual resalt\u00f3 que la oposici\u00f3n &#8220;va a tener que ser un faro de estabilidad en el marco de un Gobierno que se va desintegrando&#8221;.<\/p>\n\n\n\n<p>&nbsp;&nbsp; Por ese motivo, dijo que en Juntos por el Cambio tienen que &#8220;estar bien unidos&#8221; de cara a las elecciones presidenciales de este a\u00f1o.<\/p>\n","protected":false},"excerpt":{"rendered":"<p>El ex ministro de Hacienda Alfonso Prat Gay consider\u00f3 necesario &#8220;denunciar penalmente&#8221; al gobernador bonaerense, Axel Kicillof, por juicios que el pa\u00eds perdi\u00f3 en el exterior. &nbsp; &nbsp;Seg\u00fan el economista,&hellip; <\/p>\n","protected":false},"author":2,"featured_media":21434,"comment_status":"closed","ping_status":"open","sticky":false,"template":"","format":"standard","meta":{"footnotes":""},"categories":[21],"tags":[],"class_list":["post-21433","post","type-post","status-publish","format-standard","has-post-thumbnail","hentry","category-economia"],"_links":{"self":[{"href":"https:\/\/eenergetica.com.ar\/index.php\/wp-json\/wp\/v2\/posts\/21433","targetHints":{"allow":["GET"]}}],"collection":[{"href":"https:\/\/eenergetica.com.ar\/index.php\/wp-json\/wp\/v2\/posts"}],"about":[{"href":"https:\/\/eenergetica.com.ar\/index.php\/wp-json\/wp\/v2\/types\/post"}],"author":[{"embeddable":true,"href":"https:\/\/eenergetica.com.ar\/index.php\/wp-json\/wp\/v2\/users\/2"}],"replies":[{"embeddable":true,"href":"https:\/\/eenergetica.com.ar\/index.php\/wp-json\/wp\/v2\/comments?post=21433"}],"version-history":[{"count":1,"href":"https:\/\/eenergetica.com.ar\/index.php\/wp-json\/wp\/v2\/posts\/21433\/revisions"}],"predecessor-version":[{"id":21435,"href":"https:\/\/eenergetica.com.ar\/index.php\/wp-json\/wp\/v2\/posts\/21433\/revisions\/21435"}],"wp:featuredmedia":[{"embeddable":true,"href":"https:\/\/eenergetica.com.ar\/index.php\/wp-json\/wp\/v2\/media\/21434"}],"wp:attachment":[{"href":"https:\/\/eenergetica.com.ar\/index.php\/wp-json\/wp\/v2\/media?parent=21433"}],"wp:term":[{"taxonomy":"category","embeddable":true,"href":"https:\/\/eenergetica.com.ar\/index.php\/wp-json\/wp\/v2\/categories?post=21433"},{"taxonomy":"post_tag","embeddable":true,"href":"https:\/\/eenergetica.com.ar\/index.php\/wp-json\/wp\/v2\/tags?post=21433"}],"curies":[{"name":"wp","href":"https:\/\/api.w.org\/{rel}","templated":true}]}}