{"id":21421,"date":"2023-04-07T15:05:43","date_gmt":"2023-04-07T18:05:43","guid":{"rendered":"http:\/\/eenergetica.com.ar\/?p=21421"},"modified":"2023-04-07T15:05:44","modified_gmt":"2023-04-07T18:05:44","slug":"bianco-repetir-una-candidatura-cuando-el-gobierno-no-fue-del-todo-exitoso-es-una-apuesta-riesgosa","status":"publish","type":"post","link":"https:\/\/eenergetica.com.ar\/index.php\/2023\/04\/07\/bianco-repetir-una-candidatura-cuando-el-gobierno-no-fue-del-todo-exitoso-es-una-apuesta-riesgosa\/","title":{"rendered":"BIANCO: &#8220;REPETIR UNA CANDIDATURA CUANDO EL GOBIERNO NO FUE DEL TODO EXITOSO ES UNA APUESTA RIESGOSA&#8221;"},"content":{"rendered":"\n<p><strong>El jefe de asesores de la Gobernaci\u00f3n bonaerense, Carlos Bianco, se mostr\u00f3 cr\u00edtico de una eventual postulaci\u00f3n del presidente Alberto Fern\u00e1ndez para buscar la reelecci\u00f3n y consider\u00f3 que &#8220;repetir una candidatura cuando el Gobierno no fue del todo exitoso es una apuesta riesgosa&#8221;.<\/strong><\/p>\n\n\n\n<p>&nbsp; &nbsp;&#8220;Toc\u00f3 un contexto complejo para gobernar y en ese marco se han logrado muchas cosas, pero tambi\u00e9n han quedado pendientes muchas de la agenda pol\u00edtica que hab\u00edamos planteado en la campa\u00f1a, sobre todo las que tienen con los intereses m\u00e1s directos de la clase trabajadoras, las clases populares, que tienen que ver con la distribuci\u00f3n del ingreso, los niveles de pobreza, la inflaci\u00f3n. No hemos podido dar respuesta a eso como frente pol\u00edtico&#8221;, sostuvo el funcionario provincial.<\/p>\n\n\n\n<p>&nbsp;&nbsp; En declaraciones radiales, el dirigente oficialista afirm\u00f3 que &#8220;se necesitar\u00eda una candidatura distinta, que represente otra cosa&#8221;.<\/p>\n\n\n\n<p>&nbsp;&nbsp; &#8220;Ante la imagen p\u00fablica, hay una disconformidad alta con los resultados econ\u00f3micos. A la gente le est\u00e1 costando llegar a fin de mes&#8221;, subray\u00f3 el ex jefe de Gabinete bonaerense.<\/p>\n\n\n\n<p>&nbsp;&nbsp; En ese sentido, Bianco se mostr\u00f3 en disconformidad con la posibilidad de que Alberto Fern\u00e1ndez decida lanzarse en la carrera por un nuevo mandato al frente de la Casa Rosada: &#8220;Repetir una candidatura cuando el gobierno no fue del todo exitoso es una apuesta riesgosa en t\u00e9rminos pol\u00edticos y electorales&#8221;.<\/p>\n\n\n\n<p>&nbsp;&nbsp; &#8220;Tendr\u00edamos que empezar a tener algunas precisiones&#8221; sobre los eventuales precandidatos presidenciales para las PASO del Frente de Todos, expres\u00f3 el funcionario del entorno m\u00e1s cercano al gobernador bonaerense, Axel Kicillof.<\/p>\n\n\n\n<p>&nbsp;&nbsp; Y no dud\u00f3 en ratificar su inclinaci\u00f3n por la vicepresidenta, Cristina Kirchner: &#8220;Desde la Provincia estamos trabajando en crear las condiciones para que la vicepresidenta, si ella define que quiere ser la candidata, lo pueda ser. \u00c9se es el Plan A. Si no sucede, habr\u00e1 que trabajar eventualmente en un Plan B&#8221;.<\/p>\n\n\n\n<p>&nbsp;&nbsp; &#8220;En caso de que no vaya Cristina como candidata a Presidenta, que se diriman las candidaturas a trav\u00e9s de las PASO&#8221;, agreg\u00f3.<\/p>\n\n\n\n<p>&nbsp;&nbsp; Adem\u00e1s, Bianco dio por descontado de que el oficialismo &#8220;va a seguir unido en el marco del Frente de Todos&#8221;.<\/p>\n\n\n\n<p>&nbsp;&nbsp; Al respecto, consider\u00f3 que la unidad del espacio debe estar garantizada m\u00e1s all\u00e1 de c\u00f3mo terminen las PASO: &#8220;Ser\u00eda un error romper la unidad y sobre todo por un resultado en una elecci\u00f3n.<br>&nbsp;&nbsp;Ser\u00eda un error grave&#8221;.<\/p>\n","protected":false},"excerpt":{"rendered":"<p>El jefe de asesores de la Gobernaci\u00f3n bonaerense, Carlos Bianco, se mostr\u00f3 cr\u00edtico de una eventual postulaci\u00f3n del presidente Alberto Fern\u00e1ndez para buscar la reelecci\u00f3n y consider\u00f3 que &#8220;repetir una&hellip; <\/p>\n","protected":false},"author":2,"featured_media":21422,"comment_status":"closed","ping_status":"open","sticky":false,"template":"","format":"standard","meta":{"footnotes":""},"categories":[20],"tags":[],"class_list":["post-21421","post","type-post","status-publish","format-standard","has-post-thumbnail","hentry","category-politica"],"_links":{"self":[{"href":"https:\/\/eenergetica.com.ar\/index.php\/wp-json\/wp\/v2\/posts\/21421","targetHints":{"allow":["GET"]}}],"collection":[{"href":"https:\/\/eenergetica.com.ar\/index.php\/wp-json\/wp\/v2\/posts"}],"about":[{"href":"https:\/\/eenergetica.com.ar\/index.php\/wp-json\/wp\/v2\/types\/post"}],"author":[{"embeddable":true,"href":"https:\/\/eenergetica.com.ar\/index.php\/wp-json\/wp\/v2\/users\/2"}],"replies":[{"embeddable":true,"href":"https:\/\/eenergetica.com.ar\/index.php\/wp-json\/wp\/v2\/comments?post=21421"}],"version-history":[{"count":1,"href":"https:\/\/eenergetica.com.ar\/index.php\/wp-json\/wp\/v2\/posts\/21421\/revisions"}],"predecessor-version":[{"id":21423,"href":"https:\/\/eenergetica.com.ar\/index.php\/wp-json\/wp\/v2\/posts\/21421\/revisions\/21423"}],"wp:featuredmedia":[{"embeddable":true,"href":"https:\/\/eenergetica.com.ar\/index.php\/wp-json\/wp\/v2\/media\/21422"}],"wp:attachment":[{"href":"https:\/\/eenergetica.com.ar\/index.php\/wp-json\/wp\/v2\/media?parent=21421"}],"wp:term":[{"taxonomy":"category","embeddable":true,"href":"https:\/\/eenergetica.com.ar\/index.php\/wp-json\/wp\/v2\/categories?post=21421"},{"taxonomy":"post_tag","embeddable":true,"href":"https:\/\/eenergetica.com.ar\/index.php\/wp-json\/wp\/v2\/tags?post=21421"}],"curies":[{"name":"wp","href":"https:\/\/api.w.org\/{rel}","templated":true}]}}