{"id":21418,"date":"2023-04-07T15:03:18","date_gmt":"2023-04-07T18:03:18","guid":{"rendered":"http:\/\/eenergetica.com.ar\/?p=21418"},"modified":"2023-04-07T15:03:19","modified_gmt":"2023-04-07T18:03:19","slug":"crimen-del-colectivero-detuvieron-a-un-sospechoso-de-haber-participado-en-el-robo-del-auto","status":"publish","type":"post","link":"https:\/\/eenergetica.com.ar\/index.php\/2023\/04\/07\/crimen-del-colectivero-detuvieron-a-un-sospechoso-de-haber-participado-en-el-robo-del-auto\/","title":{"rendered":"CRIMEN DEL COLECTIVERO: DETUVIERON A UN SOSPECHOSO DE HABER PARTICIPADO EN EL ROBO DEL AUTO"},"content":{"rendered":"\n<p><strong>Un nuevo sospechoso de haber robado el auto que se habr\u00eda utilizado en el crimen de Daniel Barrientos, el chofer de colectivos que fue asesinado el pasado lunes en la localidad bonaerense de Virrey del Pino, en La Matanza, fue detenido en las \u00faltimas horas.<\/strong><\/p>\n\n\n\n<p>&nbsp; &nbsp;Fuentes policiales y judiciales confirmaron a NA que la detenci\u00f3n ocurri\u00f3 alrededor de las 23 de este jueves en Virrey del Pino, en el marco de diversos allanamientos realizados en domicilios vinculados a R.P.P, el ahora detenido. &nbsp;.<\/p>\n\n\n\n<p>&nbsp;&nbsp; De esta manera ya son cuatro los detenidos en la causa: dos de ellos est\u00e1n acusados de participar en el asesinato de Barrientos, mientras que los otros dos est\u00e1n sospechados de ser quienes robaron el Fiat Siena el pasado 25 de marzo a un chofer de Uber.<\/p>\n\n\n\n<p>&nbsp;&nbsp; El conocimiento de la captura del nuevo sospechoso, que ser\u00e1 indagado en las pr\u00f3ximas horas, ocurri\u00f3 el mismo d\u00eda en que se toma la declaraci\u00f3n de una testigo y del polic\u00eda que estaba vestido de civil y que habr\u00eda baleado a uno de los delincuentes.&nbsp;<\/p>\n\n\n\n<p>&nbsp; &nbsp;&#8220;Estamos preocupados. Agarraron al primero que se les cruz\u00f3&#8221;, manifest\u00f3 Ezequiel, hermano de uno de los detenidos. La familia de otro de los aprehendidos present\u00f3 ante la Justicia videos de c\u00e1maras de seguridad que mostrar\u00edan que el joven no estuvo en el lugar.<\/p>\n\n\n\n<p>&nbsp;&nbsp; Desde este viernes temprano, una pasajera que presenci\u00f3 el crimen y el polic\u00eda que estaba en el lugar del hecho declaraban frente al fiscal Gast\u00f3n Dupla\u00e1 para intentar precisar qu\u00e9 participaci\u00f3n tuvo cada uno de los detenidos.<\/p>\n\n\n\n<p>&nbsp;&nbsp; Adem\u00e1s, en la madrugada de este viernes se anunci\u00f3 la excarcelaci\u00f3n de los dos choferes que hab\u00edan quedado detenidos por la agresi\u00f3n al ministro de Seguridad bonaerense, Sergio Berni, durante la protesta por el crimen de Barrientos. .<\/p>\n\n\n\n<p>&nbsp;&nbsp; Tras la liberaci\u00f3n de los choferes, se anunci\u00f3 que las 16 l\u00edneas que estaban de paro en repudio por las detenciones volvieron a reanudar su servicio.<\/p>\n","protected":false},"excerpt":{"rendered":"<p>Un nuevo sospechoso de haber robado el auto que se habr\u00eda utilizado en el crimen de Daniel Barrientos, el chofer de colectivos que fue asesinado el pasado lunes en la&hellip; <\/p>\n","protected":false},"author":2,"featured_media":21419,"comment_status":"closed","ping_status":"open","sticky":false,"template":"","format":"standard","meta":{"footnotes":""},"categories":[22],"tags":[],"class_list":["post-21418","post","type-post","status-publish","format-standard","has-post-thumbnail","hentry","category-sociedad"],"_links":{"self":[{"href":"https:\/\/eenergetica.com.ar\/index.php\/wp-json\/wp\/v2\/posts\/21418","targetHints":{"allow":["GET"]}}],"collection":[{"href":"https:\/\/eenergetica.com.ar\/index.php\/wp-json\/wp\/v2\/posts"}],"about":[{"href":"https:\/\/eenergetica.com.ar\/index.php\/wp-json\/wp\/v2\/types\/post"}],"author":[{"embeddable":true,"href":"https:\/\/eenergetica.com.ar\/index.php\/wp-json\/wp\/v2\/users\/2"}],"replies":[{"embeddable":true,"href":"https:\/\/eenergetica.com.ar\/index.php\/wp-json\/wp\/v2\/comments?post=21418"}],"version-history":[{"count":1,"href":"https:\/\/eenergetica.com.ar\/index.php\/wp-json\/wp\/v2\/posts\/21418\/revisions"}],"predecessor-version":[{"id":21420,"href":"https:\/\/eenergetica.com.ar\/index.php\/wp-json\/wp\/v2\/posts\/21418\/revisions\/21420"}],"wp:featuredmedia":[{"embeddable":true,"href":"https:\/\/eenergetica.com.ar\/index.php\/wp-json\/wp\/v2\/media\/21419"}],"wp:attachment":[{"href":"https:\/\/eenergetica.com.ar\/index.php\/wp-json\/wp\/v2\/media?parent=21418"}],"wp:term":[{"taxonomy":"category","embeddable":true,"href":"https:\/\/eenergetica.com.ar\/index.php\/wp-json\/wp\/v2\/categories?post=21418"},{"taxonomy":"post_tag","embeddable":true,"href":"https:\/\/eenergetica.com.ar\/index.php\/wp-json\/wp\/v2\/tags?post=21418"}],"curies":[{"name":"wp","href":"https:\/\/api.w.org\/{rel}","templated":true}]}}