{"id":21415,"date":"2023-04-07T15:00:44","date_gmt":"2023-04-07T18:00:44","guid":{"rendered":"http:\/\/eenergetica.com.ar\/?p=21415"},"modified":"2023-04-07T15:00:44","modified_gmt":"2023-04-07T18:00:44","slug":"ypf-cerro-un-acuerdo-por-el-caso-maxus-y-evita-un-juicio-por-mas-de-us14-000-millones","status":"publish","type":"post","link":"https:\/\/eenergetica.com.ar\/index.php\/2023\/04\/07\/ypf-cerro-un-acuerdo-por-el-caso-maxus-y-evita-un-juicio-por-mas-de-us14-000-millones\/","title":{"rendered":"YPF CERR\u00d3 UN ACUERDO POR EL CASO MAXUS Y EVITA UN JUICIO POR M\u00c1S DE US$14.000 MILLONES"},"content":{"rendered":"\n<p><strong>YPF oficializ\u00f3 un acuerdo con el fideicomiso de liquidaci\u00f3n Maxus a trav\u00e9s del cual se desestimar\u00e1n todas las acciones judiciales iniciadas contra esa petrolera y Repsol, adem\u00e1s de otorgar la absoluci\u00f3n total de los reclamos que present\u00f3 ese fideicomiso por hasta US$14.000 millones.<\/strong><\/p>\n\n\n\n<p>&nbsp; &nbsp;La compa\u00f1\u00eda record\u00f3 que en 1995, ya privatizada y bajo la conducci\u00f3n de Jos\u00e9 Estenssoro, despleg\u00f3 una estrategia de expansi\u00f3n internacional y adquiri\u00f3 Maxus, una empresa norteamericana de petr\u00f3leo y gas.<\/p>\n\n\n\n<p>&nbsp;&nbsp; A\u00f1os antes, en 1986, Maxus hab\u00eda vendido su negocio de qu\u00edmicos a Occidental Chemical Corporation y aceptado indemnizar a esa empresa por los pasivos ambientales derivados de sus operaciones.<\/p>\n\n\n\n<p>&nbsp;&nbsp; Posteriormente, en 2005, el Estado de Nueva Jersey (de Estados Unidos) demand\u00f3 a Occidental y Maxus -a\u00f1adiendo m\u00e1s tarde a YPF y Repsol- por la contaminaci\u00f3n del R\u00edo Passaic (a 10 kil\u00f3metros de la ciudad de Nueva York) con residuos qu\u00edmicos.<\/p>\n\n\n\n<p>&nbsp;&nbsp; En consecuencia, Occidental hizo valer su indemnidad y Maxus, la empresa que hab\u00eda adquirido YPF en 1995, honr\u00f3 sus obligaciones hasta que el 17 de junio de 2016 tom\u00f3 la decisi\u00f3n de presentarse en concurso y posteriormente se decret\u00f3 su quiebra.<\/p>\n\n\n\n<p>&nbsp;&nbsp; En junio de 2018, el fideicomiso de liquidaci\u00f3n de Maxus demand\u00f3 a YPF y Repsol y subsidiarias por un monto de hasta US$14.000 millones ante el Tribunal de Quiebras del Distrito de Delaware, alegando que Maxus tuvo la intenci\u00f3n de &#8220;obstaculizar, retrasar, o defraudar a sus acreedores&#8221;, de acuerdo con un comunicado distribuido por YPF.<\/p>\n\n\n\n<p>&nbsp;&nbsp; Tras a\u00f1os de litigio y negociaciones, YPF y Repsol llegaron a un acuerdo deconciliaci\u00f3n bajo el cual aquel fideicomiso desistir\u00eda de los reclamos (actuales y futuros) contra ambas petroleras.<\/p>\n\n\n\n<p>&nbsp;&nbsp; A cambio, YPF y Repsol se comprometieron a pagar al fideicomiso US$$287,5 millones cada una, por un total de US$$575 millones, sin que ambas admitan responsabilidad alguna.<\/p>\n\n\n\n<p>&nbsp;&nbsp; Este acuerdo, que est\u00e1 sujeto a aprobaci\u00f3n judicial, procura resolver una disputa que ha estado en curso durante casi 20 a\u00f1os.<\/p>\n\n\n\n<p>&nbsp;&nbsp; Asimismo, YPF y Repsol han firmado un acuerdo transaccional con Occidental y algunas de sus afiliadas, bajo el que esta \u00faltima ha renunciado a todos los reclamos que pueda tener contra YPF o Repsol, en relaci\u00f3n con el R\u00edo Passaic y otras \u00e1reas sujetas a remediaci\u00f3n ambiental.<\/p>\n\n\n\n<p>&nbsp;&nbsp; Tambi\u00e9n firmaron un acuerdo con varias entidades gubernamentales, incluidos el Departamento de Justicia actuando en representaci\u00f3n de la Agencia de Protecci\u00f3n Ambiental de los Estados Unidos, y los Estados de Ohio y de Wisconsin, bajo el que las entidades se han comprometido a no presentar reclamos contra las dos petroleras.<\/p>\n\n\n\n<p>&nbsp;&nbsp; &#8220;Los acuerdos dar\u00e1n por terminado el litigio que se extendi\u00f3 durante a\u00f1os, llegando a un cierre justo y razonable para todas las partes, y que permitir\u00e1 a YPF seguir centrando sus esfuerzos en la generaci\u00f3n de valor y empleo, profundizar el crecimiento de su producci\u00f3n y enfocar sus esfuerzos en las inversiones necesarias para robustecer y diversificar la matriz energ\u00e9tica argentina&#8221;, de acuerdo con la informaci\u00f3n oficial.<\/p>\n","protected":false},"excerpt":{"rendered":"<p>YPF oficializ\u00f3 un acuerdo con el fideicomiso de liquidaci\u00f3n Maxus a trav\u00e9s del cual se desestimar\u00e1n todas las acciones judiciales iniciadas contra esa petrolera y Repsol, adem\u00e1s de otorgar la&hellip; <\/p>\n","protected":false},"author":2,"featured_media":21416,"comment_status":"closed","ping_status":"open","sticky":false,"template":"","format":"standard","meta":{"footnotes":""},"categories":[21],"tags":[],"class_list":["post-21415","post","type-post","status-publish","format-standard","has-post-thumbnail","hentry","category-economia"],"_links":{"self":[{"href":"https:\/\/eenergetica.com.ar\/index.php\/wp-json\/wp\/v2\/posts\/21415","targetHints":{"allow":["GET"]}}],"collection":[{"href":"https:\/\/eenergetica.com.ar\/index.php\/wp-json\/wp\/v2\/posts"}],"about":[{"href":"https:\/\/eenergetica.com.ar\/index.php\/wp-json\/wp\/v2\/types\/post"}],"author":[{"embeddable":true,"href":"https:\/\/eenergetica.com.ar\/index.php\/wp-json\/wp\/v2\/users\/2"}],"replies":[{"embeddable":true,"href":"https:\/\/eenergetica.com.ar\/index.php\/wp-json\/wp\/v2\/comments?post=21415"}],"version-history":[{"count":1,"href":"https:\/\/eenergetica.com.ar\/index.php\/wp-json\/wp\/v2\/posts\/21415\/revisions"}],"predecessor-version":[{"id":21417,"href":"https:\/\/eenergetica.com.ar\/index.php\/wp-json\/wp\/v2\/posts\/21415\/revisions\/21417"}],"wp:featuredmedia":[{"embeddable":true,"href":"https:\/\/eenergetica.com.ar\/index.php\/wp-json\/wp\/v2\/media\/21416"}],"wp:attachment":[{"href":"https:\/\/eenergetica.com.ar\/index.php\/wp-json\/wp\/v2\/media?parent=21415"}],"wp:term":[{"taxonomy":"category","embeddable":true,"href":"https:\/\/eenergetica.com.ar\/index.php\/wp-json\/wp\/v2\/categories?post=21415"},{"taxonomy":"post_tag","embeddable":true,"href":"https:\/\/eenergetica.com.ar\/index.php\/wp-json\/wp\/v2\/tags?post=21415"}],"curies":[{"name":"wp","href":"https:\/\/api.w.org\/{rel}","templated":true}]}}