{"id":21405,"date":"2023-04-06T15:38:35","date_gmt":"2023-04-06T18:38:35","guid":{"rendered":"http:\/\/eenergetica.com.ar\/?p=21405"},"modified":"2023-04-06T15:38:36","modified_gmt":"2023-04-06T18:38:36","slug":"coninagro-aseguro-que-el-dolar-para-economias-regionales-no-sirve","status":"publish","type":"post","link":"https:\/\/eenergetica.com.ar\/index.php\/2023\/04\/06\/coninagro-aseguro-que-el-dolar-para-economias-regionales-no-sirve\/","title":{"rendered":"CONINAGRO ASEGUR\u00d3 QUE EL D\u00d3LAR PARA ECONOM\u00cdAS REGIONALES &#8220;NO SIRVE&#8221;"},"content":{"rendered":"\n<p><strong>El presidente de Coninagro, Elbio Laucirica, consider\u00f3 que el d\u00f3lar diferencial para la actividad agropecuaria es una &#8220;medida parcial y transitoria que no sirve&#8221; para beneficiar a los productores.<\/strong><\/p>\n\n\n\n<p>&nbsp; &nbsp;&#8220;Las medidas parciales y transitorias no sirven. Necesitamos pol\u00edticas perdurables que aborden los problemas que tenemos y necesitamos tambi\u00e9n un d\u00f3lar que nos permita comercializar&#8221;, sostuvo el dirigente.<\/p>\n\n\n\n<p>&nbsp;&nbsp; Para Laucirica: &#8220;Una de las situaciones que m\u00e1s nos est\u00e1 afectando en la actualidad es la brecha cambiaria, porque genera inestabilidad. El precio del d\u00f3lar oficial est\u00e1 a la mitad del precio del blue. Y cuando compramos insumos no pagamos con d\u00f3lar oficial&#8221;.<\/p>\n\n\n\n<p>&nbsp;&nbsp; En declaraciones al programa &#8220;El d\u00eda menos pensado&#8221;, que se emite por AM 990, el titular de Coninagro indic\u00f3 adem\u00e1s que la actividad agropecuaria necesita &#8220;un solo d\u00f3lar, pero en el pa\u00eds hay atraso cambiario, hay inflaci\u00f3n. Los precios del mercado interno son muy distintos a los que recibe el productor&#8221;.<\/p>\n\n\n\n<p>&nbsp;&nbsp; A su criterio: &#8220;El costo argentino, los paros, ocasionan trastornos y perjuicios. Y eso causa un aumento en los precios de la producci\u00f3n. Para colmo, con la sequ\u00eda tenemos una p\u00e9rdida de producci\u00f3n muy importante y eso repercute en la generaci\u00f3n de divisas&#8221;.<\/p>\n\n\n\n<p>&nbsp;&nbsp; &#8220;El Gobierno dice que estamos especulando, pero no es as\u00ed. Hay productores que tienen compromisos y venden enseguida sus granos&#8221;, asegur\u00f3 Laucirica.<\/p>\n","protected":false},"excerpt":{"rendered":"<p>El presidente de Coninagro, Elbio Laucirica, consider\u00f3 que el d\u00f3lar diferencial para la actividad agropecuaria es una &#8220;medida parcial y transitoria que no sirve&#8221; para beneficiar a los productores. &nbsp;&hellip; <\/p>\n","protected":false},"author":2,"featured_media":21406,"comment_status":"closed","ping_status":"open","sticky":false,"template":"","format":"standard","meta":{"footnotes":""},"categories":[21],"tags":[26],"class_list":["post-21405","post","type-post","status-publish","format-standard","has-post-thumbnail","hentry","category-economia","tag-destacada"],"_links":{"self":[{"href":"https:\/\/eenergetica.com.ar\/index.php\/wp-json\/wp\/v2\/posts\/21405","targetHints":{"allow":["GET"]}}],"collection":[{"href":"https:\/\/eenergetica.com.ar\/index.php\/wp-json\/wp\/v2\/posts"}],"about":[{"href":"https:\/\/eenergetica.com.ar\/index.php\/wp-json\/wp\/v2\/types\/post"}],"author":[{"embeddable":true,"href":"https:\/\/eenergetica.com.ar\/index.php\/wp-json\/wp\/v2\/users\/2"}],"replies":[{"embeddable":true,"href":"https:\/\/eenergetica.com.ar\/index.php\/wp-json\/wp\/v2\/comments?post=21405"}],"version-history":[{"count":1,"href":"https:\/\/eenergetica.com.ar\/index.php\/wp-json\/wp\/v2\/posts\/21405\/revisions"}],"predecessor-version":[{"id":21407,"href":"https:\/\/eenergetica.com.ar\/index.php\/wp-json\/wp\/v2\/posts\/21405\/revisions\/21407"}],"wp:featuredmedia":[{"embeddable":true,"href":"https:\/\/eenergetica.com.ar\/index.php\/wp-json\/wp\/v2\/media\/21406"}],"wp:attachment":[{"href":"https:\/\/eenergetica.com.ar\/index.php\/wp-json\/wp\/v2\/media?parent=21405"}],"wp:term":[{"taxonomy":"category","embeddable":true,"href":"https:\/\/eenergetica.com.ar\/index.php\/wp-json\/wp\/v2\/categories?post=21405"},{"taxonomy":"post_tag","embeddable":true,"href":"https:\/\/eenergetica.com.ar\/index.php\/wp-json\/wp\/v2\/tags?post=21405"}],"curies":[{"name":"wp","href":"https:\/\/api.w.org\/{rel}","templated":true}]}}