{"id":21401,"date":"2023-04-06T15:36:04","date_gmt":"2023-04-06T18:36:04","guid":{"rendered":"http:\/\/eenergetica.com.ar\/?p=21401"},"modified":"2023-04-06T15:36:04","modified_gmt":"2023-04-06T18:36:04","slug":"gobernadores-respaldaron-las-medidas-de-massa-para-aumentar-las-exportaciones","status":"publish","type":"post","link":"https:\/\/eenergetica.com.ar\/index.php\/2023\/04\/06\/gobernadores-respaldaron-las-medidas-de-massa-para-aumentar-las-exportaciones\/","title":{"rendered":"GOBERNADORES RESPALDARON LAS MEDIDAS DE MASSA PARA AUMENTAR LAS EXPORTACIONES"},"content":{"rendered":"\n<p>Gobernadores expresaron su apoyo al Programa de Incremento Exportador que lanz\u00f3 el Ministerio de Econom\u00eda, por entender que permitir\u00e1 &#8220;mejorar la competitividad&#8221; de las econom\u00edas regionales y que los productores tengan &#8220;mayores ganancias&#8221;.<br>\u00a0\u00a0 El gobernador de Entre R\u00edos, Gustavo Bordet, afirm\u00f3 que esa medida &#8220;ayudar\u00e1 a sostener muchas fuentes de trabajo mejorando la competitividad y d\u00e1ndole previsibilidad a la producci\u00f3n afectada por la sequ\u00eda&#8221;.<br>\u00a0\u00a0 Su par de Tucum\u00e1n, Juan Manzur, celebr\u00f3: &#8220;Las recientes medidas econ\u00f3micas adoptada por el Gobierno Nacional que van en direcci\u00f3n a fortalecer el desarrollo de nuestras econom\u00edas regionales&#8221;.<br>\u00a0\u00a0 Omar Perotti, de Santa Fe, acompa\u00f1\u00f3 la decisi\u00f3n del Ministerio de Econom\u00eda y dijo que se trata de una &#8220;se\u00f1al positiva en momentos muy dif\u00edciles por la sequ\u00eda&#8221;.<br>\u00a0\u00a0 En tanto, el gobernador de Chubut, Mariano Arcioni, destac\u00f3 que las medidas anunciadas por Massa &#8220;son una gran noticia para el sector lanero&#8221; y afirm\u00f3 que &#8220;el nuevo tipo de cambio permitir\u00e1 a los productores tener mayores ganancias con el compromiso de abrir nuevos mercados, sostener los niveles de empleo y garantizar un mayor volumen productivo y abastecimiento para el consumo interno&#8221;.<br>\u00a0\u00a0 En este sentido, Jorge Capitanich, gobernador de Chaco, respald\u00f3 el anuncio del ministro en apoyo a las econom\u00edas regionales y destac\u00f3 que permitir\u00e1 incrementar las exportaciones de la provincia.<br>\u00a0\u00a0 &#8220;Chaco lider\u00f3 este indicador en el NEA durante 2022 y tiene nuevas inversiones destinadas a expandir el abastecimiento del mercado interno y las exportaciones&#8221;, resalt\u00f3.<br>\u00a0\u00a0 Por su parte, el gobernador de Misiones, Oscar Herrera Ahuad, respald\u00f3 la decisi\u00f3n de Massa de &#8220;generar condiciones para la exportaci\u00f3n competitiva&#8221; de su provincia, principalmente de productos que all\u00ed se producen, como yerba mate, t\u00e9 y tabaco.<br>\u00a0\u00a0 Por \u00faltimo, tambi\u00e9n expres\u00f3 su apoyo el senador nacional y candidato a gobernador de R\u00edo Negro Alberto Weretilneck: &#8220;Las implementaci\u00f3n de un tipo de cambio diferencial permitir\u00e1 apuntalar el valor que se paga por la producci\u00f3n que tiene por destino la exportaci\u00f3n&#8221;, resalt\u00f3.<\/p>\n","protected":false},"excerpt":{"rendered":"<p>Gobernadores expresaron su apoyo al Programa de Incremento Exportador que lanz\u00f3 el Ministerio de Econom\u00eda, por entender que permitir\u00e1 &#8220;mejorar la competitividad&#8221; de las econom\u00edas regionales y que los productores&hellip; <\/p>\n","protected":false},"author":2,"featured_media":21403,"comment_status":"closed","ping_status":"open","sticky":false,"template":"","format":"standard","meta":{"footnotes":""},"categories":[21],"tags":[],"class_list":["post-21401","post","type-post","status-publish","format-standard","has-post-thumbnail","hentry","category-economia"],"_links":{"self":[{"href":"https:\/\/eenergetica.com.ar\/index.php\/wp-json\/wp\/v2\/posts\/21401","targetHints":{"allow":["GET"]}}],"collection":[{"href":"https:\/\/eenergetica.com.ar\/index.php\/wp-json\/wp\/v2\/posts"}],"about":[{"href":"https:\/\/eenergetica.com.ar\/index.php\/wp-json\/wp\/v2\/types\/post"}],"author":[{"embeddable":true,"href":"https:\/\/eenergetica.com.ar\/index.php\/wp-json\/wp\/v2\/users\/2"}],"replies":[{"embeddable":true,"href":"https:\/\/eenergetica.com.ar\/index.php\/wp-json\/wp\/v2\/comments?post=21401"}],"version-history":[{"count":1,"href":"https:\/\/eenergetica.com.ar\/index.php\/wp-json\/wp\/v2\/posts\/21401\/revisions"}],"predecessor-version":[{"id":21404,"href":"https:\/\/eenergetica.com.ar\/index.php\/wp-json\/wp\/v2\/posts\/21401\/revisions\/21404"}],"wp:featuredmedia":[{"embeddable":true,"href":"https:\/\/eenergetica.com.ar\/index.php\/wp-json\/wp\/v2\/media\/21403"}],"wp:attachment":[{"href":"https:\/\/eenergetica.com.ar\/index.php\/wp-json\/wp\/v2\/media?parent=21401"}],"wp:term":[{"taxonomy":"category","embeddable":true,"href":"https:\/\/eenergetica.com.ar\/index.php\/wp-json\/wp\/v2\/categories?post=21401"},{"taxonomy":"post_tag","embeddable":true,"href":"https:\/\/eenergetica.com.ar\/index.php\/wp-json\/wp\/v2\/tags?post=21401"}],"curies":[{"name":"wp","href":"https:\/\/api.w.org\/{rel}","templated":true}]}}