{"id":21394,"date":"2023-04-06T15:31:09","date_gmt":"2023-04-06T18:31:09","guid":{"rendered":"http:\/\/eenergetica.com.ar\/?p=21394"},"modified":"2023-04-06T15:31:10","modified_gmt":"2023-04-06T18:31:10","slug":"la-justicia-avanza-con-la-identificacion-de-mas-agresores-de-berni-y-podria-haber-mas-detenciones","status":"publish","type":"post","link":"https:\/\/eenergetica.com.ar\/index.php\/2023\/04\/06\/la-justicia-avanza-con-la-identificacion-de-mas-agresores-de-berni-y-podria-haber-mas-detenciones\/","title":{"rendered":"LA JUSTICIA AVANZA CON LA IDENTIFICACI\u00d3N DE M\u00c1S AGRESORES DE BERNI Y PODR\u00cdA HABER M\u00c1S DETENCIONES"},"content":{"rendered":"\n<p><strong>La Justicia avanza con la identificaci\u00f3n de m\u00e1s agresores del ministro de Seguridad Bonaerense, Sergio Berni, y podr\u00eda haber m\u00e1s detenciones en las pr\u00f3ximas horas.&nbsp;<\/strong><\/p>\n\n\n\n<p>&nbsp; &nbsp;El fiscal penal y contravencional porte\u00f1o, Carlos Rolero, ya tiene en su poder los legajos de los choferes que fueron secuestrados de dos empresas e intenta determinar a partir de los mismos si estuvieron presentes el pasado lunes en el cruce de Alberti y Avenida General Paz donde el ministro se hab\u00eda acercado para dialogar con los colectiveros. .<\/p>\n\n\n\n<p>&nbsp;&nbsp; Por el momento, los dos detenidos que tiene el caso van a ser indagados ma\u00f1ana en la sede de la fiscal\u00eda por lesiones graves y atentado a la autoridad y, es probable, que el mismo d\u00eda recuperen la libertad por no tener antecedentes.&nbsp;.<\/p>\n\n\n\n<p>&nbsp;&nbsp; No obstante, las fuentes no descartaron nuevas detenciones a partir de la identificaci\u00f3n de m\u00e1s choferes que pudieron haber agredido al Berni el lunes pasado.&nbsp;.<\/p>\n\n\n\n<p>&nbsp;&nbsp; La investigaci\u00f3n se inici\u00f3 por una denuncia de la Polic\u00eda de la Ciudad y fue el propio Berni quien, en comunicaci\u00f3n con el fiscal, opt\u00f3 por proseguir con el tr\u00e1mite de la causa, a partir de lo cual se le tom\u00f3 declaraci\u00f3n a los uniformados que estuvieron en el lugar y tambi\u00e9n hubo una gran cantidad de im\u00e1genes que permitieron identificar a los agresores.<\/p>\n\n\n\n<p>&nbsp;&nbsp; La presencia de Berni en ese lugar fue a ra\u00edz del asesinato del chofer de la l\u00ednea 620 Daniel Barrientos, crimen por el cual hay dos personas detenidas, mientras que una tercera fue apresada acusada de robar el veh\u00edculo que utilizaron para asaltar la unidad.&nbsp;.<\/p>\n","protected":false},"excerpt":{"rendered":"<p>La Justicia avanza con la identificaci\u00f3n de m\u00e1s agresores del ministro de Seguridad Bonaerense, Sergio Berni, y podr\u00eda haber m\u00e1s detenciones en las pr\u00f3ximas horas.&nbsp; &nbsp; &nbsp;El fiscal penal y&hellip; <\/p>\n","protected":false},"author":2,"featured_media":21395,"comment_status":"closed","ping_status":"open","sticky":false,"template":"","format":"standard","meta":{"footnotes":""},"categories":[22],"tags":[],"class_list":["post-21394","post","type-post","status-publish","format-standard","has-post-thumbnail","hentry","category-sociedad"],"_links":{"self":[{"href":"https:\/\/eenergetica.com.ar\/index.php\/wp-json\/wp\/v2\/posts\/21394","targetHints":{"allow":["GET"]}}],"collection":[{"href":"https:\/\/eenergetica.com.ar\/index.php\/wp-json\/wp\/v2\/posts"}],"about":[{"href":"https:\/\/eenergetica.com.ar\/index.php\/wp-json\/wp\/v2\/types\/post"}],"author":[{"embeddable":true,"href":"https:\/\/eenergetica.com.ar\/index.php\/wp-json\/wp\/v2\/users\/2"}],"replies":[{"embeddable":true,"href":"https:\/\/eenergetica.com.ar\/index.php\/wp-json\/wp\/v2\/comments?post=21394"}],"version-history":[{"count":1,"href":"https:\/\/eenergetica.com.ar\/index.php\/wp-json\/wp\/v2\/posts\/21394\/revisions"}],"predecessor-version":[{"id":21396,"href":"https:\/\/eenergetica.com.ar\/index.php\/wp-json\/wp\/v2\/posts\/21394\/revisions\/21396"}],"wp:featuredmedia":[{"embeddable":true,"href":"https:\/\/eenergetica.com.ar\/index.php\/wp-json\/wp\/v2\/media\/21395"}],"wp:attachment":[{"href":"https:\/\/eenergetica.com.ar\/index.php\/wp-json\/wp\/v2\/media?parent=21394"}],"wp:term":[{"taxonomy":"category","embeddable":true,"href":"https:\/\/eenergetica.com.ar\/index.php\/wp-json\/wp\/v2\/categories?post=21394"},{"taxonomy":"post_tag","embeddable":true,"href":"https:\/\/eenergetica.com.ar\/index.php\/wp-json\/wp\/v2\/tags?post=21394"}],"curies":[{"name":"wp","href":"https:\/\/api.w.org\/{rel}","templated":true}]}}