{"id":21391,"date":"2023-04-06T15:28:49","date_gmt":"2023-04-06T18:28:49","guid":{"rendered":"http:\/\/eenergetica.com.ar\/?p=21391"},"modified":"2023-04-06T15:28:50","modified_gmt":"2023-04-06T18:28:50","slug":"tolosa-paz-rechazo-que-exista-un-ajuste-en-el-potenciar-trabajo-por-pedido-del-fmi","status":"publish","type":"post","link":"https:\/\/eenergetica.com.ar\/index.php\/2023\/04\/06\/tolosa-paz-rechazo-que-exista-un-ajuste-en-el-potenciar-trabajo-por-pedido-del-fmi\/","title":{"rendered":"TOLOSA PAZ RECHAZ\u00d3 QUE EXISTA UN AJUSTE EN EL POTENCIAR TRABAJO POR PEDIDO DEL FMI"},"content":{"rendered":"\n<p><strong>La ministra de Desarrollo Social, Victoria Tolosa Paz, neg\u00f3 hoy que exista un plan de &#8220;ajuste&#8221; en las pol\u00edticas de su cartera por pedido del Fondo Monetario Internacional (FMI), puntualmente un recorte del Plan Potenciar Trabajo.<\/strong><\/p>\n\n\n\n<p>&nbsp; &nbsp;&#8220;No hay ninguna nueva meta ni condicionamiento de ajuste ni del FMI ni de ning\u00fan actor del sistema financiero o de cr\u00e9dito sobre la pol\u00edtica social en Argentina. No es verdad que se haya solicitado o puesto como meta la reducci\u00f3n de la cantidad de titulares del Potenciar Trabajo&#8221;, enfatiz\u00f3 la funcionaria.&nbsp;&nbsp; En redes sociales, Tolosa Paz afirm\u00f3 que las metas del Fondo no afecta &#8220;ning\u00fan otro programa&#8221; del Ministerio, y cuestion\u00f3 que &#8220;se manipula con desconocimiento o intencionalidad, informaci\u00f3n p\u00fablica que es de libre acceso, distorsionando los hechos&#8221;.<\/p>\n\n\n\n<p>&nbsp; &nbsp;&#8220;Desde el Ministerio incrementamos la inversi\u00f3n social, ejecutando con eficiencia y a tiempo el presupuesto asignado. No hay ajuste y no habr\u00e1 ajuste en esta gesti\u00f3n&#8221;, recalc\u00f3 la ministra.<\/p>\n\n\n\n<p>&nbsp;&nbsp; Seg\u00fan destac\u00f3, &#8220;el 2022 arroj\u00f3 un incremento real del gasto del 6,9% respecto de 2021, es decir, que no hubo ajuste&#8221;.<\/p>\n\n\n\n<p>&nbsp;&nbsp; &#8220;En el primer trimestre de 2023 se registraron variaciones nominales del 98% en enero, 103% en febrero y 122% en marzo respecto a 2022. Esto implic\u00f3 un sostenimiento del gasto real para los primeros dos meses del a\u00f1o y un incremento real del 9% para marzo. Tampoco hay ajuste en 2023, hay incremento de la inversi\u00f3n social. Potenciar Trabajo y Prestaci\u00f3n Alimentar tienen altos niveles de ejecuci\u00f3n (30 y 32%)&#8221;, indic\u00f3.<\/p>\n\n\n\n<p>&nbsp;&nbsp; Adem\u00e1s, Tolosa Paz sostuvo que &#8220;la asistencia a comedores comunitarios y merenderos alcanzan una ejecuci\u00f3n del 39% en este trimestre&#8221;.<\/p>\n\n\n\n<p>&nbsp;&nbsp; &#8220;Hoy, 5 de abril, m\u00e1s de 1.2 millones de titulares del Potenciar Trabajo recibieron la suma actualizada del salario de marzo y un bono extra del 50% de ese valor. En total son $52.125 para cada titular. No hay ajuste del gasto social en Argentina.<\/p>\n\n\n\n<p>&nbsp;&nbsp;Estamos llevando a cabo un largo y complejo ordenamiento, para obtener claridad y mejorar la trazabilidad y la transparencia en la implementaci\u00f3n de las pol\u00edticas sociales en nuestro pa\u00eds&#8221;, se\u00f1al\u00f3 la funcionaria nacional.<\/p>\n","protected":false},"excerpt":{"rendered":"<p>La ministra de Desarrollo Social, Victoria Tolosa Paz, neg\u00f3 hoy que exista un plan de &#8220;ajuste&#8221; en las pol\u00edticas de su cartera por pedido del Fondo Monetario Internacional (FMI), puntualmente&hellip; <\/p>\n","protected":false},"author":2,"featured_media":21392,"comment_status":"closed","ping_status":"open","sticky":false,"template":"","format":"standard","meta":{"footnotes":""},"categories":[24],"tags":[26],"class_list":["post-21391","post","type-post","status-publish","format-standard","has-post-thumbnail","hentry","category-provincia","tag-destacada"],"_links":{"self":[{"href":"https:\/\/eenergetica.com.ar\/index.php\/wp-json\/wp\/v2\/posts\/21391","targetHints":{"allow":["GET"]}}],"collection":[{"href":"https:\/\/eenergetica.com.ar\/index.php\/wp-json\/wp\/v2\/posts"}],"about":[{"href":"https:\/\/eenergetica.com.ar\/index.php\/wp-json\/wp\/v2\/types\/post"}],"author":[{"embeddable":true,"href":"https:\/\/eenergetica.com.ar\/index.php\/wp-json\/wp\/v2\/users\/2"}],"replies":[{"embeddable":true,"href":"https:\/\/eenergetica.com.ar\/index.php\/wp-json\/wp\/v2\/comments?post=21391"}],"version-history":[{"count":1,"href":"https:\/\/eenergetica.com.ar\/index.php\/wp-json\/wp\/v2\/posts\/21391\/revisions"}],"predecessor-version":[{"id":21393,"href":"https:\/\/eenergetica.com.ar\/index.php\/wp-json\/wp\/v2\/posts\/21391\/revisions\/21393"}],"wp:featuredmedia":[{"embeddable":true,"href":"https:\/\/eenergetica.com.ar\/index.php\/wp-json\/wp\/v2\/media\/21392"}],"wp:attachment":[{"href":"https:\/\/eenergetica.com.ar\/index.php\/wp-json\/wp\/v2\/media?parent=21391"}],"wp:term":[{"taxonomy":"category","embeddable":true,"href":"https:\/\/eenergetica.com.ar\/index.php\/wp-json\/wp\/v2\/categories?post=21391"},{"taxonomy":"post_tag","embeddable":true,"href":"https:\/\/eenergetica.com.ar\/index.php\/wp-json\/wp\/v2\/tags?post=21391"}],"curies":[{"name":"wp","href":"https:\/\/api.w.org\/{rel}","templated":true}]}}