{"id":21388,"date":"2023-04-06T15:24:44","date_gmt":"2023-04-06T18:24:44","guid":{"rendered":"http:\/\/eenergetica.com.ar\/?p=21388"},"modified":"2023-04-06T15:24:44","modified_gmt":"2023-04-06T18:24:44","slug":"desde-chile-fernandez-participo-de-un-encuentro-virtual-para-buscar-el-modo-de-combatir-los-problemas-inflacionarios","status":"publish","type":"post","link":"https:\/\/eenergetica.com.ar\/index.php\/2023\/04\/06\/desde-chile-fernandez-participo-de-un-encuentro-virtual-para-buscar-el-modo-de-combatir-los-problemas-inflacionarios\/","title":{"rendered":"DESDE CHILE, FERN\u00c1NDEZ PARTICIP\u00d3 DE UN ENCUENTRO VIRTUAL PARA BUSCAR EL MODO DE COMBATIR &#8220;LOS PROBLEMAS INFLACIONARIOS&#8221;"},"content":{"rendered":"\n<p><strong>El presidente Alberto Fern\u00e1ndez particip\u00f3&nbsp; de un encuentro virtual con mandatarios de la regi\u00f3n para buscar el modo de combatir &#8220;los problemas inflacionarios&#8221; de manera conjunta, una iniciativa impulsada por el jefe de Estado de M\u00e9xico, Andr\u00e9s Manuel L\u00f3pez Obrador.<\/strong><\/p>\n\n\n\n<p>&nbsp; &nbsp;&#8220;Empezamos a hablar de un problema que tiene el mundo y Latinoam\u00e9rica, que es el problema de garantizarnos la soberan\u00eda alimentaria y ver de qu\u00e9 modo combatimos los problemas inflacionarios&#8221;, subray\u00f3 Fern\u00e1ndez durante una declaraci\u00f3n conjunta a la prensa con su par de Chile, Gabriel Boric.<\/p>\n\n\n\n<p>&nbsp;&nbsp; Desde la residencia oficial de la Embajada Argentina en Chile, el Presidente particip\u00f3 este mediod\u00eda del encuentro virtual &#8220;Alianza de pa\u00edses de Am\u00e9rica Latina y el Caribe contra la inflaci\u00f3n&#8221;.<\/p>\n\n\n\n<p>&nbsp;&nbsp; El encuentro tambi\u00e9n cont\u00f3 con la participaci\u00f3n de los mandatarios Gabriel Boric (Chile), Luiz In\u00e1cio Lula da Silva (Brasil), Miguel D\u00edaz-Canel (Cuba), Luis Arce (Bolivia), Gustavo Petro (Colombia), Xiomara Castro (Honduras), Ralph Gonsalves (San Vicente y las Granadinas) y el primer ministro Juan Antonio Brice\u00f1o (B\u00e9lice).<\/p>\n\n\n\n<p>&nbsp;&nbsp; El jefe de Estado anticip\u00f3 que los mandatarios de regi\u00f3n quedaron en mantener &#8220;un encuentro presencial en mayo en M\u00e9xico para trabajar todos juntos en estos temas&#8221; que a todos los ata\u00f1en.<\/p>\n\n\n\n<p>&nbsp;&nbsp; Adem\u00e1s, indic\u00f3 que sumaron a pedido de Boric el abordaje de la &#8220;crisis clim\u00e1tica&#8221; y destac\u00f3 que &#8220;la Argentina viene soportando la mayor sequ\u00eda desde 1929, con repercusiones econ\u00f3micas muy negativas&#8221;.<\/p>\n\n\n\n<p>&nbsp;&nbsp; Seg\u00fan supo NA por fuentes diplom\u00e1ticas, durante la reuni\u00f3n virtual &#8220;los pa\u00edses compartieron la preocupaci\u00f3n respecto del impacto de la suba de precios en la poblaci\u00f3n de menores ingresos principalmente por el aumento en la canasta b\u00e1sica familiar de alimentos&#8221;.<\/p>\n\n\n\n<p>&nbsp;&nbsp; Asimismo, acordaron conformar un Grupo de Trabajo T\u00e9cnico para identificar facilidades comerciales, as\u00ed como medidas log\u00edsticas y financieras, que permitan &#8220;impulsar el comercio regional de productos de la canasta b\u00e1sica y bienes intermedios, como mecanismos para combatir la inseguridad alimentaria y estimular la producci\u00f3n regional de alimentos&#8221;. .<\/p>\n\n\n\n<p>&nbsp;&nbsp; En ese marco, Alberto Fern\u00e1ndez expres\u00f3 &#8220;la disposici\u00f3n de la Argentina como proveedor confiable de alimentos de calidad y de tecnolog\u00edas aplicadas a la producci\u00f3n agr\u00edcola-ganadera&#8221;, al igual que &#8220;la voluntad de fortalecer las cadenas regionales de valor para garantizar la seguridad alimentaria regional&#8221;.<\/p>\n\n\n\n<p>&nbsp;&nbsp; &#8220;El Presidente argentino tambi\u00e9n subray\u00f3 el impacto negativo provocado por el incremento de la tasa de inter\u00e9s internacional sobre los pa\u00edses en desarrollo, producto del doble efecto provocado por la reversi\u00f3n de capitales y por el incremento en el costo del endeudamiento&#8221;, detallaron.<\/p>\n\n\n\n<p>&nbsp;&nbsp; En ese contexto, la Argentina llam\u00f3 la atenci\u00f3n sobre &#8220;la necesidad de contar con financiamiento imprescindible para mejorar la infraestructura f\u00edsica, para aumentar la competitividad y para incorporar nuevas tecnolog\u00edas productivas que tengan menor impacto sobre el medio ambiente&#8221;.<\/p>\n\n\n\n<p>&nbsp;&nbsp; &#8220;Las y los participantes manifestaron su inter\u00e9s por ampliar la convocatoria a todos los pa\u00edses de la regi\u00f3n&#8221;, se\u00f1alaron fuentes al tanto de lo conversado en el zoom.<\/p>\n","protected":false},"excerpt":{"rendered":"<p>El presidente Alberto Fern\u00e1ndez particip\u00f3&nbsp; de un encuentro virtual con mandatarios de la regi\u00f3n para buscar el modo de combatir &#8220;los problemas inflacionarios&#8221; de manera conjunta, una iniciativa impulsada por&hellip; <\/p>\n","protected":false},"author":2,"featured_media":21389,"comment_status":"closed","ping_status":"open","sticky":false,"template":"","format":"standard","meta":{"footnotes":""},"categories":[20],"tags":[],"class_list":["post-21388","post","type-post","status-publish","format-standard","has-post-thumbnail","hentry","category-politica"],"_links":{"self":[{"href":"https:\/\/eenergetica.com.ar\/index.php\/wp-json\/wp\/v2\/posts\/21388","targetHints":{"allow":["GET"]}}],"collection":[{"href":"https:\/\/eenergetica.com.ar\/index.php\/wp-json\/wp\/v2\/posts"}],"about":[{"href":"https:\/\/eenergetica.com.ar\/index.php\/wp-json\/wp\/v2\/types\/post"}],"author":[{"embeddable":true,"href":"https:\/\/eenergetica.com.ar\/index.php\/wp-json\/wp\/v2\/users\/2"}],"replies":[{"embeddable":true,"href":"https:\/\/eenergetica.com.ar\/index.php\/wp-json\/wp\/v2\/comments?post=21388"}],"version-history":[{"count":1,"href":"https:\/\/eenergetica.com.ar\/index.php\/wp-json\/wp\/v2\/posts\/21388\/revisions"}],"predecessor-version":[{"id":21390,"href":"https:\/\/eenergetica.com.ar\/index.php\/wp-json\/wp\/v2\/posts\/21388\/revisions\/21390"}],"wp:featuredmedia":[{"embeddable":true,"href":"https:\/\/eenergetica.com.ar\/index.php\/wp-json\/wp\/v2\/media\/21389"}],"wp:attachment":[{"href":"https:\/\/eenergetica.com.ar\/index.php\/wp-json\/wp\/v2\/media?parent=21388"}],"wp:term":[{"taxonomy":"category","embeddable":true,"href":"https:\/\/eenergetica.com.ar\/index.php\/wp-json\/wp\/v2\/categories?post=21388"},{"taxonomy":"post_tag","embeddable":true,"href":"https:\/\/eenergetica.com.ar\/index.php\/wp-json\/wp\/v2\/tags?post=21388"}],"curies":[{"name":"wp","href":"https:\/\/api.w.org\/{rel}","templated":true}]}}