{"id":21385,"date":"2023-04-06T15:22:10","date_gmt":"2023-04-06T18:22:10","guid":{"rendered":"http:\/\/eenergetica.com.ar\/?p=21385"},"modified":"2023-04-06T15:22:11","modified_gmt":"2023-04-06T18:22:11","slug":"detuvieron-a-la-lider-del-sindicato-de-trabajadoras-sexuales-mientras-defendia-a-una-mujer-trans","status":"publish","type":"post","link":"https:\/\/eenergetica.com.ar\/index.php\/2023\/04\/06\/detuvieron-a-la-lider-del-sindicato-de-trabajadoras-sexuales-mientras-defendia-a-una-mujer-trans\/","title":{"rendered":"DETUVIERON A LA L\u00cdDER DEL SINDICATO DE TRABAJADORAS SEXUALES MIENTRAS DEFEND\u00cdA A UNA MUJER TRANS"},"content":{"rendered":"\n<p><strong>La secretaria general de la Asociaci\u00f3n de Mujeres Meretrices de Argentina (AMMAR), Georgina Orellano, fue detenida mientras defend\u00eda a una mujer trans &#8220;que no quer\u00eda que polic\u00edas le quitaran su dinero&#8221;.<\/strong><\/p>\n\n\n\n<p>&nbsp; &nbsp;La dirigente sindical intervino en un operativo de efectivos la Polic\u00eda de la Ciudad, quienes hab\u00edan abordado a una trabajadora sexual.<\/p>\n\n\n\n<p>&nbsp;&nbsp; Seg\u00fan public\u00f3 la diputada nacional y referente del Movimiento de Trabajadores Excluidos (MTE) Natalia Zaracho, &#8220;la Polic\u00eda estaba golpeando a una compa\u00f1era trans&#8221;.<\/p>\n\n\n\n<p>&nbsp;&nbsp; &#8220;Fue detenida mientras ayudaba a una compa\u00f1era que no quer\u00eda que polic\u00edas le quitaran su dinero&#8221;, public\u00f3 la cuenta de Twitter del portal Emergentes Medio en un mensaje que fue retuiteado por la propia Orellano.<br>&nbsp;&nbsp; Ante la detenci\u00f3n, producida en las \u00faltimas horas de la noche del mi\u00e9rcoles, Zaracho reclam\u00f3 &#8220;su inmediata liberaci\u00f3n&#8221; y expres\u00f3: &#8220;Basta de atropellos de la Polic\u00eda y de violencia institucional&#8221;.<\/p>\n\n\n\n<p>&nbsp;&nbsp; La l\u00edder de AMMAR fue trasladada a la sede de la Comisar\u00eda Vecinal 1-C, ubicada en Avenida San Juan 1.757, en el barrio porte\u00f1o de San Crist\u00f3bal.<\/p>\n\n\n\n<p>&nbsp;&nbsp; Luego de su traslado, un grupo de trabajadoras sexuales realizaron una protesta, con corte de tr\u00e1nsito incluido, en la esquina de Avenida San Juan y Sol\u00eds.<\/p>\n\n\n\n<p>FOTO AMMAR&nbsp;<\/p>\n","protected":false},"excerpt":{"rendered":"<p>La secretaria general de la Asociaci\u00f3n de Mujeres Meretrices de Argentina (AMMAR), Georgina Orellano, fue detenida mientras defend\u00eda a una mujer trans &#8220;que no quer\u00eda que polic\u00edas le quitaran su&hellip; <\/p>\n","protected":false},"author":2,"featured_media":21386,"comment_status":"closed","ping_status":"open","sticky":false,"template":"","format":"standard","meta":{"footnotes":""},"categories":[22],"tags":[],"class_list":["post-21385","post","type-post","status-publish","format-standard","has-post-thumbnail","hentry","category-sociedad"],"_links":{"self":[{"href":"https:\/\/eenergetica.com.ar\/index.php\/wp-json\/wp\/v2\/posts\/21385","targetHints":{"allow":["GET"]}}],"collection":[{"href":"https:\/\/eenergetica.com.ar\/index.php\/wp-json\/wp\/v2\/posts"}],"about":[{"href":"https:\/\/eenergetica.com.ar\/index.php\/wp-json\/wp\/v2\/types\/post"}],"author":[{"embeddable":true,"href":"https:\/\/eenergetica.com.ar\/index.php\/wp-json\/wp\/v2\/users\/2"}],"replies":[{"embeddable":true,"href":"https:\/\/eenergetica.com.ar\/index.php\/wp-json\/wp\/v2\/comments?post=21385"}],"version-history":[{"count":1,"href":"https:\/\/eenergetica.com.ar\/index.php\/wp-json\/wp\/v2\/posts\/21385\/revisions"}],"predecessor-version":[{"id":21387,"href":"https:\/\/eenergetica.com.ar\/index.php\/wp-json\/wp\/v2\/posts\/21385\/revisions\/21387"}],"wp:featuredmedia":[{"embeddable":true,"href":"https:\/\/eenergetica.com.ar\/index.php\/wp-json\/wp\/v2\/media\/21386"}],"wp:attachment":[{"href":"https:\/\/eenergetica.com.ar\/index.php\/wp-json\/wp\/v2\/media?parent=21385"}],"wp:term":[{"taxonomy":"category","embeddable":true,"href":"https:\/\/eenergetica.com.ar\/index.php\/wp-json\/wp\/v2\/categories?post=21385"},{"taxonomy":"post_tag","embeddable":true,"href":"https:\/\/eenergetica.com.ar\/index.php\/wp-json\/wp\/v2\/tags?post=21385"}],"curies":[{"name":"wp","href":"https:\/\/api.w.org\/{rel}","templated":true}]}}